{"id":653147,"date":"2026-07-11T16:56:12","date_gmt":"2026-07-11T16:56:12","guid":{"rendered":"https:\/\/www.europesays.com\/es\/653147\/"},"modified":"2026-07-11T16:56:12","modified_gmt":"2026-07-11T16:56:12","slug":"tour-de-francia-radej-pogacar-si-quitas-el-calor-este-es-el-tour-que-mas-me-esta-gustando-esciclismo","status":"publish","type":"post","link":"https:\/\/www.europesays.com\/es\/653147\/","title":{"rendered":"Tour de Francia: Radej Pogacar: &quot;Si quitas el calor, este es el Tour que m\u00e1s me est\u00e1 gustando&quot; &#8211; Esciclismo"},"content":{"rendered":"<ol>\n<li><a href=\"https:\/\/news.google.com\/rss\/articles\/CBMiakFVX3lxTE44MWhhNW1hZ1g0VWROd0lBMjcyallNSjJpZjZkUlF0Q0w0MmNFVjhBc1RaWEtxVGY3RnBuTzVxa0ZxNkwzRXBhNFc2NEJTRTBVOHM0UExDWGR1MndyU0dLdHhpU2M3dlJHb1E?oc=5\" target=\"_blank\" rel=\"nofollow noopener\">Tour de Francia: Radej Pogacar: \u00abSi quitas el calor, este es el Tour que m\u00e1s me est\u00e1 gustando\u00bb<\/a>&nbsp;&nbsp;Esciclismo<\/li>\n<li><a href=\"https:\/\/news.google.com\/rss\/articles\/CBMi-AFBVV95cUxQUG95X2RWd3BWUGpaTEZ2TDY3eUlDcGhtbnZINWdCQXRSYnp6NTdsLURhdGNPa213dUh3UHB0UHpxbWVheTRjdVhjbE5RVVEtbWhPVGdpcEh5bWtYaWlVZUlBczVScVdLWU92b3lETzl3WVJqNWZJNms3bExGZFBmZ19WWG1FYm1NQjd3emV5OGFjcXhSMVlYcDJlMEladUJ5SG1fRi1mYWk0RDJwai12eE9IQkJnSHdrZC1pSWFuRWppNXM3dWFRM0MwNXdicTBKRl9zUDRfLV95WEVNaGFBZXFqZG9LT2VYcU5Ha1RXbnc1WG1qS0xreNIB_gFBVV95cUxQdEdHcXJqbTY5WFhzTlktc3ZXN1J5Q3lmUjFtUVRHYjMxbjM0MDhFWEwwLVZRM1RON255ZzNBZGtPdVNMeTBzU0JTeUI3TkhrZERRRElNdWRDdXp4TklQMEZmYVFkV1R3QjRTWWNPcjgxVE1VcWhlLWxoaFI4U0RiQnI2MkpYazh2ZkNFMWdQdTdRdG9rLTdaZGEwTFA2VzdCaDEwcnBaZFUwdlZGOU5VWDMtVXgzN0FQdGtXYlRWRGNieFJ2cVV0UFlxaGhSTjZMYzNFWDZHRDZmY3pWdHZ3WEpyTUJ0YmNXMVppN2NpcU1xbFRrS1NvTWRxY0J2Zw?oc=5\" target=\"_blank\" rel=\"nofollow noopener\">Pogacar: \u00abEste Tour es un infierno de calor y mi cuerpo est\u00e1 m\u00e1s fr\u00edo que nunca\u00bb<\/a>&nbsp;&nbsp;sportlife.es<\/li>\n<li><a href=\"https:\/\/news.google.com\/rss\/articles\/CBMingFBVV95cUxNd3hfZTQ3UDZXM2JSc0g3Q0htU0RnbU9fTGZxXzRKRUt2MnJWeENRZzQ3ekx5R1dFaGtfcEFCVG9qcUljLXVYak1fbm5xWWJmd1E0X1p5TjVSMnM1SnpsUVZYQjBQaTZKUzMwbFBNY3ZmZFhxU2w5LUV4Rk5aQVEtdDIxakNlNzhXOWRScnN2a2MzWUU4TzdMQW1ZSnBRQQ?oc=5\" target=\"_blank\" rel=\"nofollow noopener\">Poga\u010dar domina el calor: la estrategia que lo hace imbatible.<\/a>&nbsp;&nbsp;FantaCycling<\/li>\n<li><a href=\"https:\/\/news.google.com\/rss\/articles\/CBMiiwFBVV95cUxOT3ZzSEdTWVAtMERmblk4dkpORDQyc1RIcnkyRjhvLWpsRFZGRHdSNUxjTVdTWkQzV1RLVkYwc3JVQVZGbElGY2dmMXljQkowcWNNSjl5dFU5UXZ4al8wbWhiTkhUU0V2Q2YydUpWYUVzckd6ZEw2NHpPZFgtYjd3b08zcTRVbmlCdE1N0gGQAUFVX3lxTFBCVk16QVhabnBrWmRlNDdXdDdkQjZoMU5IODk1WDZtQjhWbmIyVExkMFcxRXhJbGYwa3Y3bDI5MU1PREZGZXdFZzh3SXBWNExqeTF6S0VUNnlqejR4QVFFQWpMTEtYQ3hkYUUwZ0FmeTRxZXE1T0FwMjYtLVEwTW5zR2YyTlpESVN1NHFpMlhLNg?oc=5\" target=\"_blank\" rel=\"nofollow noopener\">El calor dispara a Pogacar<\/a>&nbsp;&nbsp;Deia<\/li>\n<li><a href=\"https:\/\/news.google.com\/rss\/articles\/CBMixgFBVV95cUxNNGdfODM1RVFOZVcyR2tpNmlmTHVZZW9HVlZMcm5WenlGQTNJZGpjR21GN0Y3SFdLUml3bzA1dzl2ZURnQmhEWEpLN3JaV1dTLWZjTWlFUFhVRmlBSjZrTjJ6ZXRtVHBGSmRFdzRhU0tONmxRV0xBUDZuUHM0OTh3MHJaWVRRR2owNFg0MTI3cEo3WVc2YjAtS0pIZjhPTVI3LWY1QVZ5SWZiNzFsZ2ZwYm5qTFUzVEVmb0hCM0xIaHNHUmxocVE?oc=5\" target=\"_blank\" rel=\"nofollow noopener\">Desde avena y arroz hasta galletas de chocolate: as\u00ed es el desayuno de Tadej Pogacar antes de una etapa del Tour de Francia<\/a>&nbsp;&nbsp;El Confidencial<\/li>\n<\/ol>\n","protected":false},"excerpt":{"rendered":"Tour de Francia: Radej Pogacar: \u00abSi quitas el calor, este es el Tour que m\u00e1s me est\u00e1 gustando\u00bb&nbsp;&nbsp;Esciclismo&hellip;\n","protected":false},"author":2,"featured_media":653148,"comment_status":"","ping_status":"","sticky":false,"template":"","format":"standard","meta":{"footnotes":""},"categories":[273],"tags":[48965,210,14649,4922,4860,313,1757,119730,312,168,11956,2197,158,551,25,3871,24,874,16900,317,8471,3956,119729,21440,5564,11531,1179,549,119731,15384,37273,773,48832,23,167,4453,548,316,550,1261,552],"class_list":["post-653147","post","type-post","status-publish","format-standard","has-post-thumbnail","category-ciclismo","tag-aseguro","tag-barcelona","tag-bien","tag-calor","tag-carrera","tag-ciclismo","tag-ciclista","tag-comenzamos","tag-cycling","tag-deportes","tag-desde","tag-edicion","tag-el","tag-emirates","tag-es","tag-esloveno","tag-espana","tag-esta","tag-favorito","tag-francia","tag-fuera","tag-gran","tag-gustando","tag-hace","tag-lider","tag-marcando","tag-mas","tag-pogacar","tag-pue","tag-quinta","tag-saliendo","tag-semana","tag-siendo","tag-spain","tag-sports","tag-sumar","tag-tadej","tag-tour","tag-uae","tag-victoria","tag-xrg"],"share_on_mastodon":{"url":"https:\/\/pubeurope.com\/@es\/116902401347434533","error":""},"_links":{"self":[{"href":"https:\/\/www.europesays.com\/es\/wp-json\/wp\/v2\/posts\/653147","targetHints":{"allow":["GET"]}}],"collection":[{"href":"https:\/\/www.europesays.com\/es\/wp-json\/wp\/v2\/posts"}],"about":[{"href":"https:\/\/www.europesays.com\/es\/wp-json\/wp\/v2\/types\/post"}],"author":[{"embeddable":true,"href":"https:\/\/www.europesays.com\/es\/wp-json\/wp\/v2\/users\/2"}],"replies":[{"embeddable":true,"href":"https:\/\/www.europesays.com\/es\/wp-json\/wp\/v2\/comments?post=653147"}],"version-history":[{"count":0,"href":"https:\/\/www.europesays.com\/es\/wp-json\/wp\/v2\/posts\/653147\/revisions"}],"wp:featuredmedia":[{"embeddable":true,"href":"https:\/\/www.europesays.com\/es\/wp-json\/wp\/v2\/media\/653148"}],"wp:attachment":[{"href":"https:\/\/www.europesays.com\/es\/wp-json\/wp\/v2\/media?parent=653147"}],"wp:term":[{"taxonomy":"category","embeddable":true,"href":"https:\/\/www.europesays.com\/es\/wp-json\/wp\/v2\/categories?post=653147"},{"taxonomy":"post_tag","embeddable":true,"href":"https:\/\/www.europesays.com\/es\/wp-json\/wp\/v2\/tags?post=653147"}],"curies":[{"name":"wp","href":"https:\/\/api.w.org\/{rel}","templated":true}]}}