{"id":653279,"date":"2026-07-11T18:56:25","date_gmt":"2026-07-11T18:56:25","guid":{"rendered":"https:\/\/www.europesays.com\/es\/653279\/"},"modified":"2026-07-11T18:56:25","modified_gmt":"2026-07-11T18:56:25","slug":"discreto-partido-de-aday-mara-ante-los-lakers-en-el-torneo-de-verano-de-las-vegas","status":"publish","type":"post","link":"https:\/\/www.europesays.com\/es\/653279\/","title":{"rendered":"Discreto partido de Aday Mara ante los Lakers en el torneo de verano de Las Vegas"},"content":{"rendered":"<p class=\"c-paragraph\">El estreno de Aday Mara en la liga de verano de Las Vegas no fue el so\u00f1ado. Todo lo contrario,<b> el prometedor p\u00edvot aragon\u00e9s sufri\u00f3 m\u00e1s de la cuenta sobre la cancha en el duelo contra Los \u00c1ngeles Lakers<\/b>, a pesar de que -una vez m\u00e1s- volvi\u00f3 a ser titular en las filas de los Oklahoma City Thunders. <b>Su equipo perdi\u00f3 contra la franquicia californiana por 84-96<\/b> y Mara tuvo una discret\u00edsima actuaci\u00f3n, con apenas dos puntos y ning\u00fan tiro de campo convertido.<\/p>\n<p class=\"c-paragraph\">El excanterano del Casademont, que <a href=\"https:\/\/www.heraldo.es\/noticias\/deportes\/2026\/06\/24\/aday-mara-jugara-oklahoma-city-thunder-tras-ser-elegido-numero-12-draft-nba-2031648.html\" title=\"Aday Mara jugar\u00e1 en los Oklahoma City Thunder tras ser elegido en el n\u00famero 12 del draft de la NBA\" rel=\"nofollow noopener\" target=\"_blank\">recientemente fue n\u00famero 12 del draft de la NBA, a\u00fan no ha ganado ning\u00fan partido con los Thunders<\/a>, dado que en el torneo de Salt Lake City de la semana pasada todo fueron derrotas para su equipo. Hay que advertir que son partidos en los que no participan las primeras espadas de los equipos y, por tanto, apenas sirven para tratar de ver c\u00f3mo encajan las nuevas piezas -los rookies y fichajes- de cara a una temporada que no comenzar\u00e1 hasta el mes de noviembre.<\/p>\n<p class=\"c-paragraph\">Contra los Lakers, <b>Mara estuvo 25 minutos sobre el parqu\u00e9 y apenas logr\u00f3 dos puntos desde el tiro libre. Fall\u00f3 sus tres intentos de canasta y, adem\u00e1s, perdi\u00f3 tres balones. <\/b>S\u00ed fue importante en la labor reboteadora de los OKC, dado que <b>cogi\u00f3 siete capturas y, tambi\u00e9n, protegi\u00f3 bien el aro poniendo dos tapones gracias a sus 2,21 metros de altura.<\/b> En su concurso, Mara apenas pudo dar una asistencia y se le vio algo m\u00e1s descentrado que en sus anteriores partidos con Oklahoma, en los que s\u00ed particip\u00f3 m\u00e1s en el juego colectivo.<\/p>\n<p class=\"c-paragraph\">En las pr\u00f3ximas horas, el joven aragon\u00e9s tendr\u00e1 oportunidad de resarcirse, dado que la Summer League de Las Vegas no se detiene y<b> su equipo disputar\u00e1 en la madrugada del domingo un nuevo amistoso contra Golden State Warriors.\u00a0<\/b><\/p>\n","protected":false},"excerpt":{"rendered":"El estreno de Aday Mara en la liga de verano de Las Vegas no fue el so\u00f1ado. Todo&hellip;\n","protected":false},"author":2,"featured_media":653280,"comment_status":"","ping_status":"","sticky":false,"template":"","format":"standard","meta":{"footnotes":""},"categories":[269],"tags":[69214,1575,299,298,168,6830,25,24,55384,1045,23,167],"class_list":["post-653279","post","type-post","status-publish","format-standard","has-post-thumbnail","category-baloncesto","tag-aday","tag-ante","tag-baloncesto","tag-basketball","tag-deportes","tag-discreto","tag-es","tag-espana","tag-mara","tag-partido","tag-spain","tag-sports"],"share_on_mastodon":{"url":"https:\/\/pubeurope.com\/@es\/116902873457330545","error":""},"_links":{"self":[{"href":"https:\/\/www.europesays.com\/es\/wp-json\/wp\/v2\/posts\/653279","targetHints":{"allow":["GET"]}}],"collection":[{"href":"https:\/\/www.europesays.com\/es\/wp-json\/wp\/v2\/posts"}],"about":[{"href":"https:\/\/www.europesays.com\/es\/wp-json\/wp\/v2\/types\/post"}],"author":[{"embeddable":true,"href":"https:\/\/www.europesays.com\/es\/wp-json\/wp\/v2\/users\/2"}],"replies":[{"embeddable":true,"href":"https:\/\/www.europesays.com\/es\/wp-json\/wp\/v2\/comments?post=653279"}],"version-history":[{"count":0,"href":"https:\/\/www.europesays.com\/es\/wp-json\/wp\/v2\/posts\/653279\/revisions"}],"wp:featuredmedia":[{"embeddable":true,"href":"https:\/\/www.europesays.com\/es\/wp-json\/wp\/v2\/media\/653280"}],"wp:attachment":[{"href":"https:\/\/www.europesays.com\/es\/wp-json\/wp\/v2\/media?parent=653279"}],"wp:term":[{"taxonomy":"category","embeddable":true,"href":"https:\/\/www.europesays.com\/es\/wp-json\/wp\/v2\/categories?post=653279"},{"taxonomy":"post_tag","embeddable":true,"href":"https:\/\/www.europesays.com\/es\/wp-json\/wp\/v2\/tags?post=653279"}],"curies":[{"name":"wp","href":"https:\/\/api.w.org\/{rel}","templated":true}]}}