{"id":65328,"date":"2025-08-22T19:21:09","date_gmt":"2025-08-22T19:21:09","guid":{"rendered":"https:\/\/www.europesays.com\/es\/65328\/"},"modified":"2025-08-22T19:21:09","modified_gmt":"2025-08-22T19:21:09","slug":"la-cantante-mallabitarra-izaro-recibe-el-premio-bocinera-de-honor-25","status":"publish","type":"post","link":"https:\/\/www.europesays.com\/es\/65328\/","title":{"rendered":"La cantante mallabitarra Izaro recibe el premio \u201cBocinera de honor 25\u201d"},"content":{"rendered":"<p>\n        La cantante mallabitarra Izaro esta de nuevo de enhorabuena al recibir esta semana, coincidiendo con la Aste Nagusia de Bilbao, una nueva distinci\u00f3n en su carrera musical. En esta ocasi\u00f3n recog\u00eda el pasado jueves de manos de la presidenta de las Juntas Generales de Bizkaia, la elorriarra Ana Otadui, el reconocimiento de \u201cBocinera de Honor 2025\u201d.\u00a0\n<\/p>\n<p class=\"article-body__text \">\n        Se trata de una distinci\u00f3n que se comenz\u00f3 a entregar el a\u00f1o pasado por primera vez, -en 2024 fue para el Athletic Club por ser Campeones de la Copa del Rey, su vig\u00e9simo quinto t\u00edtulo en el campeonato de Copa tras 40 a\u00f1os despu\u00e9s del anterior. &#8211; y que <strong>reconoce el trabajo realizado por una figura o club del territorio vizcaino.<\/strong> En esta ocasi\u00f3n, este a\u00f1o 2025, se ha querido reconocer a Izaro, por su trayectoria personal o profesional.\n<\/p>\n<p class=\"article-body__text \">\n        Este premio es una distinci\u00f3n otorgada por las Juntas Generales de <a href=\"https:\/\/www.deia.eus\/tags\/bizkaia\/\" title=\"Bizkaia\" target=\"_blank\" class=\"link copy\" rel=\"nofollow noopener\">Bizkaia<\/a> y Radio Popular-Herri Irratia.\u00a0Este a\u00f1o, la cantante mallabitarra ha sido galardonada, sum\u00e1ndose a la lista de personas reconocidas por su aportaci\u00f3n al territorio y su vinculaci\u00f3n con Bizkaia.\u00a0\n<\/p>\n<p>  En julio<\/p>\n<p class=\"article-body__text \">\n        Adem\u00e1s de este reconocimiento, el pasado mes de julio la Elecci\u00f3n Interna 2026 de Eurovision-Spain coronaba tambi\u00e9n a la cantante mallabiatrra (ft. Baiuca &amp; Oreka Tx) y su \u2018Xorieri\u2019 como cabeza de cartel. Finalmente, La canci\u00f3n lograba recuperar el ranking en el \u00faltimo minuto y se convert\u00eda en la ganadora de la decimosexta edici\u00f3n del macrosondeo gracias al consenso cosechado entre los lectores<\/p>\n","protected":false},"excerpt":{"rendered":"La cantante mallabitarra Izaro esta de nuevo de enhorabuena al recibir esta semana, coincidiendo con la Aste Nagusia&hellip;\n","protected":false},"author":2,"featured_media":65329,"comment_status":"","ping_status":"","sticky":false,"template":"","format":"standard","meta":{"footnotes":""},"categories":[170],"tags":[4328,146,147,25,24,26587,26586,184,185,843,3684,23],"class_list":{"0":"post-65328","1":"post","2":"type-post","3":"status-publish","4":"format-standard","5":"has-post-thumbnail","7":"category-musica","8":"tag-cantante","9":"tag-entertainment","10":"tag-entretenimiento","11":"tag-es","12":"tag-espana","13":"tag-izaro","14":"tag-mallabitarra","15":"tag-music","16":"tag-musica","17":"tag-premio","18":"tag-recibe","19":"tag-spain"},"share_on_mastodon":{"url":"","error":""},"_links":{"self":[{"href":"https:\/\/www.europesays.com\/es\/wp-json\/wp\/v2\/posts\/65328","targetHints":{"allow":["GET"]}}],"collection":[{"href":"https:\/\/www.europesays.com\/es\/wp-json\/wp\/v2\/posts"}],"about":[{"href":"https:\/\/www.europesays.com\/es\/wp-json\/wp\/v2\/types\/post"}],"author":[{"embeddable":true,"href":"https:\/\/www.europesays.com\/es\/wp-json\/wp\/v2\/users\/2"}],"replies":[{"embeddable":true,"href":"https:\/\/www.europesays.com\/es\/wp-json\/wp\/v2\/comments?post=65328"}],"version-history":[{"count":0,"href":"https:\/\/www.europesays.com\/es\/wp-json\/wp\/v2\/posts\/65328\/revisions"}],"wp:featuredmedia":[{"embeddable":true,"href":"https:\/\/www.europesays.com\/es\/wp-json\/wp\/v2\/media\/65329"}],"wp:attachment":[{"href":"https:\/\/www.europesays.com\/es\/wp-json\/wp\/v2\/media?parent=65328"}],"wp:term":[{"taxonomy":"category","embeddable":true,"href":"https:\/\/www.europesays.com\/es\/wp-json\/wp\/v2\/categories?post=65328"},{"taxonomy":"post_tag","embeddable":true,"href":"https:\/\/www.europesays.com\/es\/wp-json\/wp\/v2\/tags?post=65328"}],"curies":[{"name":"wp","href":"https:\/\/api.w.org\/{rel}","templated":true}]}}