{"id":653452,"date":"2026-07-11T21:48:18","date_gmt":"2026-07-11T21:48:18","guid":{"rendered":"https:\/\/www.europesays.com\/es\/653452\/"},"modified":"2026-07-11T21:48:18","modified_gmt":"2026-07-11T21:48:18","slug":"criticas-a-courtois-tras-su-declaracion-sobre-su-cambio-en-los-cuartos-de-final-del-mundial-2026-tiro-a-su-entrenador-bajo-el-bus-futbol","status":"publish","type":"post","link":"https:\/\/www.europesays.com\/es\/653452\/","title":{"rendered":"Cr\u00edticas a Courtois tras su declaraci\u00f3n sobre su cambio en los cuartos de final del Mundial 2026: \u00abTir\u00f3 a su entrenador bajo el bus\u00bb | F\u00fatbol"},"content":{"rendered":"<p>Thibaut Courtois fue uno de los protagonistas en el duelo de <a href=\"https:\/\/cadenaser.com\/nacional\/2026\/07\/10\/espana-2-1-belgica-resumen-resultado-y-goles-del-partido-de-cuartos-de-final-del-mundial-2026-cadena-ser\/\" target=\"_blank\" rel=\"noreferrer nofollow noopener\" title=\"https:\/\/cadenaser.com\/nacional\/2026\/07\/10\/espana-2-1-belgica-resumen-resultado-y-goles-del-partido-de-cuartos-de-final-del-mundial-2026-cadena-ser\/\">cuartos de final del Mundial 2026 entre Espa\u00f1a y B\u00e9lgica<\/a>. Y es que dejando de lado la victoria en los \u00faltimos minutos de la selecci\u00f3n dirigida por Luis de la Fuente, y el olfato de gol de Mikel Merino,<a href=\"https:\/\/cadenaser.com\/nacional\/2026\/07\/10\/courtois-se-marcha-entre-lagrimas-tras-lesionarse-en-el-partido-frente-a-espana-cadena-ser\/\" target=\"_blank\" rel=\"noreferrer nofollow noopener\" title=\"https:\/\/cadenaser.com\/nacional\/2026\/07\/10\/courtois-se-marcha-entre-lagrimas-tras-lesionarse-en-el-partido-frente-a-espana-cadena-ser\/\"> el guardameta belga fue sustituido en el 71&#8242; por lesi\u00f3n<\/a>. Unas molestias en el isquio hicieron que el gigante belga fuera al suelo para pedir atenci\u00f3n m\u00e9dica y desencadenara en su cambio y en una decisi\u00f3n que cambiar\u00eda la eliminatoria. <\/p>\n<p>M\u00e1s informaci\u00f3n<\/p>\n<p>Courtois tras la derrota por 2-1 frente a Espa\u00f1a dijo en el post partido en DAZN lo siguiente: \u00abEstoy un poco jodido, pero bueno. En un golpeo largo sent\u00ed algo sin m\u00e1s, pens\u00e9 que el isquio estaba cargado porque llevaba 30 balones en largo. En alguna parada lo notaba un poco y en otro golpeo en largo sent\u00ed que iba a m\u00e1s, me sent\u00e9 un momento para que lo viera el m\u00e9dico\u00bb. <\/p>\n<p>A esto a\u00f1adio que si hubiera sido por \u00e9l, hubiera seguido, \u00abpero no pod\u00eda golpear y el m\u00edster me dijo que si no estaba al 100% me cambiaba. Yo dije que estaba mal, que no pod\u00eda pegar en largo pero quer\u00eda seguir a ver qu\u00e9 tal, si no ten\u00eda que pegar en largo podr\u00eda seguir, pero no pasa nada, si el m\u00edster quiere alguien al 100% no pasa nada\u00bb. Dejando claro que la decisi\u00f3n fue de Rudi Garc\u00eda y no de \u00e9l. <\/p>\n<p>    <img decoding=\"async\" src=\"https:\/\/www.europesays.com\/es\/wp-content\/uploads\/2026\/07\/1783806498_685_app-ser-4.png\" alt=\"Nueva APP de Cadena SER\" loading=\"lazy\" width=\"109\" height=\"82\"\/><\/p>\n<p>Descubre la nueva app de Cadena\u00a0SER<br \/>\n        Te ofrecemos una mejor experiencia de audio y video\n    <\/p>\n<p>    <a href=\"https:\/\/trackingcodes.prisamedia.com\/ser.html?utm_campaign=app-include-articulo&amp;utm_source=web\" class=\"p-a-fa-b\" rel=\"nofollow noopener\" target=\"_blank\">Descargar<\/a><\/p>\n<p>\u00abAlguien con su experiencia no deber\u00eda hacer eso\u00bb<\/p>\n<p>En el canal norteamericano, CBS Sports, los exfutbolistas Grella, Reo-Coker y Troy Deeney estuvieron debatiendo sobre el partido entre Espa\u00f1a y B\u00e9lgica y por supuesto tambi\u00e9n sobre las declaraciones de Courtois. Y es que los exfutbolistas coincidieron en que el belga tendr\u00eda que haber explicado de otra manera su cambio en el partido. \u00abCourtois tir\u00f3 a su entrenador bajo el autob\u00fas. No est\u00e1 bien. Alguien con su experiencia no deber\u00eda hacer eso\u00bb, dijo el propio Reo-Coker.<\/p>\n<p>Porque como a\u00f1adi\u00f3 Deeney: \u00abDecir esto tras el partido deja al entrenador en una situaci\u00f3n muy dif\u00edcil. \u00c9l dice: &#8216;yo quise quedarme y \u00e9l me sac\u00f3&#8217;. No es una gran decisi\u00f3n de un jugador de su calibre\u00bb. Al final, y como coment\u00f3 Mike Grella: \u00abCourtois fue al suelo y gener\u00f3 dudas a su entrenador. Que pasa si dice est\u00e1 bien te quedas, llega un bal\u00f3n, \u00e9l no puede esprintar y hay un gol f\u00e1cil. Deja al entrenador mal pase lo que pase. Para un jugador de su capacidad, era mejor no decir nada. Lammens estuvo bien todo el a\u00f1o y no estuvo bien ah\u00ed\u00bb.<\/p>\n","protected":false},"excerpt":{"rendered":"Thibaut Courtois fue uno de los protagonistas en el duelo de cuartos de final del Mundial 2026 entre&hellip;\n","protected":false},"author":2,"featured_media":653453,"comment_status":"","ping_status":"","sticky":false,"template":"","format":"standard","meta":{"footnotes":""},"categories":[93],"tags":[93097,168,20312,25,24,280,51598,119777,54973,60255,77640,77641,23,119778,167],"class_list":["post-653452","post","type-post","status-publish","format-standard","has-post-thumbnail","category-deportes","tag-dejected","tag-deportes","tag-disappointed","tag-es","tag-espana","tag-football","tag-football-player","tag-los-angeles-stadium","tag-professional-player","tag-professional-sport","tag-quarter-final","tag-quarter-finals","tag-spain","tag-spain-belgium","tag-sports"],"share_on_mastodon":{"url":"https:\/\/pubeurope.com\/@es\/116903550604756591","error":""},"_links":{"self":[{"href":"https:\/\/www.europesays.com\/es\/wp-json\/wp\/v2\/posts\/653452","targetHints":{"allow":["GET"]}}],"collection":[{"href":"https:\/\/www.europesays.com\/es\/wp-json\/wp\/v2\/posts"}],"about":[{"href":"https:\/\/www.europesays.com\/es\/wp-json\/wp\/v2\/types\/post"}],"author":[{"embeddable":true,"href":"https:\/\/www.europesays.com\/es\/wp-json\/wp\/v2\/users\/2"}],"replies":[{"embeddable":true,"href":"https:\/\/www.europesays.com\/es\/wp-json\/wp\/v2\/comments?post=653452"}],"version-history":[{"count":0,"href":"https:\/\/www.europesays.com\/es\/wp-json\/wp\/v2\/posts\/653452\/revisions"}],"wp:featuredmedia":[{"embeddable":true,"href":"https:\/\/www.europesays.com\/es\/wp-json\/wp\/v2\/media\/653453"}],"wp:attachment":[{"href":"https:\/\/www.europesays.com\/es\/wp-json\/wp\/v2\/media?parent=653452"}],"wp:term":[{"taxonomy":"category","embeddable":true,"href":"https:\/\/www.europesays.com\/es\/wp-json\/wp\/v2\/categories?post=653452"},{"taxonomy":"post_tag","embeddable":true,"href":"https:\/\/www.europesays.com\/es\/wp-json\/wp\/v2\/tags?post=653452"}],"curies":[{"name":"wp","href":"https:\/\/api.w.org\/{rel}","templated":true}]}}