{"id":653465,"date":"2026-07-11T22:03:32","date_gmt":"2026-07-11T22:03:32","guid":{"rendered":"https:\/\/www.europesays.com\/es\/653465\/"},"modified":"2026-07-11T22:03:32","modified_gmt":"2026-07-11T22:03:32","slug":"emir-sulejmanovic-tercer-fichaje-del-asisa-joventut-para-la-temporada-26-27","status":"publish","type":"post","link":"https:\/\/www.europesays.com\/es\/653465\/","title":{"rendered":"Emir Sulejmanovic, tercer fichaje del Asisa Joventut para la temporada 26\/27"},"content":{"rendered":"<p class=\"ft-text\">El ala-p\u00edvot bosnio <strong>Emir Sulejmanovic,<\/strong> procedente del <strong>Unicaja,<\/strong> se ha convertido en el <a class=\"ft-link ft-link--decoration\" href=\"https:\/\/www.sport.es\/es\/noticias\/baloncesto\/isaac-nogues-regresa-asisa-joventut-132260471\" rel=\"nofollow noopener\" target=\"_blank\"><strong>tercer fichaje del verano para el Asisa Joventut,<\/strong><\/a> con el que ha firmado para la pr\u00f3xima temporada, seg\u00fan inform\u00f3 el club verdinegro.<\/p>\n<p class=\"ft-text\"><strong>Sulejmanovic, de 2,05 metros y 30 a\u00f1os,<\/strong> recalar\u00e1 en Badalona tras una temporada irregular en M\u00e1laga, donde tuvo unos promedios de <strong>6,3 puntos y 4,3 rebotes por partido.<\/strong><\/p>\n<p class=\"ft-text\">Su mejor temporada en la Liga Endesa, sin embargo, fue la 2024-2025, de la mano del <strong>Casademont Zaragoza,<\/strong> donde se fue hasta los <strong>13,7 puntos y los 7,2 rebotes<\/strong> por encuentro.<\/p>\n<p class=\"ft-text\">Precisamente, tras su magn\u00edfica temporada con los aragoneses, <strong>el Asisa Joventut ya quiso ficharlo el pasado verano,<\/strong> pero la oferta a \u00faltima hora del Unicaja hizo que la operaci\u00f3n descarrilara, seg\u00fan explicaron a EFE fuentes del club catal\u00e1n.<\/p>\n<p class=\"ft-text\">El ala-p\u00edvot bosnio, que estuvo <strong>dos a\u00f1os en la cantera del Bar\u00e7a,<\/strong> cuenta como <strong>cupo de formaci\u00f3n en la Liga de Campeones de la FIBA, pero no en la Liga Endesa.<\/strong><\/p>\n<p class=\"ft-text\">La de Sulejmanovic es la tercera incorporaci\u00f3n estival de los verdinegros tras las ya anunciadas del alero<strong> \u00c1lex Reyes<\/strong> y el escolta <strong>Isaac Nogu\u00e9s.<\/strong><\/p>\n<p class=\"ft-text\">Adem\u00e1s, se espera que la pr\u00f3xima semana haya una respuesta definitiva del base argentino <strong>Nico Laprovittola,<\/strong> que cuenta desde hace d\u00edas con una oferta de la Penya, en la que ser\u00eda su vuelta al equipo que le hizo MVP de la Liga Endesa hace siete a\u00f1os.<\/p>\n<p class=\"ft-text\">Por otro lado, todos los ojos est\u00e1n tambi\u00e9n en el base <strong>Ricky Rubio,<\/strong> que se espera tambi\u00e9n que en los pr\u00f3ximos d\u00edas comunique si renueva o no con el equipo dirigido por <strong>Dani Miret.<\/strong><\/p>\n","protected":false},"excerpt":{"rendered":"El ala-p\u00edvot bosnio Emir Sulejmanovic, procedente del Unicaja, se ha convertido en el tercer fichaje del verano para&hellip;\n","protected":false},"author":2,"featured_media":653466,"comment_status":"","ping_status":"","sticky":false,"template":"","format":"standard","meta":{"footnotes":""},"categories":[269],"tags":[86503,299,298,168,119779,25,24,557,4079,23,167,24111],"class_list":["post-653465","post","type-post","status-publish","format-standard","has-post-thumbnail","category-baloncesto","tag-asisa","tag-baloncesto","tag-basketball","tag-deportes","tag-emir","tag-es","tag-espana","tag-fichaje","tag-joventut","tag-spain","tag-sports","tag-sulejmanovic"],"share_on_mastodon":{"url":"https:\/\/pubeurope.com\/@es\/116903608858154731","error":""},"_links":{"self":[{"href":"https:\/\/www.europesays.com\/es\/wp-json\/wp\/v2\/posts\/653465","targetHints":{"allow":["GET"]}}],"collection":[{"href":"https:\/\/www.europesays.com\/es\/wp-json\/wp\/v2\/posts"}],"about":[{"href":"https:\/\/www.europesays.com\/es\/wp-json\/wp\/v2\/types\/post"}],"author":[{"embeddable":true,"href":"https:\/\/www.europesays.com\/es\/wp-json\/wp\/v2\/users\/2"}],"replies":[{"embeddable":true,"href":"https:\/\/www.europesays.com\/es\/wp-json\/wp\/v2\/comments?post=653465"}],"version-history":[{"count":0,"href":"https:\/\/www.europesays.com\/es\/wp-json\/wp\/v2\/posts\/653465\/revisions"}],"wp:featuredmedia":[{"embeddable":true,"href":"https:\/\/www.europesays.com\/es\/wp-json\/wp\/v2\/media\/653466"}],"wp:attachment":[{"href":"https:\/\/www.europesays.com\/es\/wp-json\/wp\/v2\/media?parent=653465"}],"wp:term":[{"taxonomy":"category","embeddable":true,"href":"https:\/\/www.europesays.com\/es\/wp-json\/wp\/v2\/categories?post=653465"},{"taxonomy":"post_tag","embeddable":true,"href":"https:\/\/www.europesays.com\/es\/wp-json\/wp\/v2\/tags?post=653465"}],"curies":[{"name":"wp","href":"https:\/\/api.w.org\/{rel}","templated":true}]}}