{"id":653502,"date":"2026-07-11T22:40:19","date_gmt":"2026-07-11T22:40:19","guid":{"rendered":"https:\/\/www.europesays.com\/es\/653502\/"},"modified":"2026-07-11T22:40:19","modified_gmt":"2026-07-11T22:40:19","slug":"la-generalitat-lanza-una-campana-de-inspecciones-de-gafas-de-observacion-solar-por-el-eclipse-total","status":"publish","type":"post","link":"https:\/\/www.europesays.com\/es\/653502\/","title":{"rendered":"La Generalitat lanza una campa\u00f1a de inspecciones de gafas de observaci\u00f3n solar por el eclipse total"},"content":{"rendered":"<p class=\"ft-text ft-helper-closenews\">La Direcci\u00f3n General de Comercio, Artesan\u00eda y Consumo ha lanzado una\u00a0campa\u00f1a\u00a0de\u00a0inspecciones\u00a0sobre la comercializaci\u00f3n de <strong>gafas solares<\/strong> con motivo del <strong>eclipse total <\/strong>previsto para el pr\u00f3ximo 12 de agosto y que tendr\u00e1 los mejores puntos de observaci\u00f3n en las comarcas del norte de la Comunitat\u00a0Valenciana.<\/p>\n<p class=\"ft-text\">La iniciativa, que se enmarca en el Plan de Gesti\u00f3n del Eclipse impulsado por el Consell, se lleva a cabo en coordinaci\u00f3n con la Administraci\u00f3n General del Estado y otras seis\u00a0comunidades\u00a0aut\u00f3nomas. Adem\u00e1s, se ha puesto tambi\u00e9n en conocimiento de las asociaciones de personas consumidoras, de comerciantes, a las C\u00e1maras de Comercio y a la Federaci\u00f3n\u00a0Valenciana\u00a0de Municipios y Provincias (FVMP).<\/p>\n<p class=\"ft-text\">Con el fin de prevenir riesgos para la salud debido a la elevada radiaci\u00f3n que el sol emite en distintas longitudes de onda, el pasado mes de mayo ya se llevaron a cabo las primeras\u00a0inspecciones\u00a0que incluyeron la toma de muestra de productos para su an\u00e1lisis, recuerda la\u00a0Generalitat\u00a0en un comunicado.<\/p>\n<p class=\"ft-text\">Como complemento a dichas actuaciones, durante este mes de julio se desarrollar\u00e1 una nueva\u00a0campa\u00f1a\u00a0de\u00a0inspecci\u00f3n, con m\u00e1s actuaciones inspectoras dirigidas a verificar que las gafas de observaci\u00f3n solar comercializadas en la Comunitat\u00a0Valenciana, tanto a trav\u00e9s de establecimientos f\u00edsicos como mediante comercio electr\u00f3nico, cumplen con los requisitos establecidos en la normativa vigente, en particular el Reglamento (UE) 2016\/425 relativo a los equipos de protecci\u00f3n individual y la norma UNE-EN ISO 12312-2:2015.<\/p>\n<p class=\"ft-text\">Los controles se centrar\u00e1n, entre otros aspectos, en la correcta identificaci\u00f3n del fabricante y, en su caso, del importador; la identificaci\u00f3n del producto; la existencia del marcado CE y de la declaraci\u00f3n UE de conformidad; la disponibilidad de instrucciones de uso, almacenamiento y mantenimiento; as\u00ed como en la presencia de las advertencias de seguridad obligatorias.<\/p>\n<p>Informaci\u00f3n espec\u00edfica<\/p>\n<p class=\"ft-text\">Asimismo, se comprobar\u00e1 que los productos incluyen informaci\u00f3n espec\u00edfica para la observaci\u00f3n segura de eclipses solares, la referencia a la norma t\u00e9cnica aplicable y la advertencia expresa sobre el riesgo de lesiones oculares permanentes derivadas de la observaci\u00f3n directa del sol sin la protecci\u00f3n adecuada.<\/p>\n<p class=\"ft-text\">La directora general de Comercio, Artesan\u00eda y Consumo, Maribel S\u00e1ez, ha agradecido y reconocido \u00abla colaboraci\u00f3n y el compromiso del sector comercial y de consumo\u00a0valenciano, que desempe\u00f1ar\u00e1 un papel fundamental para garantizar que las personas consumidoras puedan acceder a productos seguros y conformes a la normativa.\u00bb<\/p>\n<p class=\"ft-text\">\u00abLa inmensa mayor\u00eda de los establecimientos act\u00faan con profesionalidad y responsabilidad, especialmente ante un acontecimiento de gran repercusi\u00f3n como este. Precisamente por ello, estas actuaciones de vigilancia de mercado deben entenderse como una herramienta de apoyo y garant\u00eda para el conjunto del sector, contribuyendo a reforzar la confianza de los consumidores y a preservar unas condiciones de competencia leal para todas las empresas\u00bb, ha a\u00f1adido S\u00e1ez.<\/p>\n<p class=\"ft-text\">Con estas actuaciones, la Direcci\u00f3n General de Comercio, Artesan\u00eda y Consumo refuerza su compromiso con la protecci\u00f3n de las personas consumidoras y con la vigilancia del mercado, garantizando que los productos puestos a disposici\u00f3n de la ciudadan\u00eda cumplan las exigencias de seguridad y calidad establecidas por la normativa europea.<\/p>\n<p data-close=\"closedContent\" class=\"subscribeHideForDisplay\">Suscr\u00edbete para seguir leyendo<\/p>\n","protected":false},"excerpt":{"rendered":"La Direcci\u00f3n General de Comercio, Artesan\u00eda y Consumo ha lanzado una\u00a0campa\u00f1a\u00a0de\u00a0inspecciones\u00a0sobre la comercializaci\u00f3n de gafas solares con motivo&hellip;\n","protected":false},"author":2,"featured_media":653503,"comment_status":"","ping_status":"","sticky":false,"template":"","format":"standard","meta":{"footnotes":""},"categories":[8],"tags":[17,18,658,19046,25,24,13,14,20954,2010,11,34222,2629,19,20,9,10,15,16,23,12,21,22],"class_list":["post-653502","post","type-post","status-publish","format-standard","has-post-thumbnail","category-espana","tag-breaking-news","tag-breakingnews","tag-campana","tag-eclipse-solar","tag-es","tag-espana","tag-featured-news","tag-featurednews","tag-gafas","tag-generalitat","tag-headlines","tag-inspecciones","tag-lanza","tag-latest-news","tag-latestnews","tag-news","tag-noticias","tag-noticias-destacadas","tag-noticiasdestacadas","tag-spain","tag-titulares","tag-ultimas-noticias","tag-ultimasnoticias"],"share_on_mastodon":{"url":"https:\/\/pubeurope.com\/@es\/116903754267560629","error":""},"_links":{"self":[{"href":"https:\/\/www.europesays.com\/es\/wp-json\/wp\/v2\/posts\/653502","targetHints":{"allow":["GET"]}}],"collection":[{"href":"https:\/\/www.europesays.com\/es\/wp-json\/wp\/v2\/posts"}],"about":[{"href":"https:\/\/www.europesays.com\/es\/wp-json\/wp\/v2\/types\/post"}],"author":[{"embeddable":true,"href":"https:\/\/www.europesays.com\/es\/wp-json\/wp\/v2\/users\/2"}],"replies":[{"embeddable":true,"href":"https:\/\/www.europesays.com\/es\/wp-json\/wp\/v2\/comments?post=653502"}],"version-history":[{"count":0,"href":"https:\/\/www.europesays.com\/es\/wp-json\/wp\/v2\/posts\/653502\/revisions"}],"wp:featuredmedia":[{"embeddable":true,"href":"https:\/\/www.europesays.com\/es\/wp-json\/wp\/v2\/media\/653503"}],"wp:attachment":[{"href":"https:\/\/www.europesays.com\/es\/wp-json\/wp\/v2\/media?parent=653502"}],"wp:term":[{"taxonomy":"category","embeddable":true,"href":"https:\/\/www.europesays.com\/es\/wp-json\/wp\/v2\/categories?post=653502"},{"taxonomy":"post_tag","embeddable":true,"href":"https:\/\/www.europesays.com\/es\/wp-json\/wp\/v2\/tags?post=653502"}],"curies":[{"name":"wp","href":"https:\/\/api.w.org\/{rel}","templated":true}]}}