{"id":653534,"date":"2026-07-11T23:10:20","date_gmt":"2026-07-11T23:10:20","guid":{"rendered":"https:\/\/www.europesays.com\/es\/653534\/"},"modified":"2026-07-11T23:10:20","modified_gmt":"2026-07-11T23:10:20","slug":"ruben-tanco-recorre-a-pedal-la-frontera-de-extremadura-para-el-banco-de-alimentos","status":"publish","type":"post","link":"https:\/\/www.europesays.com\/es\/653534\/","title":{"rendered":"Rub\u00e9n Tanco recorre a pedal la frontera de Extremadura para el Banco de Alimentos"},"content":{"rendered":"<p style=\"\">Unos d\u00edas antes de bordear las fronteras extreme\u00f1as, Rub\u00e9n Tanco se sube a diario a su bicicleta para preparar el reto que tiene por delante;  &#8230; recorrer los 11.111 kil\u00f3metros que dibujan el mapa de la regi\u00f3n en 52 horas como m\u00e1ximo.<\/p>\n<p class=\"v-d-p\" style=\"\">Un reto al que llega con la motivaci\u00f3n de haberse proclamado campe\u00f3n de Espa\u00f1a en Melilla hace apenas una semana, y que le hace llegar m\u00e1s que preparado al reto que tiene por delante y que incluye los puertos m\u00e1s destacados de la geograf\u00eda de Extremadura.<\/p>\n<p class=\"v-d-p\" style=\"\">El puerto de Honduras es uno de los que m\u00e1s respeto le causa a \u00e9l y a Carlos Cobo y Antonio David Yerga los dos compa\u00f1eros que le acompa\u00f1an en esta aventura solidaria que tiene su salida en Badajoz este s\u00e1bado. <\/p>\n<p class=\"v-d-p\" style=\"\">Cada kil\u00f3metro acumulado en sus piernas ser\u00e1 un kilo de comida que la Fundaci\u00f3n CB, de qui\u00e9n parte la iniciativa, donar\u00e1 al Banco de Alimentos. \u00abSe trata de una iniciativa novedosa que a\u00fana deporte y solidaridad, que forma parte del equipo de ciclismo de Fundaci\u00f3n Caja Badajoz para promover el deporte inclusivo entre los m\u00e1s j\u00f3venes\u00bb, cuentan desde la fundaci\u00f3n.<\/p>\n<p class=\"v-d-p\" style=\"\">Con la intenci\u00f3n de llegar a un mayor n\u00famero de personas, Tanco ha dise\u00f1ado un track, que es una aplicaci\u00f3n que funciona como un gps, y a trav\u00e9s de la cual muestra su posici\u00f3n en tiempo real para que los ciclistas de la zona que lo deseen les acompa\u00f1en en algunos tramos.<\/p>\n<p class=\"v-d-p\" style=\"\">\u00abEs un reto que est\u00e1 muy duro de hacer pero que nos tiene muy ilusionados . Lo m\u00e1s impresionante es la kilometrada y que lo tenemos que hacer en 52 horas\u00bb, revela el ciclista de Fundaci\u00f3n CB.<\/p>\n<p class=\"v-d-p\" style=\"\">La vuelta perimetral a Extremadura es una idea que surgi\u00f3 de estos tres amigos, y que pasar\u00e1 por m\u00e1s de 80 pueblos, dehesas, sierras, valles y enclaves emblem\u00e1ticos de la comunidad aut\u00f3noma, conectando territorios, paisajes y comarcas en un viaje con el que Rub\u00e9n Tanco pretende tambi\u00e9n a trav\u00e9s de sus redes poner en valor la riqueza natural y patrimonial de la regi\u00f3n.<\/p>\n<p class=\"v-d-p\" style=\"\">Por su parte, la fundaci\u00f3n destaca que el reto no solo es una acci\u00f3n deportiva sino social. \u00abA trav\u00e9s de su pedaleo realizan una acci\u00f3n solidaria que tendr\u00e1 como fin ayudar a familias en situaci\u00f3n de vulnerabilidad\u00bb.\u00abEstamos deseando que empiecen para ver como se da todo y la cantidad de kil\u00f3metros que recorren\u00ab. <\/p>\n<p class=\"v-d-p\" style=\"\">Unos kil\u00f3metros que se transformar\u00e1n en alimentos para aquellos que lo necesitan. <\/p>\n","protected":false},"excerpt":{"rendered":"Unos d\u00edas antes de bordear las fronteras extreme\u00f1as, Rub\u00e9n Tanco se sube a diario a su bicicleta para&hellip;\n","protected":false},"author":2,"featured_media":653535,"comment_status":"","ping_status":"","sticky":false,"template":"","format":"standard","meta":{"footnotes":""},"categories":[273],"tags":[5340,1456,313,312,168,25,24,7234,41690,1361,59757,23,167,119784],"class_list":["post-653534","post","type-post","status-publish","format-standard","has-post-thumbnail","category-ciclismo","tag-alimentos","tag-banco","tag-ciclismo","tag-cycling","tag-deportes","tag-es","tag-espana","tag-extremadura","tag-pedal","tag-ruben","tag-skyline","tag-spain","tag-sports","tag-tanco"],"share_on_mastodon":{"url":"https:\/\/pubeurope.com\/@es\/116903872257311221","error":""},"_links":{"self":[{"href":"https:\/\/www.europesays.com\/es\/wp-json\/wp\/v2\/posts\/653534","targetHints":{"allow":["GET"]}}],"collection":[{"href":"https:\/\/www.europesays.com\/es\/wp-json\/wp\/v2\/posts"}],"about":[{"href":"https:\/\/www.europesays.com\/es\/wp-json\/wp\/v2\/types\/post"}],"author":[{"embeddable":true,"href":"https:\/\/www.europesays.com\/es\/wp-json\/wp\/v2\/users\/2"}],"replies":[{"embeddable":true,"href":"https:\/\/www.europesays.com\/es\/wp-json\/wp\/v2\/comments?post=653534"}],"version-history":[{"count":0,"href":"https:\/\/www.europesays.com\/es\/wp-json\/wp\/v2\/posts\/653534\/revisions"}],"wp:featuredmedia":[{"embeddable":true,"href":"https:\/\/www.europesays.com\/es\/wp-json\/wp\/v2\/media\/653535"}],"wp:attachment":[{"href":"https:\/\/www.europesays.com\/es\/wp-json\/wp\/v2\/media?parent=653534"}],"wp:term":[{"taxonomy":"category","embeddable":true,"href":"https:\/\/www.europesays.com\/es\/wp-json\/wp\/v2\/categories?post=653534"},{"taxonomy":"post_tag","embeddable":true,"href":"https:\/\/www.europesays.com\/es\/wp-json\/wp\/v2\/tags?post=653534"}],"curies":[{"name":"wp","href":"https:\/\/api.w.org\/{rel}","templated":true}]}}