{"id":653641,"date":"2026-07-12T00:59:11","date_gmt":"2026-07-12T00:59:11","guid":{"rendered":"https:\/\/www.europesays.com\/es\/653641\/"},"modified":"2026-07-12T00:59:11","modified_gmt":"2026-07-12T00:59:11","slug":"yolanda-diaz-se-desvincula-completamente-de-la-vida-organica-de-sumar","status":"publish","type":"post","link":"https:\/\/www.europesays.com\/es\/653641\/","title":{"rendered":"Yolanda D\u00edaz se desvincula completamente de la vida org\u00e1nica de Sumar"},"content":{"rendered":"<p class=\"wp-block-paragraph\">La vicepresidenta segunda del Gobierno, <strong>Yolanda D\u00edaz<\/strong>, ha consumado este s\u00e1bado su desvinculaci\u00f3n definitiva de la estructura interna de Movimiento Sumar, al no formar parte de la nueva direcci\u00f3n elegida en la asamblea extraordinaria del partido. La formaci\u00f3n ha designado como nuevas coordinadoras generales a la portavoz de Sumar en el Congreso, <strong>Ver\u00f3nica Mart\u00ednez Barbero<\/strong>, y a la secretaria de Estado de Derechos Sociales, <strong>Rosa Mart\u00ednez<\/strong>, cuya candidatura ha recibido el respaldo del 95,92% de los votos.<\/p>\n<p class=\"wp-block-paragraph\">Con esta decisi\u00f3n, D\u00edaz culmina un proceso de retirada de la vida org\u00e1nica del partido que ella misma impuls\u00f3 en 2023. La vicepresidenta<strong> abandon\u00f3 la coordinaci\u00f3n de Sumar en junio de 2024<\/strong> tras los resultados de las elecciones europeas, aunque hab\u00eda mantenido hasta ahora una vinculaci\u00f3n simb\u00f3lica con la organizaci\u00f3n. La nueva ejecutiva certifica ahora su desvinculaci\u00f3n total.<\/p>\n<p>PUBLICIDAD<\/p>\n<p class=\"wp-block-paragraph\">Las dos nuevas dirigentes <strong>relevar\u00e1n a Lara Hern\u00e1ndez<\/strong>, que dej\u00f3 el cargo el pasado 1 de julio denunciando ser v\u00edctima de una \u00abcampa\u00f1a de desprestigio\u00bb. Ambas encabezaban la \u00fanica candidatura presentada al Grupo Coordinador, el m\u00e1ximo \u00f3rgano de direcci\u00f3n del partido.<\/p>\n<p class=\"wp-block-paragraph\">El relevo mantiene el modelo de liderazgo bic\u00e9falo aprobado por <strong>Movimiento Sumar <\/strong>en su anterior asamblea. Entonces fueron elegidos Lara Hern\u00e1ndez y el diputado Carlos Mart\u00edn, quien abandon\u00f3 posteriormente la direcci\u00f3n al presentar su dimisi\u00f3n.<\/p>\n<p class=\"wp-block-paragraph\">Entre las caras m\u00e1s conocidas que permanecen en la organizaci\u00f3n figura el ministro de Cultura, <strong>Ernest Urtasun<\/strong>, portavoz de Movimiento Sumar, aunque la formaci\u00f3n todav\u00eda no ha concretado qu\u00e9 responsabilidades desempe\u00f1ar\u00e1 en la nueva ejecutiva.<\/p>\n<p>El partido admite el \u00abdesgaste\u00bb por los casos del PSOE<\/p>\n<p class=\"wp-block-paragraph\">La asamblea de Sumar tambi\u00e9n ha servido para aprobar el nuevo documento pol\u00edtico y organizativo de la formaci\u00f3n, respaldado por el 98,96% de los m\u00e1s de 300 delegados asistentes.<\/p>\n<p class=\"wp-block-paragraph\">En ese texto, Movimiento Sumar reconoce el \u00abdesgaste\u00bb que las <strong>investigaciones judiciales<\/strong> que afectan a dirigentes del PSOE est\u00e1n teniendo sobre el Gobierno de coalici\u00f3n y abre la puerta a establecer \u00abalianzas coyunturales\u00bb con fuerzas independentistas.<\/p>\n<p class=\"wp-block-paragraph\">Asimismo, el partido ha aprobado la creaci\u00f3n de un <strong>Consejo Territorial<\/strong> para reforzar su implantaci\u00f3n auton\u00f3mica y varias resoluciones encaminadas a estrechar la cooperaci\u00f3n con el resto de fuerzas progresistas.<\/p>\n<p class=\"wp-block-paragraph\">La nueva direcci\u00f3n asume el liderazgo en un momento especialmente delicado para Movimiento Sumar, inmerso en una reorganizaci\u00f3n interna y con un peso pol\u00edtico cada vez menor dentro de la coalici\u00f3n Sumar, que comparte con Izquierda Unida, M\u00e1s Madrid y los comunes. El espacio afronta ahora el reto de redefinir su organizaci\u00f3n y preparar las elecciones generales de 2027, para las que Yolanda D\u00edaz ya ha anunciado que no volver\u00e1 a ser candidata.<\/p>\n","protected":false},"excerpt":{"rendered":"La vicepresidenta segunda del Gobierno, Yolanda D\u00edaz, ha consumado este s\u00e1bado su desvinculaci\u00f3n definitiva de la estructura interna&hellip;\n","protected":false},"author":2,"featured_media":653642,"comment_status":"","ping_status":"","sticky":false,"template":"","format":"standard","meta":{"footnotes":""},"categories":[8],"tags":[17,18,25,24,13,14,11,19,20,9,10,15,16,952,23,4453,12,21,22,4454],"class_list":["post-653641","post","type-post","status-publish","format-standard","has-post-thumbnail","category-espana","tag-breaking-news","tag-breakingnews","tag-es","tag-espana","tag-featured-news","tag-featurednews","tag-headlines","tag-latest-news","tag-latestnews","tag-news","tag-noticias","tag-noticias-destacadas","tag-noticiasdestacadas","tag-politica","tag-spain","tag-sumar","tag-titulares","tag-ultimas-noticias","tag-ultimasnoticias","tag-yolanda-diaz"],"share_on_mastodon":{"url":"https:\/\/pubeurope.com\/@es\/116904300765601807","error":""},"_links":{"self":[{"href":"https:\/\/www.europesays.com\/es\/wp-json\/wp\/v2\/posts\/653641","targetHints":{"allow":["GET"]}}],"collection":[{"href":"https:\/\/www.europesays.com\/es\/wp-json\/wp\/v2\/posts"}],"about":[{"href":"https:\/\/www.europesays.com\/es\/wp-json\/wp\/v2\/types\/post"}],"author":[{"embeddable":true,"href":"https:\/\/www.europesays.com\/es\/wp-json\/wp\/v2\/users\/2"}],"replies":[{"embeddable":true,"href":"https:\/\/www.europesays.com\/es\/wp-json\/wp\/v2\/comments?post=653641"}],"version-history":[{"count":0,"href":"https:\/\/www.europesays.com\/es\/wp-json\/wp\/v2\/posts\/653641\/revisions"}],"wp:featuredmedia":[{"embeddable":true,"href":"https:\/\/www.europesays.com\/es\/wp-json\/wp\/v2\/media\/653642"}],"wp:attachment":[{"href":"https:\/\/www.europesays.com\/es\/wp-json\/wp\/v2\/media?parent=653641"}],"wp:term":[{"taxonomy":"category","embeddable":true,"href":"https:\/\/www.europesays.com\/es\/wp-json\/wp\/v2\/categories?post=653641"},{"taxonomy":"post_tag","embeddable":true,"href":"https:\/\/www.europesays.com\/es\/wp-json\/wp\/v2\/tags?post=653641"}],"curies":[{"name":"wp","href":"https:\/\/api.w.org\/{rel}","templated":true}]}}