{"id":653652,"date":"2026-07-12T01:13:13","date_gmt":"2026-07-12T01:13:13","guid":{"rendered":"https:\/\/www.europesays.com\/es\/653652\/"},"modified":"2026-07-12T01:13:13","modified_gmt":"2026-07-12T01:13:13","slug":"agata-y-lola-la-vuelta-de-las-series-de-siempre-a-atresmedia-con-el-sello-de-hierro-y-un-potente-duo-femenino","status":"publish","type":"post","link":"https:\/\/www.europesays.com\/es\/653652\/","title":{"rendered":"&#8216;\u00c1gata y Lola&#8217;, la vuelta de las series &#8216;de siempre&#8217; a Atresmedia con el sello de &#8216;Hierro&#8217; y un potente d\u00fao femenino"},"content":{"rendered":"<p class=\"article-text\">\n        <strong>Atresmedia <\/strong>apuesta por la ficci\u00f3n este verano con el estreno de <strong>\u00c1gata y Lola<\/strong>, la nueva producci\u00f3n de <strong>Atresplayer <\/strong>que llega a la plataforma este <strong>domingo 12 de julio<\/strong> y que seguir\u00e1 su hoja de ruta desembarcando pr\u00f3ximamente en la TV en abierto a trav\u00e9s de <strong>Antena 3<\/strong>. Un t\u00edtulo con la firma de los responsables de \u00e9xitos como <strong>Hierro <\/strong>y <strong>Rapa <\/strong>que recupera el esp\u00edritu de las series &#8216;de siempre&#8217; y que se vertebra sobre <strong>dos personajes femeninos muy necesarios<\/strong>.\n    <\/p>\n<p>    <a href=\"https:\/\/www.eldiario.es\/vertele\/series\/atresplayer-fija-estreno-agata-lola-serie-eva-martin-mireia-oriol-emita-antena-3_1_13286868.html\" data-mrf-recirculation=\"saber-mas\" data-dl-event=\"saber-mas\" rel=\"nofollow noopener\" target=\"_blank\"><\/p>\n<p class=\"know-more__title\">Atresplayer fija el estreno de &#8216;\u00c1gata y Lola&#8217;, su serie con Eva Mart\u00edn y Mireia Oriol, antes de que la emita Antena 3<\/p>\n<p>            <img decoding=\"async\" class=\"lazy\" loading=\"lazy\" data-src=\"https:\/\/static.eldiario.es\/clip\/879ada8b-c4ba-4ab9-a304-14cdeff72680_16-9-aspect-ratio_default_0.jpg\" src=\"data:image\/svg+xml,%3Csvg xmlns=\" http:=\"\" viewbox=\"0 0 880 495\" alt=\"Atresplayer fija el estreno de '\u00c1gata y Lola', su serie con Eva Mart\u00edn y Mireia Oriol, antes de que la emita Antena 3\"\/><\/p>\n<p>                        <\/a><\/p>\n<p class=\"article-text\">\n        Protagonizada por <strong>Eva Mart\u00edn<\/strong> y <strong>Mireia Oriol<\/strong>, \u00c1gata y Lola es <strong>una serie procedimental policiaca<\/strong> que gira en torno a la poderosa alianza entre dos mujeres completamente diferentes: la emp\u00e1tica e impulsiva inspectora de polic\u00eda Lola Castro y su compa\u00f1era \u00c1gata D\u00edaz, una documentalista del archivo policial que est\u00e1 <strong>en el espectro autista<\/strong>. Juntas empiezan a colaborar en un caso y acaban forjando una amistad que rompe tab\u00faes y cuya visibilizaci\u00f3n en formatos audiovisuales sigue siendo importante.\n    <\/p>\n<p class=\"article-text\">\n        Por un lado, la selecci\u00f3n de esta dupla protagonista sit\u00faa en el foco el trabajo de dos mujeres con personalidades muy diferentes y<strong> posiciones de relevancia en un contexto hist\u00f3ricamente masculino<\/strong> como el de una comisar\u00eda de Polic\u00eda. Una de ellas, la interpretada por <strong>Eva Mart\u00edn<\/strong>, es la jefa del grupo de Homicidios que ejerce \u201c<strong>un liderazgo muy femenino<\/strong>, desde un lugar muy de escucha y de sacar lo mejor de cada uno. Lola es alguien que ve muy bien a los dem\u00e1s. Es una mujer emp\u00e1tica y que sabe ver las fortalezas de cada uno\u201d, describe la propia actriz en conversaci\u00f3n telef\u00f3nica con <a href=\"https:\/\/www.eldiario.es\/vertele\/\" target=\"_blank\" data-mrf-recirculation=\"links-noticia\" class=\"link\" rel=\"nofollow noopener\">verTele<\/a>.\n    <\/p>\n<p class=\"article-text\">\n        \u201cMe parece interesante poder ver ese punto de vista en una serie que entra en un entorno normalmente masculino. Pocas series de polic\u00edas tienen dos protagonistas femeninas como en nuestro caso, y este car\u00e1cter de Lola tambi\u00e9n har\u00e1 que sea capaz de ver en \u00c1gata todo lo que la hace especial\u201d, agrega Mart\u00edn, que considera que <strong>su personaje rompe clich\u00e9s al mostrar a una jefa imperfecta <\/strong>en lo personal que lleva una vida familiar \u201cca\u00f3tica y desordenada\u201d.\n    <\/p>\n<p class=\"article-text\">\n        El contrapunto es <strong>\u00c1gata<\/strong>, una joven polic\u00eda apasionada por la criminolog\u00eda cuya prometedora carrera se ha visto interrumpida tras sufrir un bloqueo durante un operativo, y que ha acabado derivando en <strong>un diagn\u00f3stico de autismo<\/strong>. Su papel, interpretado por <strong>Mireia Oriol<\/strong>, da visibilidad a una condici\u00f3n cuyo diagn\u00f3stico en Espa\u00f1a <strong>se ha cuadriplicado en diez a\u00f1os<\/strong>, seg\u00fan informes publicados por <a href=\"https:\/\/www.eldiario.es\/sociedad\/diagnosticos-autismo-han-cuadruplicado-diez-anos-familias-no-esperan_1_12112735.html\" target=\"_blank\" data-mrf-recirculation=\"links-noticia\" class=\"link\" rel=\"nofollow noopener\">elDiario.es<\/a>, y que no es habitual ver representado en la ficci\u00f3n.\n    <\/p>\n<p class=\"article-text\">\n        Sobre esta representaci\u00f3n tambi\u00e9n hablamos con Eva Mart\u00edn, que pone de relevancia la rigurosidad del equipo -desde los guiones hasta la interpretaci\u00f3n- a la hora de plasmar esta realidad. \u201cEl trabajo que ha hecho Mireia es excepcional. Es un trabajo muy riguroso y muy documentado que obviamente todos hemos tenido muy en cuenta porque<strong> la clave de esta serie es el poder ver c\u00f3mo el autismo se integra y hay un entorno laboral totalmente inclusivo <\/strong>con respecto a esto\u201d, explica la actriz, a quien los espectadores recordar\u00e1n por su papel de Cruz en <strong>La Promesa<\/strong>.\n    <\/p>\n<p class=\"article-text\">\n        A lo largo de los <strong>8 cap\u00edtulos<\/strong>, que salvo los dos primeros son autoconclusivos, las protagonistas resuelven casos, y aprenden a comprender y a respetar sus mundos divergentes.\n    <\/p>\n<p>            <img decoding=\"async\" class=\"lazy\" loading=\"lazy\" data-src=\"https:\/\/static.eldiario.es\/clip\/35e3d1e1-5d46-4719-88ff-37da12e313cd_16-9-aspect-ratio_default_1147198.jpg\" src=\"data:image\/svg+xml,%3Csvg xmlns=\" http:=\"\" viewbox=\"0 0 4020 2261\" alt=\"'\u00c1gata y Lola'\"\/><\/p>\n<p>    Una serie &#8216;de siempre&#8217; con el sello de &#8216;Hierro&#8217; y &#8216;Rapa&#8217;<\/p>\n<p class=\"article-text\">\n        \u00c1gata y Lola es una producci\u00f3n de Atresmedia en colaboraci\u00f3n con <strong>Portocabo<\/strong>, la productora responsable de t\u00edtulos como Hierro y Rapa, aplaudidas series de <strong>Movistar Plus<\/strong>, adem\u00e1s de la ficci\u00f3n <strong>Honor <\/strong>que ya se vio en Antena 3. Producciones &#8216;hermanas&#8217; con las que no comparte gran parte del equipo creativo, pero s\u00ed un sello intr\u00ednseco a los trabajos de esta empresa audiovisual.\n    <\/p>\n<p class=\"article-text\">\n        El primero de ellos es<strong> el poder y carisma de la pareja protagonista<\/strong>, un d\u00fao de actores -en este caso actrices- que llevan el peso de las tramas y sobre los que se construye todo lo dem\u00e1s. Si en las anteriores vimos duplas como las formadas por <strong>Candela Pe\u00f1a y Dar\u00edo Grandinetti<\/strong>, y <strong>Javier C\u00e1mara y M\u00f3nica L\u00f3pez<\/strong>, en esta son Eva Mart\u00edn y Mireia Oriol las que sostienen la historia. Su evoluci\u00f3n como dupla acaba superando en inter\u00e9s a cualquier otro giro de la trama.\n    <\/p>\n<p class=\"article-text\">\n        Tambi\u00e9n es sello de Portocabo su apuesta por los exteriores, que tienen una gran presencia en todas sus producciones. En esta ocasi\u00f3n repiten en Galicia, en una ciudad de <strong>Vigo <\/strong>que aporta a la descentralizaci\u00f3n de la ficci\u00f3n nacional que se est\u00e1 promoviendo en los \u00faltimos tiempos y que ayuda a difundir la riqueza de los distintos puntos de la pen\u00ednsula. \u201cPortocabo aprovecha, sea cual sea la trama, <strong>para mostrar exteriores naturales <\/strong>que en la pantalla se agradecen siempre y dan aire fresco\u201d, defiende Eva Mart\u00edn.\n    <\/p>\n<p>            <img decoding=\"async\" class=\"lazy\" loading=\"lazy\" data-src=\"https:\/\/static.eldiario.es\/clip\/e2b365aa-9de5-4c34-bb9e-c9800a7f1d88_16-9-aspect-ratio_default_1147199.jpg\" src=\"data:image\/svg+xml,%3Csvg xmlns=\" http:=\"\" viewbox=\"0 0 3668 2064\" alt=\"Eva Mart\u00edn en '\u00c1gata y Lola'\"\/><\/p>\n<p class=\"article-text\">\n        Por \u00faltimo, y no menos importante, si algo diferencia a \u00c1gata y Lola es que supone <strong>una vuelta a las series &#8216;de siempre&#8217;<\/strong>, aquellas que no tienen una gran ambici\u00f3n por reinventar g\u00e9neros, sino que optan por intentar contar una historia bien planteada a un ritmo alejado de los consumos actuales en modo marat\u00f3n. En este caso, el formato es un procedimental con cap\u00edtulos autoconclusivos, algo que a d\u00eda de hoy ya no abunda en la ficci\u00f3n patria.\n    <\/p>\n<p class=\"article-text\">\n        Sobre ello tambi\u00e9n reflexionamos con la actriz, que defiende la valent\u00eda de apostar por productos as\u00ed: \u201c<strong>En el fondo los procedimentales han funcionado siempre<\/strong> y hay algo del ritmo del procedimental que tambi\u00e9n se disfruta de otra manera. Tambi\u00e9n el hecho de, de cara a su estreno en abierto, bajar un poco el tempo, que estamos acelerados consumiendo el tir\u00f3n en las plataformas. \u00c1gata y Lola tiene algo, un tono &#8216;feel good&#8217;, que tambi\u00e9n se agradece en este momento a pesar de que estamos investigando cr\u00edmenes\u201d.\n    <\/p>\n<p>    <a href=\"https:\/\/www.eldiario.es\/vertele\/series\/series-vuelven-extrano-caso-5-fenomenos-no-han-resucitado-no-les-han-dejado_1_13361978.html\" data-mrf-recirculation=\"saber-mas-abajo\" data-dl-event=\"saber-mas-abajo\" rel=\"nofollow noopener\" target=\"_blank\"><\/p>\n<p class=\"know-more__title\">Todas las series vuelven&#8230; menos estas: el extra\u00f1o caso de los 5 fen\u00f3menos que no han resucitado (o no les han dejado)<\/p>\n<p>            <img decoding=\"async\" class=\"lazy\" loading=\"lazy\" data-src=\"https:\/\/static.eldiario.es\/clip\/09f80551-5edd-4066-8bf4-464df6531d1f_16-9-aspect-ratio_default_0.jpg\" src=\"data:image\/svg+xml,%3Csvg xmlns=\" http:=\"\" viewbox=\"0 0 880 495\" alt=\"Todas las series vuelven... menos estas: el extra\u00f1o caso de los 5 fen\u00f3menos que no han resucitado (o no les han dejado)\"\/><\/p>\n<p>                        <\/a><\/p>\n<p class=\"article-text\">\n        Atresmedia estrena \u00c1gata y Lola este domingo 12 de julio en su plataforma Atresplayer. <strong>Antonio Garrido, Eva Fern\u00e1ndez, Francis Lorenzo, Xos\u00e9 A. Touri\u00f1\u00e1n, Monti Casti\u00f1eiras, Dar\u00edo Loureiro, Celia Freijeiro, Miguel Canalejo <\/strong>y<strong> Sara Sanz<\/strong> son algunos de los nombres que completan el reparto, bajo la batuta de los directores <strong>Mar\u00eda Togores <\/strong>y<strong> Oriol Ferrer<\/strong>. <strong>Montse Garc\u00eda <\/strong>y <strong>Alfonso Blanco<\/strong> son los productores ejecutivos de la ficci\u00f3n.\n    <\/p>\n","protected":false},"excerpt":{"rendered":"Atresmedia apuesta por la ficci\u00f3n este verano con el estreno de \u00c1gata y Lola, la nueva producci\u00f3n de&hellip;\n","protected":false},"author":2,"featured_media":653653,"comment_status":"","ping_status":"","sticky":false,"template":"","format":"standard","meta":{"footnotes":""},"categories":[171],"tags":[95162,151,18069,16738,146,147,25,24,119788,4649,1854,15726,119789,14765,5435,805,23,214,1357],"class_list":["post-653652","post","type-post","status-publish","format-standard","has-post-thumbnail","category-tv","tag-agata","tag-atresmedia","tag-atresplayer","tag-duo","tag-entertainment","tag-entretenimiento","tag-es","tag-espana","tag-eva-martin","tag-femenino","tag-hierro","tag-lola","tag-mireia-oriol","tag-potente","tag-sello","tag-series","tag-spain","tag-tv","tag-vuelta"],"share_on_mastodon":{"url":"https:\/\/pubeurope.com\/@es\/116904355917680309","error":""},"_links":{"self":[{"href":"https:\/\/www.europesays.com\/es\/wp-json\/wp\/v2\/posts\/653652","targetHints":{"allow":["GET"]}}],"collection":[{"href":"https:\/\/www.europesays.com\/es\/wp-json\/wp\/v2\/posts"}],"about":[{"href":"https:\/\/www.europesays.com\/es\/wp-json\/wp\/v2\/types\/post"}],"author":[{"embeddable":true,"href":"https:\/\/www.europesays.com\/es\/wp-json\/wp\/v2\/users\/2"}],"replies":[{"embeddable":true,"href":"https:\/\/www.europesays.com\/es\/wp-json\/wp\/v2\/comments?post=653652"}],"version-history":[{"count":0,"href":"https:\/\/www.europesays.com\/es\/wp-json\/wp\/v2\/posts\/653652\/revisions"}],"wp:featuredmedia":[{"embeddable":true,"href":"https:\/\/www.europesays.com\/es\/wp-json\/wp\/v2\/media\/653653"}],"wp:attachment":[{"href":"https:\/\/www.europesays.com\/es\/wp-json\/wp\/v2\/media?parent=653652"}],"wp:term":[{"taxonomy":"category","embeddable":true,"href":"https:\/\/www.europesays.com\/es\/wp-json\/wp\/v2\/categories?post=653652"},{"taxonomy":"post_tag","embeddable":true,"href":"https:\/\/www.europesays.com\/es\/wp-json\/wp\/v2\/tags?post=653652"}],"curies":[{"name":"wp","href":"https:\/\/api.w.org\/{rel}","templated":true}]}}