{"id":653790,"date":"2026-07-12T04:29:26","date_gmt":"2026-07-12T04:29:26","guid":{"rendered":"https:\/\/www.europesays.com\/es\/653790\/"},"modified":"2026-07-12T04:29:26","modified_gmt":"2026-07-12T04:29:26","slug":"veronica-barbero-y-rosa-martinez-nuevas-lideres-de-sumar","status":"publish","type":"post","link":"https:\/\/www.europesays.com\/es\/653790\/","title":{"rendered":"Ver\u00f3nica Barbero y Rosa Mart\u00ednez, nuevas l\u00edderes de Sumar"},"content":{"rendered":"<p><strong>La portavoz del Grupo de <a href=\"https:\/\/theobjective.com\/etiqueta\/sumar\/\" type=\"post_tag\" id=\"533507\" rel=\"nofollow noopener\" target=\"_blank\">Sumar<\/a> en el Congreso, Ver\u00f3nica Mart\u00ednez Barbero y la secretaria de Estado de Derechos Sociales, Rosa Mart\u00ednez<\/strong>, han sido elegidas coordinadoras del Movimiento Sumar con un 95,92 por ciento de los votos obtenidos por su lista \u2018Sumar para gobernar\u2019 en la asamblea extraordinaria que se ha celebrado este s\u00e1bado, han informado la formaci\u00f3n. Por su parte, la ponencia pol\u00edtico-organizativa ha obtenido un 98,96 por ciento de los poco m\u00e1s de 300 delegados que han acudido a la cita, que se ha desarrollado en el espacio COEM, junto a las Cuatro Torres de Madrid.<\/p>\n<p>Adem\u00e1s, <strong>el partido ha aprobado cinco resoluciones<\/strong>. La primera es la creaci\u00f3n de un Espacio Joven aut\u00f3nomo, basado en la participaci\u00f3n, la independencia, la democracia interna y los cuidados colectivos. De esta manera, el colectivo juvenil del movimiento, que constituye una parte importante del mismo, se constituye con personalidad jur\u00eddica propia, censos independientes y estatutos propios, y exigimos una representaci\u00f3n juvenil en todos los niveles territoriales.<\/p>\n<p><strong>Tambi\u00e9n han aprobado impulsar el espacio ecosocialista \u2018Apostamos\u2019<\/strong>, junto con el Partido Verde-Equo y otras organizaciones, con el objetivo de impulsar los acuerdos necesarios para consolidar un espacio verde, ecosocialista y laborista. Asimismo, se comprometen a fortalecer las alianzas con el conjunto de actores progresistas \u00abdesde la cooperaci\u00f3n, el reconocimiento mutuo, el respeto a la autonom\u00eda de cada organizaci\u00f3n y la elaboraci\u00f3n pol\u00edtica compartida, como una aportaci\u00f3n al fortalecimiento del conjunto del espacio\u00bb.<\/p>\n<p>La asamblea tambi\u00e9n ha determinado que \u00aba\u00fan no existe una democracia plenamente igualitaria\u00bb por el auge de los discursos \u00abantifeministas y reaccionarios, que buscan cuestionar los derechos de las mujeres y frenar los avances sociales\u00bb. De este modo, Movimiento Sumar reivindica un feminismo interseccional, de clase y democr\u00e1tico, vinculado a otras luchas por la igualdad \u00abque mejore las condiciones de vida de las mujeres y que sit\u00fae la erradicaci\u00f3n de las violencias machistas como una responsabilidad colectiva de las instituciones y de toda la sociedad\u00bb.<\/p>\n<p>Consejo descentralizado<\/p>\n<p>La asamblea tambi\u00e9n ha aprobado la <strong>creaci\u00f3n de un Consejo Territorial \u00abplurinacional y descentralizado\u00bb<\/strong> como \u00f3rgano permanente de coordinaci\u00f3n y representaci\u00f3n, con la participaci\u00f3n de todos los territorios constituidos, cuyo reglamento de funcionamiento ser\u00e1 debatido con las organizaciones territoriales y aprobado por el Consejo de Coordinaci\u00f3n antes de finales de 2026.<\/p>\n<p>Adem\u00e1s, a trav\u00e9s de una enmienda, la asamblea ha aprobado la <strong>realizaci\u00f3n de una Conferencia Territorial trimestral<\/strong>, en la que los territorios participar\u00e1n de manera vinculante en la definici\u00f3n de la estrategia pol\u00edtica estatal del partido. Sus acuerdos, cuando alcancen mayor\u00eda cualificada, deber\u00e1n ser debatidos y votados por los \u00f3rganos estatales en un plazo m\u00e1ximo de treinta d\u00edas. Por \u00faltimo, el movimiento tambi\u00e9n ha analizado la situaci\u00f3n geopol\u00edtica internacional, especialmente centrado en el impacto de la presidencia de Donald Trump al frente de Estados Unidos y de la situaci\u00f3n en Gaza, Ir\u00e1n, Ucrania, Cuba y Venezuela, entre otros pa\u00edses.<\/p>\n<p>Un partido en crisis<\/p>\n<p>La elecci\u00f3n de Mart\u00ednez Barbero y Rosa Mart\u00ednez culmina una parte del proceso abierto para renovar el liderazgo de Movimiento Sumar y tratar de superar la crisis interna que atravesaba la formaci\u00f3n. <strong>Ambas concurrieron mediante una candidatura \u00fanica, amplia y con vocaci\u00f3n de integrar a las distintas sensibilidades del partido.<\/strong> La asamblea extraordinaria, la tercera celebrada por la organizaci\u00f3n en tres a\u00f1os, ten\u00eda como objetivo reorganizar Movimiento Sumar, reforzar su implantaci\u00f3n territorial y preparar al partido para un nuevo ciclo pol\u00edtico, con la vista puesta en revalidar el Gobierno de coalici\u00f3n progresista en las pr\u00f3ximas elecciones generales, que previsiblemente se celebrar\u00e1n el a\u00f1o que viene.<\/p>\n<p>El relevo en la direcci\u00f3n se produjo despu\u00e9s de la dimisi\u00f3n de la exsecretaria de Organizaci\u00f3n Laura Moreno, quien abandon\u00f3 el cargo entre cr\u00edticas a Lara Hern\u00e1ndez, y desvel\u00f3 la existencia de una investigaci\u00f3n interna por supuesto trato vejatorio a trabajadores. El entorno de Hern\u00e1ndez neg\u00f3 de forma tajante las acusaciones, pero ella acab\u00f3 dejando el cargo hace unos pocos d\u00edas. La formaci\u00f3n tambi\u00e9n hab\u00eda sufrido otras turbulencias desde su irrupci\u00f3n en el panorama pol\u00edtico, como la salida de <a href=\"https:\/\/theobjective.com\/etiqueta\/yolanda-diaz\/\" type=\"post_tag\" id=\"113027\" rel=\"nofollow noopener\" target=\"_blank\">Yolanda D\u00edaz<\/a> del cargo de coordinadora general, la renuncia del exportavoz parlamentario \u00cd\u00f1igo Errej\u00f3n tras ser denunciado por supuesta agresi\u00f3n sexual por la actriz Elisa Mouli\u00e1a y la marcha de distintos cargos org\u00e1nicos.<\/p>\n<p><strong>La nueva direcci\u00f3n sit\u00faa a D\u00edaz como referente pol\u00edtico del espacio, aunque sin ning\u00fan papel org\u00e1nico en el partido.<\/strong> La vicepresidenta segunda y ministra de Trabajo ha acudido este s\u00e1bado a la asamblea como una asistente m\u00e1s, tras anunciar hace unos meses que tampoco se presentar\u00eda como candidata electoral.<\/p>\n<p>Pol\u00edticas con experiencia<\/p>\n<p>Rosa Mart\u00ednez ya ejerci\u00f3 como coordinadora interina tras la renuncia de D\u00edaz y cuenta con experiencia pol\u00edtica en Podemos y Verdes Equo. Tambi\u00e9n fue diputada en el Congreso y en el Parlamento vasco y actualmente ocupa la Secretar\u00eda de Estado de Derechos Sociales. Por su parte, Ver\u00f3nica Mart\u00ednez Barbero fue directora general en el Ministerio de Trabajo y asumi\u00f3 la portavoc\u00eda del grupo plurinacional Sumar en el Congreso como figura de consenso tras la dimisi\u00f3n de Errej\u00f3n.<\/p>\n<p>Al comenzar esta jornada asamblearia, ambas dirigentes han defendido antes los medios la construcci\u00f3n de una izquierda m\u00e1s amplia, capaz de actuar con \u00abresponsabilidad y altura de miras\u00bb, y han reivindicado el papel de Movimiento Sumar como elemento de uni\u00f3n entre las distintas organizaciones del espacio progresista. Tambi\u00e9n han se\u00f1alado como prioridades reforzar la organizaci\u00f3n, ampliar su presencia territorial y responder a desaf\u00edos como la desigualdad, la crisis ecol\u00f3gica, la tecnolog\u00eda sin control y los \u00abtecnooligarcas\u00bb. Ahora, tendr\u00e1n que desplegar esta estrategia y elegir un cabeza de lista electoral con tir\u00f3n para remontar los malos resultados que les dan todas las encuestas a Sumar.<\/p>\n","protected":false},"excerpt":{"rendered":"La portavoz del Grupo de Sumar en el Congreso, Ver\u00f3nica Mart\u00ednez Barbero y la secretaria de Estado de&hellip;\n","protected":false},"author":2,"featured_media":653791,"comment_status":"","ping_status":"","sticky":false,"template":"","format":"standard","meta":{"footnotes":""},"categories":[5],"tags":[17,18,25,24,13,14,11,19,20,9,10,15,16,957,952,23,4453,12,21,22,4454],"class_list":["post-653790","post","type-post","status-publish","format-standard","has-post-thumbnail","category-titulares","tag-breaking-news","tag-breakingnews","tag-es","tag-espana","tag-featured-news","tag-featurednews","tag-headlines","tag-latest-news","tag-latestnews","tag-news","tag-noticias","tag-noticias-destacadas","tag-noticiasdestacadas","tag-partidos-politicos","tag-politica","tag-spain","tag-sumar","tag-titulares","tag-ultimas-noticias","tag-ultimasnoticias","tag-yolanda-diaz"],"share_on_mastodon":{"url":"https:\/\/pubeurope.com\/@es\/116905126593917540","error":""},"_links":{"self":[{"href":"https:\/\/www.europesays.com\/es\/wp-json\/wp\/v2\/posts\/653790","targetHints":{"allow":["GET"]}}],"collection":[{"href":"https:\/\/www.europesays.com\/es\/wp-json\/wp\/v2\/posts"}],"about":[{"href":"https:\/\/www.europesays.com\/es\/wp-json\/wp\/v2\/types\/post"}],"author":[{"embeddable":true,"href":"https:\/\/www.europesays.com\/es\/wp-json\/wp\/v2\/users\/2"}],"replies":[{"embeddable":true,"href":"https:\/\/www.europesays.com\/es\/wp-json\/wp\/v2\/comments?post=653790"}],"version-history":[{"count":0,"href":"https:\/\/www.europesays.com\/es\/wp-json\/wp\/v2\/posts\/653790\/revisions"}],"wp:featuredmedia":[{"embeddable":true,"href":"https:\/\/www.europesays.com\/es\/wp-json\/wp\/v2\/media\/653791"}],"wp:attachment":[{"href":"https:\/\/www.europesays.com\/es\/wp-json\/wp\/v2\/media?parent=653790"}],"wp:term":[{"taxonomy":"category","embeddable":true,"href":"https:\/\/www.europesays.com\/es\/wp-json\/wp\/v2\/categories?post=653790"},{"taxonomy":"post_tag","embeddable":true,"href":"https:\/\/www.europesays.com\/es\/wp-json\/wp\/v2\/tags?post=653790"}],"curies":[{"name":"wp","href":"https:\/\/api.w.org\/{rel}","templated":true}]}}