{"id":653834,"date":"2026-07-12T05:25:18","date_gmt":"2026-07-12T05:25:18","guid":{"rendered":"https:\/\/www.europesays.com\/es\/653834\/"},"modified":"2026-07-12T05:25:18","modified_gmt":"2026-07-12T05:25:18","slug":"cari-lapique-la-abuela-mas-orgullosa-del-mundo-abre-el-album-por-el-14-cumpleanos-de-su-nieto-mayor-mi-gringo","status":"publish","type":"post","link":"https:\/\/www.europesays.com\/es\/653834\/","title":{"rendered":"Cari Lapique, la abuela m\u00e1s orgullosa del mundo, abre el \u00e1lbum por el 14 cumplea\u00f1os de su nieto mayor: \u00abMi gringo\u00bb"},"content":{"rendered":"<p id=\"ebz4UknEUy\" data-wc=\"101\"><strong>Cari Lapique es una abuela feliz<\/strong>. <strong>Carlos,<\/strong> el primog\u00e9nito de su hija Carla, <strong>cumpli\u00f3 14 a\u00f1os el pasado 9 de julio, <\/strong>una fecha muy especial para toda la familia y que ella ha querido celebrar unos d\u00edas despu\u00e9s con un homenaje lleno de cari\u00f1o. Este s\u00e1bado, la empresaria ha compartido en su cuenta de Instagram varias <strong>fotos in\u00e9ditas del adolescente que recorren sus 14 a\u00f1os de vida<\/strong>: desde sus primeros meses como beb\u00e9 en brazos de su abuela hasta su faceta actual como apasionado del tenis y el p\u00e1del, siempre con su mochila al hombro y orgulloso de sus logros deportivos.\u00a0<\/p>\n<p>Te recomendamosSeguir leyendo<br \/>\n <img src=\"https:\/\/www.europesays.com\/es\/wp-content\/uploads\/2026\/07\/029dfff5b58a-bebe.jpg\"   width=\"768\" height=\"1024\" loading=\"lazy\" decoding=\"async\" alt=\"Cari Lapique con Carlos cuando era un beb\u00e9\" fetchpriority=\"auto\" class=\"image ho-image\"\/>\u00a9 cariilapiqueCari Lapique con Carlos cuando era un beb\u00e9<\/p>\n<p> <img src=\"https:\/\/www.europesays.com\/es\/wp-content\/uploads\/2026\/07\/e901f6a8f1ef-cari.jpg\"   width=\"768\" height=\"1024\" loading=\"lazy\" decoding=\"async\" alt=\"El peque\u00f1o Carlos siempre cari\u00f1oso con su abuela\" fetchpriority=\"auto\" class=\"image ho-image\"\/>\u00a9 cariilapiqueEl peque\u00f1o Carlos siempre cari\u00f1oso con su abuela<\/p>\n<p id=\"epAYkTAhUs\" data-wc=\"33\">Tambi\u00e9n aparecen momentos familiares junto a sus primos, los hijos de Caritina, o m\u00e1s recientemente con su abuela y sus hermanos en un torneo de f\u00fatbol, un reflejo de una infancia muy unida.\u00a0<\/p>\n<p> <img src=\"https:\/\/www.europesays.com\/es\/wp-content\/uploads\/2026\/07\/be9880de6eb0-nietos.jpg\"   width=\"768\" height=\"1024\" loading=\"lazy\" decoding=\"async\" alt=\"Cari, su hija Carla y los tres hijos de esta\" fetchpriority=\"auto\" class=\"image ho-image\"\/>\u00a9 cariilapiqueCari, su hija Carla y los tres hijos de esta<\/p>\n<p id=\"eoQ2y0X01m\" data-wc=\"65\">Entre todas las im\u00e1genes, destacan dos especialmente emotivas: una en la que Carlos, siendo un ni\u00f1o, posa disfrazado de Spiderman junto a sus abuelos maternos, en la que Cari tambi\u00e9n lleva una camiseta de Spiderman, y otra en la que aparece con su abuelo <strong>Carlos Goyanes<\/strong> en un partido de f\u00fatbol, vestido con la camiseta del Real Madrid, el equipo de su coraz\u00f3n desde peque\u00f1o.\u00a0<\/p>\n<p> <img src=\"https:\/\/www.europesays.com\/es\/wp-content\/uploads\/2026\/07\/4b785f7ce045-tenis.jpg\"   width=\"768\" height=\"1024\" loading=\"lazy\" decoding=\"async\" alt=\"Carlos siempre ha sido un gran amante de los deportes como el tenis\" fetchpriority=\"auto\" class=\"image ho-image\"\/>\u00a9 cariilapiqueCarlos siempre ha sido un gran amante de los deportes como el tenis<\/p>\n<p> <img src=\"https:\/\/www.europesays.com\/es\/wp-content\/uploads\/2026\/07\/2447b2b1da3b-trofeo.jpg\"   width=\"768\" height=\"1024\" loading=\"lazy\" decoding=\"async\" alt=\"Carlos mostrando orgulloso su trofeo de p\u00e1del\" fetchpriority=\"auto\" class=\"image ho-image\"\/>\u00a9 cariilapiqueCarlos mostrando orgulloso su trofeo de p\u00e1del<\/p>\n<p id=\"e1Uph0vxWaZ\" data-wc=\"29\">Las fotograf\u00edas iban acompa\u00f1adas de un mensaje lleno de ternura: \u201c\u00a1Felicidades, Carlitos! Mi nieto gringo\u2026 \u00a1C\u00f3mo pasa el tiempo! Te quiero y estoy muy orgullosa de ti. Un besazo\u201d.\u00a0<\/p>\n<p> <img src=\"https:\/\/www.europesays.com\/es\/wp-content\/uploads\/2026\/07\/4df7b7868b4f-futbol.jpg\"   width=\"734\" height=\"1024\" loading=\"lazy\" decoding=\"async\" alt=\"Carlos, con una camiseta del Real Madrid, en el f\u00fatbol con su abuelo Carlos Goyanes\" fetchpriority=\"auto\" class=\"image ho-image\"\/>\u00a9 cariilapiqueCarlos, con una camiseta del Real Madrid, en el f\u00fatbol con su abuelo Carlos Goyanes<\/p>\n<p> <img src=\"https:\/\/www.europesays.com\/es\/wp-content\/uploads\/2026\/07\/cb8f3d64f2cb-spiderman.jpg\"   width=\"768\" height=\"1024\" loading=\"lazy\" decoding=\"async\" alt=\"Disfrazado de Spiderman con sus abuelos Cari Lapique y Carlos Goyanes\" fetchpriority=\"auto\" class=\"image ho-image\"\/>\u00a9 cariilapiqueDisfrazado de Spiderman con sus abuelos Cari Lapique y Carlos Goyanes<br \/>\nEl primog\u00e9nito de Carla Goyanes<\/p>\n<p id=\"e0vc2-b3EB\" data-wc=\"99\">Carlos es el mayor de los tres hijos que <strong>Carla Goyanes ha tenido con Jorge Benguria, con quien se cas\u00f3 en 2011<\/strong>. La pareja se traslad\u00f3 poco despu\u00e9s a Miami y <a class=\"hm-link ho-link\" href=\"https:\/\/www.hola.com\/actualidad\/2015101381495\/primeros-pasos-santi-hijo-carla-goyanes\/\" data-mrf-recirculation=\"article-body-link\" rel=\"nofollow noopener\" target=\"_blank\">all\u00ed naci\u00f3 el ni\u00f1o en 2012,<\/a> motivo por el que su abuela le llama cari\u00f1osamente \u201cmi nieto gringo\u201d.\u00a0Su hermano Santiago tambi\u00e9n naci\u00f3 en Florida, en el Mercy Hospital Maternity de Miami, en 2014. <strong>El peque\u00f1o de la familia, Beltr\u00e1n, lleg\u00f3 al mundo en Madrid en 2019.<\/strong> Tras el bautizo de Santi, en 2015, la familia regres\u00f3 definitivamente a Espa\u00f1a despu\u00e9s de cuatro a\u00f1os viviendo en Estados Unidos.\u00a0<\/p>\n<p> <img src=\"https:\/\/www.europesays.com\/es\/wp-content\/uploads\/2026\/07\/06dd465ef0f6-carlagoyanes.jpg\"   width=\"1024\" height=\"795\" loading=\"lazy\" decoding=\"async\" alt=\"Carla Goyanes, con su familia\" fetchpriority=\"auto\" class=\"image ho-image\"\/>\u00a9 carlugoyanesCarla Goyanes, con su familia<\/p>\n<p id=\"eJB5wEyD5jU\" data-wc=\"93\">El mismo d\u00eda del cumplea\u00f1os, <a class=\"hm-link ho-link\" href=\"https:\/\/www.hola.com\/actualidad\/20260709911861\/carla-goyanes-video-cumpleanos-14-carlos\/\" data-mrf-recirculation=\"article-body-link\" rel=\"nofollow noopener\" target=\"_blank\">Carla recopil\u00f3 fotos y v\u00eddeos que reflejan algunos de los mejores momentos<\/a> vividos junto a su hijo mayor, acompa\u00f1ados de un texto lleno de emoci\u00f3n: \u201c14 a\u00f1os\u2026 y, aunque parezca un t\u00f3pico, qu\u00e9 r\u00e1pido pasa el tiempo. Me hace muy feliz verte crecer y, sobre todo, ver la persona en la que te est\u00e1s convirtiendo\u201d. La empresaria destacaba adem\u00e1s que Carlos es un chico responsable, estudioso, cari\u00f1oso y educado, adem\u00e1s de\u00a0\u201cmuy sensato, deportista y aventurero\u201d.\u00a0Su pasi\u00f3n por el deporte le acompa\u00f1a desde que era un ni\u00f1o.<\/p>\n<p>Sus nietos, su refugio<\/p>\n<p id=\"e_PAp3GmYCa\" data-wc=\"71\">Sus nietos se han convertido en el mayor apoyo de Cari Lapique para superar el duro golpe que la vida le asest\u00f3 hace dos a\u00f1os. En agosto de 2024 sufri\u00f3 dos p\u00e9rdidas devastadoras con apenas dos semanas de diferencia: el 7 de agosto falleci\u00f3 de forma inesperada su marido, <a class=\"hm-link ho-link\" href=\"https:\/\/www.hola.com\/actualidad\/20240807711466\/carlos-goyanes-muere-marido-cari-lapique-padre-carla-caritina\/\" data-mrf-recirculation=\"article-body-link\" rel=\"nofollow noopener\" target=\"_blank\">Carlos Goyanes,\u00a0<\/a>y el 26 de agosto muri\u00f3 tambi\u00e9n de manera repentina su hija mayor, <a class=\"hm-link ho-link\" href=\"https:\/\/www.hola.com\/actualidad\/20240826714659\/caritina-goyanes-muere-46\/\" data-mrf-recirculation=\"article-body-link\" rel=\"nofollow noopener\" target=\"_blank\">Caritina, a los 46 a\u00f1os, en Marbella.<\/a><\/p>\n<p> <img src=\"https:\/\/www.europesays.com\/es\/wp-content\/uploads\/2026\/07\/e86cf1436027-carla-foto9.jpg\"   width=\"1024\" height=\"763\" loading=\"lazy\" decoding=\"async\" alt=\"Carla Goyanes se despide de su padre Carlos Goyanes\" fetchpriority=\"auto\" class=\"image ho-image\"\/>\u00a9 carlugoyanesCarla Goyanes se despide de su padre Carlos Goyanes<\/p>\n<p id=\"eT29OWs4gs4\" data-wc=\"95\">Desde entonces, nada ha sido igual para la familia Goyanes Lapique, que, pese al dolor, se ha mantenido unida. \u201cAyuda mucho estar todos juntos\u201d, reconoc\u00eda recientemente <a class=\"hm-link ho-link\" href=\"https:\/\/www.hola.com\/actualidad\/20260615907484\/cari-lapique-una-abuelona-total-que-consiente-a-sus-nietos\/\" data-mrf-recirculation=\"article-body-link\" rel=\"nofollow noopener\" target=\"_blank\">Cari en la entrega de los Premis SIE,<\/a> celebrados en el Museo Thyssen-Bornemisza, donde forma parte del jurado desde hace a\u00f1os. <strong>All\u00ed confes\u00f3 que se acuerda de ellos\u00a0<\/strong><strong>\u201ctodos los d\u00edas\u201d\u00a0<\/strong>y que el verano es una \u00e9poca especialmente sensible. Este a\u00f1o lo pasar\u00e1 en el sur con la familia, aunque tambi\u00e9n habr\u00e1 d\u00edas en las islas, siempre rodeada de los suyos, que son el motor de su vida.<\/p>\n<p> <img src=\"https:\/\/www.europesays.com\/es\/wp-content\/uploads\/2026\/07\/b65d3f0ddf19-dlu612004017.jpg\"   width=\"682\" height=\"1024\" loading=\"lazy\" decoding=\"async\" alt=\"Cari Lapique, en el photocall\" fetchpriority=\"auto\" class=\"image ho-image\"\/>\u00a9 GTRESCari Lapique, en el photocall de los Premios SIE<\/p>\n<p id=\"eYJci7hGCl5\" data-wc=\"111\">Los cinco nietos de Cari \u2014Pedro (15), Mini Cari (12), hijos de la desaparecida Caritina, y Carlos (14), Santi (11) y el peque\u00f1o Beltr\u00e1n (6), de Carla,\u2014 son su refugio y quienes le han devuelto las ganas de vivir. Disfrutar de su faceta de abuela junto a ellos es un regalo para la empresaria, que se deshace en elogios cada vez que habla de ellos. \u201cLo que m\u00e1s me gusta son mis nietos\u201d,\u00a0ha reconocido en m\u00e1s de una ocasi\u00f3n. En sus redes sociales comparte momentos familiares y an\u00e9cdotas, y admite que ellos son sus mejores maestros en cuestiones digitales: \u201cSe mueren de risa y a veces me critican\u201d, comenta divertida.<\/p>\n<p id=\"eimEAyK49yE\" data-wc=\"49\">Sin duda, el cumplea\u00f1os de Carlos ha sido una nueva oportunidad para celebrar la vida y la familia, que sigue m\u00e1s unida que nunca a pesar de las ausencias. Un homenaje lleno de emoci\u00f3n que confirma, una vez m\u00e1s, que los nietos son el mayor tesoro de Cari Lapique.<\/p>\n","protected":false},"excerpt":{"rendered":"Cari Lapique es una abuela feliz. Carlos, el primog\u00e9nito de su hija Carla, cumpli\u00f3 14 a\u00f1os el pasado&hellip;\n","protected":false},"author":2,"featured_media":653835,"comment_status":"","ping_status":"","sticky":false,"template":"","format":"standard","meta":{"footnotes":""},"categories":[174],"tags":[517,5277,255,146,147,25,24,256,23],"class_list":["post-653834","post","type-post","status-publish","format-standard","has-post-thumbnail","category-famosos","tag-actualidad","tag-cari-lapique","tag-celebrities","tag-entertainment","tag-entretenimiento","tag-es","tag-espana","tag-famosos","tag-spain"],"share_on_mastodon":{"url":"https:\/\/pubeurope.com\/@es\/116905347920060534","error":""},"_links":{"self":[{"href":"https:\/\/www.europesays.com\/es\/wp-json\/wp\/v2\/posts\/653834","targetHints":{"allow":["GET"]}}],"collection":[{"href":"https:\/\/www.europesays.com\/es\/wp-json\/wp\/v2\/posts"}],"about":[{"href":"https:\/\/www.europesays.com\/es\/wp-json\/wp\/v2\/types\/post"}],"author":[{"embeddable":true,"href":"https:\/\/www.europesays.com\/es\/wp-json\/wp\/v2\/users\/2"}],"replies":[{"embeddable":true,"href":"https:\/\/www.europesays.com\/es\/wp-json\/wp\/v2\/comments?post=653834"}],"version-history":[{"count":0,"href":"https:\/\/www.europesays.com\/es\/wp-json\/wp\/v2\/posts\/653834\/revisions"}],"wp:featuredmedia":[{"embeddable":true,"href":"https:\/\/www.europesays.com\/es\/wp-json\/wp\/v2\/media\/653835"}],"wp:attachment":[{"href":"https:\/\/www.europesays.com\/es\/wp-json\/wp\/v2\/media?parent=653834"}],"wp:term":[{"taxonomy":"category","embeddable":true,"href":"https:\/\/www.europesays.com\/es\/wp-json\/wp\/v2\/categories?post=653834"},{"taxonomy":"post_tag","embeddable":true,"href":"https:\/\/www.europesays.com\/es\/wp-json\/wp\/v2\/tags?post=653834"}],"curies":[{"name":"wp","href":"https:\/\/api.w.org\/{rel}","templated":true}]}}