{"id":653950,"date":"2026-07-12T07:34:16","date_gmt":"2026-07-12T07:34:16","guid":{"rendered":"https:\/\/www.europesays.com\/es\/653950\/"},"modified":"2026-07-12T07:34:16","modified_gmt":"2026-07-12T07:34:16","slug":"tiroteo-masivo-en-el-mayor-festival-callejero-latino-de-toronto-deja-dos-muertos","status":"publish","type":"post","link":"https:\/\/www.europesays.com\/es\/653950\/","title":{"rendered":"Tiroteo masivo en el mayor festival callejero latino de Toronto deja dos muertos"},"content":{"rendered":"<p>      CNN\u00a0\u2014\u00a0\n    <\/p>\n<p class=\"paragraph inline-placeholder vossi-paragraph\" data-uri=\"es.cms.cnn.com\/_components\/paragraph\/instances\/cmrh331tb001q28pb3uxm8jjn@published\" data-editable=\"text\" data-component-name=\"paragraph\" data-article-gutter=\"true\">\n            Dos personas murieron y varias m\u00e1s resultaron heridas despu\u00e9s de que al menos dos atacantes intercambiaran disparos entre la multitud durante el festival callejero latino m\u00e1s grande de Canad\u00e1, celebrado el s\u00e1bado en Toronto, inform\u00f3 la polic\u00eda.\n    <\/p>\n<p class=\"paragraph inline-placeholder vossi-paragraph\" data-uri=\"es.cms.cnn.com\/_components\/paragraph\/instances\/cmrh8rqh8000e356rvt1z44bz@published\" data-editable=\"text\" data-component-name=\"paragraph\" data-article-gutter=\"true\">\n            Un total de seis personas recibieron disparos y varios sospechosos siguen pr\u00f3fugos, inform\u00f3 el subjefe del Servicio de Polic\u00eda de Toronto, Frank Barredo, en una conferencia de prensa el s\u00e1bado por la noche.\n    <\/p>\n<p class=\"paragraph inline-placeholder vossi-paragraph\" data-uri=\"es.cms.cnn.com\/_components\/paragraph\/instances\/cmrh8lies0008356rzga9d62v@published\" data-editable=\"text\" data-component-name=\"paragraph\" data-article-gutter=\"true\">\n            La polic\u00eda acordon\u00f3 tres escenas del crimen, pero no existe una amenaza activa para los residentes de la zona, a\u00f1adi\u00f3 Barredo.\n    <\/p>\n<p class=\"paragraph inline-placeholder vossi-paragraph\" data-uri=\"es.cms.cnn.com\/_components\/paragraph\/instances\/cmrh8lies0009356r3piny2al@published\" data-editable=\"text\" data-component-name=\"paragraph\" data-article-gutter=\"true\">\n            \u201cPareci\u00f3 tratarse de un intercambio de disparos entre dos individuos que se atacaban mutuamente\u201d, dijo Barredo.\n    <\/p>\n<p class=\"paragraph inline-placeholder vossi-paragraph\" data-uri=\"es.cms.cnn.com\/_components\/paragraph\/instances\/cmrh8lies000a356rzi9lsnbu@published\" data-editable=\"text\" data-component-name=\"paragraph\" data-article-gutter=\"true\">\n            Los asistentes al festival hu\u00edan por las aceras alej\u00e1ndose del lugar \u2014delimitado por cinta policial amarilla\u2014 mientras numerosas camionetas SUV y patrullas negras, veh\u00edculos blindados pesados \u200b\u200by ambulancias se dirig\u00edan a toda velocidad hacia la zona, seg\u00fan mostraron im\u00e1genes de CTV.\n    <\/p>\n<p class=\"paragraph inline-placeholder vossi-paragraph\" data-uri=\"es.cms.cnn.com\/_components\/paragraph\/instances\/cmrh8liet000b356rkl1ytxy5@published\" data-editable=\"text\" data-component-name=\"paragraph\" data-article-gutter=\"true\">\n            La polic\u00eda inform\u00f3 que asegur\u00f3 el lugar aproximadamente una hora despu\u00e9s de que comenzara el tiroteo, pero sigui\u00f3 instando a la gente a mantenerse alejada de la zona \u2014situada en el centro de la ciudad\u2014 donde se celebra desde hace 22 a\u00f1os el festival \u201cSalsa on St. Clair\u201d, un evento de varios d\u00edas dedicado a la cultura latina, seg\u00fan los organizadores.\n    <\/p>\n<p class=\"paragraph inline-placeholder vossi-paragraph\" data-uri=\"es.cms.cnn.com\/_components\/paragraph\/instances\/cmrh8liet000c356r5q64gssl@published\" data-editable=\"text\" data-component-name=\"paragraph\" data-article-gutter=\"true\">\n            CNN se ha puesto en contacto con los organizadores del festival, la polic\u00eda y las autoridades municipales para solicitar comentarios.\n    <\/p>\n<p>       <img decoding=\"async\" src=\"https:\/\/www.europesays.com\/es\/wp-content\/uploads\/2026\/07\/screenshot-2026-07-11-200150.png\" alt=\"La polic\u00eda intenta dispersar a la multitud en el festival Salsa on St. Clair en Toronto, Canad\u00e1.\" class=\"image_expandable__dam-img image_expandable__dam-img--loading\" onload=\"this.classList.remove('image_expandable__dam-img--loading')\" onerror=\"imageLoadError(this)\" height=\"463\" width=\"829\" loading=\"lazy\"\/><\/p>\n<p>       <img decoding=\"async\" src=\"https:\/\/www.europesays.com\/es\/wp-content\/uploads\/2026\/07\/screenshot-2026-07-11-200206.png\" alt=\"Hay una gran presencia policial en el lugar del festival Salsa on St. Clair en Toronto, Canad\u00e1.\" class=\"image_expandable__dam-img image_expandable__dam-img--loading\" onload=\"this.classList.remove('image_expandable__dam-img--loading')\" onerror=\"imageLoadError(this)\" height=\"463\" width=\"831\" loading=\"lazy\"\/><\/p>\n<p class=\"paragraph inline-placeholder vossi-paragraph\" data-uri=\"es.cms.cnn.com\/_components\/paragraph\/instances\/cmrh73qqf000z356r84wh2kzp@published\" data-editable=\"text\" data-component-name=\"paragraph\" data-article-gutter=\"true\">\n            Aunque la violencia armada mortal es menos com\u00fan en Canad\u00e1 que en Estados Unidos, aun as\u00ed devasta a las comunidades.\n    <\/p>\n<p class=\"paragraph inline-placeholder vossi-paragraph\" data-uri=\"es.cms.cnn.com\/_components\/paragraph\/instances\/cmrh73wpg0011356rqk3qyfpa@published\" data-editable=\"text\" data-component-name=\"paragraph\" data-article-gutter=\"true\">\n            Hace menos de tres semanas, el pa\u00eds qued\u00f3 devastado por otro tiroteo masivo cuando un hombre armado abri\u00f3 fuego en Montreal. Un posterior tiroteo con la polic\u00eda dej\u00f3 dos muertos a plena luz del d\u00eda y marc\u00f3 la primera vez en dos decenios que un agente de polic\u00eda de Montreal muere en el cumplimiento del deber.\n    <\/p>\n<p class=\"paragraph inline-placeholder vossi-paragraph\" data-uri=\"es.cms.cnn.com\/_components\/paragraph\/instances\/cmrh74s1s0013356rkc3dvj0o@published\" data-editable=\"text\" data-component-name=\"paragraph\" data-article-gutter=\"true\">\n            El tiroteo ocurri\u00f3 en un pa\u00eds con leyes sobre armas mucho m\u00e1s estrictas en comparaci\u00f3n con Estados Unidos y donde los tiroteos masivos son poco frecuentes. Despu\u00e9s de que Canad\u00e1 sufriera su tiroteo m\u00e1s mort\u00edfero en Nueva Escocia en 2020, en el que murieron 22 personas, el gobierno implement\u00f3 importantes reformas y prohibiciones sobre armas de estilo militar.\n    <\/p>\n","protected":false},"excerpt":{"rendered":"CNN\u00a0\u2014\u00a0 Dos personas murieron y varias m\u00e1s resultaron heridas despu\u00e9s de que al menos dos atacantes intercambiaran disparos&hellip;\n","protected":false},"author":2,"featured_media":653951,"comment_status":"","ping_status":"","sticky":false,"template":"","format":"standard","meta":{"footnotes":""},"categories":[42],"tags":[17,18,3730,13,14,11,61,62,63,64,19,20,9,10,15,16,6773,12,9802,21,22,65,66,67],"class_list":["post-653950","post","type-post","status-publish","format-standard","has-post-thumbnail","category-internacional","tag-breaking-news","tag-breakingnews","tag-canada","tag-featured-news","tag-featurednews","tag-headlines","tag-internacional","tag-international","tag-international-news","tag-internationalnews","tag-latest-news","tag-latestnews","tag-news","tag-noticias","tag-noticias-destacadas","tag-noticiasdestacadas","tag-tiroteo","tag-titulares","tag-toronto","tag-ultimas-noticias","tag-ultimasnoticias","tag-world","tag-world-news","tag-worldnews"],"share_on_mastodon":{"url":"","error":""},"_links":{"self":[{"href":"https:\/\/www.europesays.com\/es\/wp-json\/wp\/v2\/posts\/653950","targetHints":{"allow":["GET"]}}],"collection":[{"href":"https:\/\/www.europesays.com\/es\/wp-json\/wp\/v2\/posts"}],"about":[{"href":"https:\/\/www.europesays.com\/es\/wp-json\/wp\/v2\/types\/post"}],"author":[{"embeddable":true,"href":"https:\/\/www.europesays.com\/es\/wp-json\/wp\/v2\/users\/2"}],"replies":[{"embeddable":true,"href":"https:\/\/www.europesays.com\/es\/wp-json\/wp\/v2\/comments?post=653950"}],"version-history":[{"count":0,"href":"https:\/\/www.europesays.com\/es\/wp-json\/wp\/v2\/posts\/653950\/revisions"}],"wp:featuredmedia":[{"embeddable":true,"href":"https:\/\/www.europesays.com\/es\/wp-json\/wp\/v2\/media\/653951"}],"wp:attachment":[{"href":"https:\/\/www.europesays.com\/es\/wp-json\/wp\/v2\/media?parent=653950"}],"wp:term":[{"taxonomy":"category","embeddable":true,"href":"https:\/\/www.europesays.com\/es\/wp-json\/wp\/v2\/categories?post=653950"},{"taxonomy":"post_tag","embeddable":true,"href":"https:\/\/www.europesays.com\/es\/wp-json\/wp\/v2\/tags?post=653950"}],"curies":[{"name":"wp","href":"https:\/\/api.w.org\/{rel}","templated":true}]}}