{"id":653974,"date":"2026-07-12T07:56:15","date_gmt":"2026-07-12T07:56:15","guid":{"rendered":"https:\/\/www.europesays.com\/es\/653974\/"},"modified":"2026-07-12T07:56:15","modified_gmt":"2026-07-12T07:56:15","slug":"apple-prepara-su-primer-iphone-plegable-y-una-filtracion-adelanta-la-capacidad-de-su-bateria","status":"publish","type":"post","link":"https:\/\/www.europesays.com\/es\/653974\/","title":{"rendered":"Apple prepara su primer iPhone plegable y una filtraci\u00f3n adelanta la capacidad de su bater\u00eda"},"content":{"rendered":"<p><img alt=\"Persona sostiene un iPhone plegable abierto mostrando su pantalla y aplicaciones visibles.\" class=\"global-image\" decoding=\"async\" fetchpriority=\"high\" height=\"768\" loading=\"eager\" src=\"https:\/\/www.europesays.com\/es\/wp-content\/uploads\/2026\/07\/OAKIYZ6SGRE5TMSHPZVC3U4FUE.png\" width=\"1408\"\/>Una persona sostiene en sus manos un prototipo de iPhone plegable sobre una mesa iluminada. (Imagen Ilustrativa Infobae)<\/p>\n<p class=\"paragraph\"><a href=\"https:\/\/www.infobae.com\/tecno\/2026\/07\/11\/apple-demanda-a-openai-en-estados-unidos-por-presunto-robo-de-informacion-confidencial\/\" target=\"_blank\" rel=\"noreferrer nofollow noopener\" title=\"https:\/\/www.infobae.com\/tecno\/2026\/07\/11\/apple-demanda-a-openai-en-estados-unidos-por-presunto-robo-de-informacion-confidencial\/\">Apple<\/a> contin\u00faa avanzando en el desarrollo de su esperado primer <a href=\"https:\/\/www.infobae.com\/tecno\/2026\/06\/22\/iphone-plegable-gafas-con-ia-y-airpods-con-camara-la-revolucion-que-prepara-apple\/\" target=\"_blank\" rel=\"noreferrer nofollow noopener\" title=\"https:\/\/www.infobae.com\/tecno\/2026\/06\/22\/iphone-plegable-gafas-con-ia-y-airpods-con-camara-la-revolucion-que-prepara-apple\/\">iPhone plegable<\/a> y una nueva filtraci\u00f3n habr\u00eda revelado uno de sus principales componentes. El dispositivo, mencionado de manera extraoficial como <b>iPhone Ultra, podr\u00eda incorporar una bater\u00eda cercana a los 5.000 mAh<\/b>, una capacidad elevada para los est\u00e1ndares de la compa\u00f1\u00eda y necesaria para alimentar una pantalla de mayor tama\u00f1o.<\/p>\n<p class=\"paragraph\">La informaci\u00f3n procede del conocido informante Digital Chat Station, quien public\u00f3 en la plataforma china Weibo datos sobre la supuesta certificaci\u00f3n de dos bater\u00edas fabricadas por un proveedor habitual de Apple. <b>Los componentes tendr\u00edan capacidades nominales de 1.921 mAh y 2.962 mAh, que en conjunto sumar\u00edan 4.883 mAh.<\/b><\/p>\n<p class=\"paragraph\">Sin embargo, <b>la capacidad comercial anunciada podr\u00eda situarse alrededor de los 5.000 mAh.<\/b> De confirmarse, ser\u00eda una de las bater\u00edas de mayor capacidad utilizadas hasta ahora en un iPhone y reforzar\u00eda los rumores sobre el desarrollo de un tel\u00e9fono plegable.<\/p>\n<p><img alt=\"Apple podr\u00eda presentar su nuevo iPhone plegable en setiembre, junto al iPhone 18 Pro y Pro Max.\" class=\"global-image\" decoding=\"async\" fetchpriority=\"low\" height=\"1275\" loading=\"lazy\" src=\"https:\/\/www.europesays.com\/es\/wp-content\/uploads\/2026\/07\/CD7IRKUMRNF73EW7UUHBOVXRIM.jpg\" width=\"1920\"\/>Apple podr\u00eda presentar su nuevo iPhone plegable en setiembre, junto al iPhone 18 Pro y Pro Max.<\/p>\n<p class=\"paragraph\">Por el momento, <b>Apple no ha confirmado oficialmente la existencia del dispositivo<\/b>, su nombre comercial, sus especificaciones ni una fecha de lanzamiento. Por tanto, los datos deben considerarse informaci\u00f3n no oficial hasta que la compa\u00f1\u00eda realice un anuncio.<\/p>\n<p class=\"paragraph\">Uno de los elementos que m\u00e1s ha llamado la atenci\u00f3n de la filtraci\u00f3n es la utilizaci\u00f3n de dos m\u00f3dulos de bater\u00eda separados. <b>Esta configuraci\u00f3n es habitual en los tel\u00e9fonos plegables debido a su dise\u00f1o interno<\/b>.<\/p>\n<p class=\"paragraph\">A diferencia de un smartphone convencional, <b>los dispositivos plegables distribuyen sus componentes entre dos mitades conectadas mediante una bisagra<\/b>. Esto obliga a los fabricantes a reorganizar elementos como la placa base, las c\u00e1maras y la bater\u00eda.<\/p>\n<p class=\"paragraph\">En este caso, los dos m\u00f3dulos filtrados tendr\u00edan capacidades diferentes: uno de 1.921 mAh y otro de 2.962 mAh. La suma alcanza los 4.883 mAh de capacidad nominal, aunque el valor promocionado podr\u00eda redondearse o situarse cerca de los 5.000 mAh seg\u00fan la capacidad t\u00edpica del producto final.<\/p>\n<p><img alt=\"(Imagen Ilustrativa Infobae)\" class=\"global-image\" decoding=\"async\" fetchpriority=\"low\" height=\"768\" loading=\"lazy\" src=\"https:\/\/www.europesays.com\/es\/wp-content\/uploads\/2026\/07\/BIRCN3YAFJAEBPQ6QJICT5MDH4.png\" width=\"1408\"\/>El primer iPhone plegable tendr\u00eda dos bater\u00edas para una mejor autonom\u00eda. (Imagen Ilustrativa Infobae)<\/p>\n<p class=\"paragraph\"><b>Una bater\u00eda de este tama\u00f1o ser\u00eda especialmente relevante en un dispositivo plegable<\/b>, ya que las pantallas grandes suelen requerir un mayor consumo energ\u00e9tico. El software, la eficiencia del procesador y la tecnolog\u00eda utilizada en el panel tambi\u00e9n ser\u00e1n factores determinantes para conocer la autonom\u00eda real.<\/p>\n<p class=\"paragraph\">La supuesta capacidad del iPhone Ultra lo situar\u00eda en un rango competitivo frente a otros tel\u00e9fonos plegables de gama alta.<\/p>\n<p class=\"paragraph\"><b>Seg\u00fan las filtraciones, futuros modelos de Samsung tambi\u00e9n podr\u00edan apostar por bater\u00edas cercanas a esa cifra<\/b>. El Galaxy Z Fold8 est\u00e1ndar tendr\u00eda una capacidad aproximada de 4.800 mAh, mientras que una posible versi\u00f3n Ultra podr\u00eda acercarse a los 5.000 mAh.<\/p>\n<p class=\"paragraph\">No obstante, comparar \u00fanicamente la capacidad de la bater\u00eda no permite determinar qu\u00e9 dispositivo ofrecer\u00e1 una mayor autonom\u00eda. El tama\u00f1o y la resoluci\u00f3n de la pantalla, el procesador, la gesti\u00f3n t\u00e9rmica y la optimizaci\u00f3n del sistema operativo pueden modificar significativamente el consumo.<\/p>\n<p><img alt=\"(Imagen Ilustrativa Infobae)\" class=\"global-image\" decoding=\"async\" fetchpriority=\"low\" height=\"768\" loading=\"lazy\" src=\"https:\/\/www.europesays.com\/es\/wp-content\/uploads\/2026\/07\/CIHQX56C35A4PEL4R2STT542KE.png\" width=\"1408\"\/>Apple lanzar\u00eda su primer iPhone plegable para empezar a competir en modelos m\u00e1s exclusivos. (Imagen Ilustrativa Infobae)<\/p>\n<p class=\"paragraph\">Apple suele apoyarse en la integraci\u00f3n entre hardware y software para optimizar la autonom\u00eda de sus dispositivos, por lo que una bater\u00eda cercana a los 5.000 mAh podr\u00eda ofrecer un rendimiento diferente al de otros equipos con una capacidad similar.<\/p>\n<p class=\"paragraph\">La aparici\u00f3n de estos supuestos componentes certificados tambi\u00e9n ha sido interpretada como una se\u00f1al de que el desarrollo del dispositivo contin\u00faa avanzando.<\/p>\n<p class=\"paragraph\">Rumores anteriores hab\u00edan planteado la posibilidad de retrasos en el proyecto, pero las informaciones m\u00e1s recientes apuntan a que <b>Apple mantendr\u00eda sus planes de lanzamiento. Seg\u00fan estas versiones, el primer iPhone plegable podr\u00eda presentarse en septiembre<\/b> junto con el iPhone 18 Pro y el iPhone 18 Pro Max.<\/p>\n<p><img alt=\"Alrededor de Apple siempre se han mantenido rumores acerca de posibles dispositivos plegables. (Future)\" class=\"global-image\" decoding=\"async\" fetchpriority=\"low\" height=\"366\" loading=\"lazy\" src=\"https:\/\/www.europesays.com\/es\/wp-content\/uploads\/2026\/07\/XHQUWPQGV5GJBGNKWBEEDQ5OJE.jpeg\" width=\"650\"\/>Alrededor de Apple siempre se han mantenido rumores acerca de posibles dispositivos plegables. (Future)<\/p>\n<p class=\"paragraph\">La compa\u00f1\u00eda tendr\u00eda as\u00ed una nueva categor\u00eda dentro de su cat\u00e1logo de tel\u00e9fonos, dirigida al segmento m\u00e1s premium del mercado.<\/p>\n<p class=\"paragraph\">El nombre iPhone Ultra tampoco ha sido confirmado oficialmente. Apple podr\u00eda utilizar otra denominaci\u00f3n cuando presente el producto, en caso de que finalmente llegue al mercado.<\/p>\n","protected":false},"excerpt":{"rendered":"Una persona sostiene en sus manos un prototipo de iPhone plegable sobre una mesa iluminada. (Imagen Ilustrativa Infobae)&hellip;\n","protected":false},"author":2,"featured_media":653975,"comment_status":"","ping_status":"","sticky":false,"template":"","format":"standard","meta":{"footnotes":""},"categories":[81],"tags":[2823,119,123,124,234,119821,25,24,1816,119820,25295,119822,111578,117,121,122,1604,23,118,120],"class_list":["post-653974","post","type-post","status-publish","format-standard","has-post-thumbnail","category-ciencia-y-tecnologia","tag-apple","tag-ciencia","tag-ciencia-y-tecnologia","tag-cienciaytecnologia","tag-diseno","tag-dispositivo-movil","tag-es","tag-espana","tag-innovacion","tag-iphone-plegable","tag-novedad","tag-pantalla-flexible","tag-prototipo","tag-science","tag-science-and-technology","tag-scienceandtechnology","tag-smartphone","tag-spain","tag-technology","tag-tecnologia"],"share_on_mastodon":{"url":"https:\/\/pubeurope.com\/@es\/116905941615003940","error":""},"_links":{"self":[{"href":"https:\/\/www.europesays.com\/es\/wp-json\/wp\/v2\/posts\/653974","targetHints":{"allow":["GET"]}}],"collection":[{"href":"https:\/\/www.europesays.com\/es\/wp-json\/wp\/v2\/posts"}],"about":[{"href":"https:\/\/www.europesays.com\/es\/wp-json\/wp\/v2\/types\/post"}],"author":[{"embeddable":true,"href":"https:\/\/www.europesays.com\/es\/wp-json\/wp\/v2\/users\/2"}],"replies":[{"embeddable":true,"href":"https:\/\/www.europesays.com\/es\/wp-json\/wp\/v2\/comments?post=653974"}],"version-history":[{"count":0,"href":"https:\/\/www.europesays.com\/es\/wp-json\/wp\/v2\/posts\/653974\/revisions"}],"wp:featuredmedia":[{"embeddable":true,"href":"https:\/\/www.europesays.com\/es\/wp-json\/wp\/v2\/media\/653975"}],"wp:attachment":[{"href":"https:\/\/www.europesays.com\/es\/wp-json\/wp\/v2\/media?parent=653974"}],"wp:term":[{"taxonomy":"category","embeddable":true,"href":"https:\/\/www.europesays.com\/es\/wp-json\/wp\/v2\/categories?post=653974"},{"taxonomy":"post_tag","embeddable":true,"href":"https:\/\/www.europesays.com\/es\/wp-json\/wp\/v2\/tags?post=653974"}],"curies":[{"name":"wp","href":"https:\/\/api.w.org\/{rel}","templated":true}]}}