{"id":654004,"date":"2026-07-12T08:22:14","date_gmt":"2026-07-12T08:22:14","guid":{"rendered":"https:\/\/www.europesays.com\/es\/654004\/"},"modified":"2026-07-12T08:22:14","modified_gmt":"2026-07-12T08:22:14","slug":"dia-uno-despues-de-yolanda-diaz-sumar-cambia-sus-rostros-para-ser-una-izquierda-que-no-va-a-por-una-sola-tradicion-politica","status":"publish","type":"post","link":"https:\/\/www.europesays.com\/es\/654004\/","title":{"rendered":"D\u00eda uno despu\u00e9s de Yolanda D\u00edaz: Sumar cambia sus rostros para ser \u00abuna izquierda que no va a por una sola tradici\u00f3n pol\u00edtica\u00bb"},"content":{"rendered":"<p class=\"L6-news-detail__text\">Sumar ha dado un importante paso este s\u00e1bado proclamando a sus dos nuevas coordinadoras: <b><a title=\"Ver\u00f3nica Mart\u00ednez Barbero y Rosa Mart\u00ednez\" href=\"https:\/\/www.lasexta.com\/noticias\/nacional\/veronica-martinez-barbero-rosa-martinez-convierten-nuevas-lideres-sumar-9592-apoyo_202607116a52682a772f745d2c41b580.html\" target=\"_blank\" rel=\"nofollow noopener\">Ver\u00f3nica Mart\u00ednez Barbero y Rosa Mart\u00ednez<\/a><\/b>. Ambas liderar\u00e1n el partido tras <b>la marcha de Yolanda D\u00edaz<\/b>, que fund\u00f3 este partido hace apenas tres a\u00f1os. Y precisamente existe la duda de c\u00f3mo se desenvolver\u00e1 Movimiento Sumar tras la salida de la ministra de Trabajo.<\/p>\n<p class=\"L6-news-detail__text\">Y es que D\u00edaz ha certificado este s\u00e1bado su paso al lado de la vida org\u00e1nica de la formaci\u00f3n. Lo que ya hab\u00eda anunciado, que no ser\u00eda m\u00e1s la candidata de Sumar, se ha acreditado en la asamblea extraordinaria celebrada en la que ha ganado una candidatura en la que ella no figura. Eso no ha impedido que <b>estuviera presente acompa\u00f1ando a sus compa\u00f1eras<\/b>, pero lo ha hecho como una m\u00e1s y no como la figura pol\u00edtica que cre\u00f3 y ha liderado toda la existencia de Sumar hasta ahora.<\/p>\n<p class=\"L6-news-detail__text\">De hecho, el cambio de imagen de Movimiento Sumar es notorio. A la marcha de D\u00edaz se suma tambi\u00e9n la de la anterior coordinadora, Lara Hern\u00e1ndez, que ya hab\u00eda anunciado hasta su abandono de la militancia tras denunciar ser v\u00edctima de una \u00abcampa\u00f1a de desprestigio\u00bb.<\/p>\n<p class=\"L6-news-detail__text\"><b>El \u00fanico ministro que figura en la candidatura ganadora es el titular de la cartera de Cultura, Ernest Urtasun<\/b>, que formar\u00e1 parte de la nueva direcci\u00f3n sin que se haya aclarado el rol en concreto que ejecutar\u00e1.<\/p>\n<p class=\"L6-news-detail__text\">Adem\u00e1s de \u00e9l, otros cuatro diputados de Sumar en el Congreso tambi\u00e9n forman parte de la nueva direcci\u00f3n son Lander Mart\u00ednez, Laura Vergara, Viviane Ogou y Esther Gil.<\/p>\n<p class=\"L6-news-detail__text\">Una candidatura que tiene ante s\u00ed el objetivo de liderar la cuarta fuerza pol\u00edtica en Espa\u00f1a, <b>\u00abuna izquierda que no va a por una sola tradici\u00f3n pol\u00edtica ni por una sola organizaci\u00f3n\u00bb<\/b>, como ha apuntado Mart\u00ednez Barbero.<\/p>\n<p class=\"L6-news-detail__text\"><b><a title=\"*Sigue a laSexta en Google. Toda la actualidad y el mejor contenido aqu\u00ed.\" href=\"https:\/\/profile.google.com\/cp\/CgkvbS8wZG5xejA\" target=\"_blank\" rel=\"nofollow noopener\">*Sigue a laSexta en Google. Toda la actualidad y el mejor contenido aqu\u00ed.<\/a><\/b><\/p>\n<p class=\"L6-support-news-video__title\">En Almer\u00eda<\/p>\n<p> <a href=\"https:\/\/www.lasexta.com\/noticias\/nacional\/pedro-sanchez-visitara-este-lunes-zona-incendio-forestal-gallardos_202607116a525bedc48a78681b825cbc.html\" class=\"L6-news__link\" rel=\"nofollow noopener\" target=\"_blank\">Pedro S\u00e1nchez visitar\u00e1 este lunes la zona del incendio forestal en Los Gallardos<\/p>\n<p class=\"recirculation-video-desc\">Los detalles El presidente del Gobierno ten\u00eda previsto acudir este lunes al acto de demolici\u00f3n de la Verja de la L\u00ednea de la Concepci\u00f3n (C\u00e1diz), pero lo ha aplazado por la tragedia.<\/p>\n<p> <\/a><\/p>\n","protected":false},"excerpt":{"rendered":"Sumar ha dado un importante paso este s\u00e1bado proclamando a sus dos nuevas coordinadoras: Ver\u00f3nica Mart\u00ednez Barbero y&hellip;\n","protected":false},"author":2,"featured_media":654005,"comment_status":"","ping_status":"","sticky":false,"template":"","format":"standard","meta":{"footnotes":""},"categories":[8],"tags":[17,18,2125,25,24,13,14,11,19,20,9,10,15,110362,16,23,4453,12,21,22,4454],"class_list":["post-654004","post","type-post","status-publish","format-standard","has-post-thumbnail","category-espana","tag-breaking-news","tag-breakingnews","tag-directo","tag-es","tag-espana","tag-featured-news","tag-featurednews","tag-headlines","tag-latest-news","tag-latestnews","tag-news","tag-noticias","tag-noticias-destacadas","tag-noticias-ultima-hora","tag-noticiasdestacadas","tag-spain","tag-sumar","tag-titulares","tag-ultimas-noticias","tag-ultimasnoticias","tag-yolanda-diaz"],"share_on_mastodon":{"url":"https:\/\/pubeurope.com\/@es\/116906042822376429","error":""},"_links":{"self":[{"href":"https:\/\/www.europesays.com\/es\/wp-json\/wp\/v2\/posts\/654004","targetHints":{"allow":["GET"]}}],"collection":[{"href":"https:\/\/www.europesays.com\/es\/wp-json\/wp\/v2\/posts"}],"about":[{"href":"https:\/\/www.europesays.com\/es\/wp-json\/wp\/v2\/types\/post"}],"author":[{"embeddable":true,"href":"https:\/\/www.europesays.com\/es\/wp-json\/wp\/v2\/users\/2"}],"replies":[{"embeddable":true,"href":"https:\/\/www.europesays.com\/es\/wp-json\/wp\/v2\/comments?post=654004"}],"version-history":[{"count":0,"href":"https:\/\/www.europesays.com\/es\/wp-json\/wp\/v2\/posts\/654004\/revisions"}],"wp:featuredmedia":[{"embeddable":true,"href":"https:\/\/www.europesays.com\/es\/wp-json\/wp\/v2\/media\/654005"}],"wp:attachment":[{"href":"https:\/\/www.europesays.com\/es\/wp-json\/wp\/v2\/media?parent=654004"}],"wp:term":[{"taxonomy":"category","embeddable":true,"href":"https:\/\/www.europesays.com\/es\/wp-json\/wp\/v2\/categories?post=654004"},{"taxonomy":"post_tag","embeddable":true,"href":"https:\/\/www.europesays.com\/es\/wp-json\/wp\/v2\/tags?post=654004"}],"curies":[{"name":"wp","href":"https:\/\/api.w.org\/{rel}","templated":true}]}}