{"id":654118,"date":"2026-07-12T10:09:11","date_gmt":"2026-07-12T10:09:11","guid":{"rendered":"https:\/\/www.europesays.com\/es\/654118\/"},"modified":"2026-07-12T10:09:11","modified_gmt":"2026-07-12T10:09:11","slug":"audiencias-tv-ayer-sabado-11-julio-2026-la-voz-kids-lidera-los-san-fermines-arrasan-y-malas-lenguas-supera-a-lasexta-xplica","status":"publish","type":"post","link":"https:\/\/www.europesays.com\/es\/654118\/","title":{"rendered":"Audiencias TV Ayer s\u00e1bado 11 julio 2026: &#8216;La Voz Kids&#8217; lidera, los San Fermines arrasan y &#8216;Malas lenguas&#8217; supera a &#8216;laSexta Xplica&#8217;"},"content":{"rendered":"<p class=\"ft-text\"><strong>&#8216;La Voz Kids&#8217; <\/strong>sali\u00f3 victoriosa una noche m\u00e1s con sus \u00faltimos asaltos. El programa de <strong>Eva Gonz\u00e1lez<\/strong> lidera la noche y es la \u00fanica oferta que alcanza el doble d\u00edgito con un <strong>10,9% y 881.000<\/strong> espectadores. Por su parte,<strong> &#8216;Hay una cosa que te quiero decir&#8217; <\/strong>contin\u00faa con discreci\u00f3n su actual temporada y se conforma con el <strong>8,9% y 606.000<\/strong> televidentes. <\/p>\n<p class=\"ft-text\">El otro duelo de la noche se lo lleva de nuevo TVE, que consigue su tercer triunfo en la noche del s\u00e1bado. <strong>Jes\u00fas Cintora <\/strong>y sus <strong>&#8216;Malas Lenguas Noche&#8217;<\/strong> se afianzan en La 2 y logran un gran <strong>5,7% y 403.000 <\/strong>seguidores, superando a su rival directo,<strong> &#8216;laSexta Xplica&#8217;<\/strong>, que se hunde hasta el <strong>3,6% y 257.000<\/strong> fieles. <\/p>\n<p class=\"ft-text\">En DAZN, el Mundial convence y consigue un gran seguimiento con el <strong>Noruega &#8211; Inglaterra<\/strong>. El partido de cuartos de final anota un <strong>14,1%<\/strong> en la plataforma de pago, mientras que la pr\u00f3rroga se dispara al <strong>22,4%<\/strong>. <\/p>\n<p class=\"ft-text\">Por la tarde, Telecinco sigue con su dispar situaci\u00f3n. Mientras<strong> &#8216;El show de Paz&#8217; <\/strong>parece no remontar y se queda en un flojo <strong>6,9% y 572.000 <\/strong>apoyos,<strong> &#8216;Fiesta&#8217; <\/strong>contin\u00faa en su mejor momento y se hace con el <strong>9,7% y 673.000 <\/strong>espectadores. <\/p>\n<p class=\"ft-text\">Por \u00faltimo, los San Fermines contin\u00faan arrasando en las ma\u00f1anas de La 1. El programa<strong> \u00abVive San Ferm\u00edn&#8217; <\/strong>obtiene ayer un <strong>49,8% <\/strong>de seguimiento, mientras que el <strong>Encierro<\/strong> se catapulta hasta un espectacular <strong>61,9%.<\/strong> <\/p>\n","protected":false},"excerpt":{"rendered":"&#8216;La Voz Kids&#8217; sali\u00f3 victoriosa una noche m\u00e1s con sus \u00faltimos asaltos. El programa de Eva Gonz\u00e1lez lidera&hellip;\n","protected":false},"author":2,"featured_media":654119,"comment_status":"","ping_status":"","sticky":false,"template":"","format":"standard","meta":{"footnotes":""},"categories":[171],"tags":[11919,3076,4040,2509,5659,29240,146,147,25,24,12556,888,203,1783,5079,31015,9463,9462,19600,193,3397,2228,8484,292,23,214,3156,1447,5623],"class_list":["post-654118","post","type-post","status-publish","format-standard","has-post-thumbnail","category-tv","tag-11919","tag-3076","tag-antena-3","tag-audiencias","tag-audiencias-television","tag-ayer","tag-entertainment","tag-entretenimiento","tag-es","tag-espana","tag-fermin","tag-julio","tag-kids","tag-la","tag-la-sexta","tag-la-voz","tag-lenguas","tag-malas","tag-malas-lenguas","tag-noche","tag-sabado","tag-san","tag-san-fermin","tag-sexta","tag-spain","tag-tv","tag-tve","tag-voz","tag-xplica"],"share_on_mastodon":{"url":"https:\/\/pubeurope.com\/@es\/116906463468409655","error":""},"_links":{"self":[{"href":"https:\/\/www.europesays.com\/es\/wp-json\/wp\/v2\/posts\/654118","targetHints":{"allow":["GET"]}}],"collection":[{"href":"https:\/\/www.europesays.com\/es\/wp-json\/wp\/v2\/posts"}],"about":[{"href":"https:\/\/www.europesays.com\/es\/wp-json\/wp\/v2\/types\/post"}],"author":[{"embeddable":true,"href":"https:\/\/www.europesays.com\/es\/wp-json\/wp\/v2\/users\/2"}],"replies":[{"embeddable":true,"href":"https:\/\/www.europesays.com\/es\/wp-json\/wp\/v2\/comments?post=654118"}],"version-history":[{"count":0,"href":"https:\/\/www.europesays.com\/es\/wp-json\/wp\/v2\/posts\/654118\/revisions"}],"wp:featuredmedia":[{"embeddable":true,"href":"https:\/\/www.europesays.com\/es\/wp-json\/wp\/v2\/media\/654119"}],"wp:attachment":[{"href":"https:\/\/www.europesays.com\/es\/wp-json\/wp\/v2\/media?parent=654118"}],"wp:term":[{"taxonomy":"category","embeddable":true,"href":"https:\/\/www.europesays.com\/es\/wp-json\/wp\/v2\/categories?post=654118"},{"taxonomy":"post_tag","embeddable":true,"href":"https:\/\/www.europesays.com\/es\/wp-json\/wp\/v2\/tags?post=654118"}],"curies":[{"name":"wp","href":"https:\/\/api.w.org\/{rel}","templated":true}]}}