{"id":654158,"date":"2026-07-12T10:44:16","date_gmt":"2026-07-12T10:44:16","guid":{"rendered":"https:\/\/www.europesays.com\/es\/654158\/"},"modified":"2026-07-12T10:44:16","modified_gmt":"2026-07-12T10:44:16","slug":"la-geolocalizacion-de-un-telefono-movil-destapa-un-gran-botin-de-robos-en-san-fermin","status":"publish","type":"post","link":"https:\/\/www.europesays.com\/es\/654158\/","title":{"rendered":"La geolocalizaci\u00f3n de un tel\u00e9fono m\u00f3vil destapa un gran bot\u00edn de robos en San Ferm\u00edn"},"content":{"rendered":"<p>\n        La <a href=\"https:\/\/www.noticiasdenavarra.com\/tags\/policia-foral\/\" title=\"Polic\u00eda Foral\" class=\"link copy\" rel=\"nofollow noopener\" target=\"_blank\">Polic\u00eda Foral<\/a> ha recuperado <strong>29 tel\u00e9fonos m\u00f3viles de alta gama<\/strong> presuntamente robados durante una sola noche de <strong>San Ferm\u00edn<\/strong> y ha detenido a <strong>dos hombres, de 25 y 27 a\u00f1os<\/strong>, como presuntos autores de un <strong>delito continuado de hurto<\/strong> dentro del dispositivo especial de seguridad desplegado en las fiestas de Pamplona.\n<\/p>\n<p class=\"article-body__text \">\n        La actuaci\u00f3n se produjo durante la madrugada de este <strong>12 de julio<\/strong>, cuando una de las v\u00edctimas alert\u00f3 a los agentes tras sufrir el robo de su tel\u00e9fono y facilit\u00f3 la <strong>geolocalizaci\u00f3n<\/strong> del dispositivo, que situaba el terminal en la <strong>plaza de Santa Ana<\/strong>, en pleno <strong>Casco Antiguo de Pamplona<\/strong>.\n<\/p>\n<p class=\"article-body__text \">\n        Hasta el lugar se desplazaron <strong>agentes de paisano<\/strong> de la <strong>Divisi\u00f3n de Prevenci\u00f3n y Atenci\u00f3n Ciudadana<\/strong>, especializados en la prevenci\u00f3n e investigaci\u00f3n de este tipo de delitos. Durante la inspecci\u00f3n localizaron una <strong>bolsa oculta<\/strong> que conten\u00eda <strong>12 tel\u00e9fonos m\u00f3viles<\/strong> de alta gama, por lo que decidieron establecer un <strong>dispositivo de vigilancia<\/strong> a la espera de que los responsables regresaran a recogerlos.\n<\/p>\n<p class=\"article-body__text \">\n        De forma paralela, otros polic\u00edas iniciaron un <strong>seguimiento discreto<\/strong> sobre <strong>dos varones<\/strong> que hab\u00edan despertado sus sospechas en las inmediaciones. Tras varios minutos de vigilancia, ambos se dirigieron precisamente hasta el lugar donde se encontraba la bolsa con los terminales.\n<\/p>\n<p class=\"article-body__text \">\n        Fue entonces cuando los agentes que permanec\u00edan ocultos y los que realizaban el seguimiento actuaron de forma coordinada para proceder a la <strong>detenci\u00f3n<\/strong> de ambos sospechosos. En el momento del arresto, los dos j\u00f3venes llevaban consigo <strong>otros 17 tel\u00e9fonos m\u00f3viles<\/strong>, que se sumaron a los 12 ya recuperados, elevando el total a <strong>29 terminales intervenidos<\/strong> en una \u00fanica operaci\u00f3n.\n<\/p>\n<p>  Investigaci\u00f3n para localizar a los propietarios<\/p>\n<p class=\"article-body__text \">\n        La <strong>Divisi\u00f3n de Polic\u00eda Judicial<\/strong> de la Polic\u00eda Foral se ha hecho cargo de las diligencias y trabaja ahora para <strong>identificar y localizar a los propietarios leg\u00edtimos<\/strong> de los tel\u00e9fonos recuperados con el fin de proceder a su devoluci\u00f3n.\n<\/p>\n<p class=\"article-body__text \">\n        La investigaci\u00f3n contin\u00faa abierta para determinar el alcance de la actividad delictiva y la posible relaci\u00f3n de los detenidos con un <strong>grupo criminal organizado<\/strong> dedicado al robo de m\u00f3viles durante las fiestas.\n<\/p>\n<p>  Recomendaciones para facilitar la recuperaci\u00f3n<\/p>\n<p class=\"article-body__text \">\n        Ante este tipo de delitos, la <strong>Polic\u00eda Foral<\/strong> recomienda a los propietarios de tel\u00e9fonos m\u00f3viles <strong>configurar entre dos y tres contactos de emergencia<\/strong>, ya que esta informaci\u00f3n puede resultar de gran utilidad para facilitar la recuperaci\u00f3n del dispositivo.\n<\/p>\n<p class=\"article-body__text \">\n        Asimismo, recuerda la importancia de <strong>vigilar en todo momento las pertenencias<\/strong>, especialmente durante los actos multitudinarios de <strong>San Ferm\u00edn<\/strong>, e <strong>interponer una denuncia<\/strong> lo antes posible en caso de robo o hurto, aportando siempre que sea posible el <strong>n\u00famero IMEI<\/strong> del terminal, un dato clave para su identificaci\u00f3n y recuperaci\u00f3n.<\/p>\n","protected":false},"excerpt":{"rendered":"La Polic\u00eda Foral ha recuperado 29 tel\u00e9fonos m\u00f3viles de alta gama presuntamente robados durante una sola noche de&hellip;\n","protected":false},"author":2,"featured_media":654159,"comment_status":"","ping_status":"","sticky":false,"template":"","format":"standard","meta":{"footnotes":""},"categories":[8],"tags":[17,18,17379,25,24,13,14,119847,3956,11,19,20,10540,9,10,15,16,23,11189,12,21,22],"class_list":["post-654158","post","type-post","status-publish","format-standard","has-post-thumbnail","category-espana","tag-breaking-news","tag-breakingnews","tag-destapa","tag-es","tag-espana","tag-featured-news","tag-featurednews","tag-geolocalizacion","tag-gran","tag-headlines","tag-latest-news","tag-latestnews","tag-movil","tag-news","tag-noticias","tag-noticias-destacadas","tag-noticiasdestacadas","tag-spain","tag-telefono","tag-titulares","tag-ultimas-noticias","tag-ultimasnoticias"],"share_on_mastodon":{"url":"https:\/\/pubeurope.com\/@es\/116906601278794271","error":""},"_links":{"self":[{"href":"https:\/\/www.europesays.com\/es\/wp-json\/wp\/v2\/posts\/654158","targetHints":{"allow":["GET"]}}],"collection":[{"href":"https:\/\/www.europesays.com\/es\/wp-json\/wp\/v2\/posts"}],"about":[{"href":"https:\/\/www.europesays.com\/es\/wp-json\/wp\/v2\/types\/post"}],"author":[{"embeddable":true,"href":"https:\/\/www.europesays.com\/es\/wp-json\/wp\/v2\/users\/2"}],"replies":[{"embeddable":true,"href":"https:\/\/www.europesays.com\/es\/wp-json\/wp\/v2\/comments?post=654158"}],"version-history":[{"count":0,"href":"https:\/\/www.europesays.com\/es\/wp-json\/wp\/v2\/posts\/654158\/revisions"}],"wp:featuredmedia":[{"embeddable":true,"href":"https:\/\/www.europesays.com\/es\/wp-json\/wp\/v2\/media\/654159"}],"wp:attachment":[{"href":"https:\/\/www.europesays.com\/es\/wp-json\/wp\/v2\/media?parent=654158"}],"wp:term":[{"taxonomy":"category","embeddable":true,"href":"https:\/\/www.europesays.com\/es\/wp-json\/wp\/v2\/categories?post=654158"},{"taxonomy":"post_tag","embeddable":true,"href":"https:\/\/www.europesays.com\/es\/wp-json\/wp\/v2\/tags?post=654158"}],"curies":[{"name":"wp","href":"https:\/\/api.w.org\/{rel}","templated":true}]}}