{"id":654263,"date":"2026-07-12T12:18:20","date_gmt":"2026-07-12T12:18:20","guid":{"rendered":"https:\/\/www.europesays.com\/es\/654263\/"},"modified":"2026-07-12T12:18:20","modified_gmt":"2026-07-12T12:18:20","slug":"el-extrano-invento-de-un-ganadero-para-proteger-a-sus-ovejas-de-los-ataques-de-los-lobos","status":"publish","type":"post","link":"https:\/\/www.europesays.com\/es\/654263\/","title":{"rendered":"El extra\u00f1o invento de un ganadero para proteger a sus ovejas de los ataques de los lobos"},"content":{"rendered":"<p>\n        En el mundo rural, es habitual que muchos <strong>ganaderos<\/strong> ideen <strong>trucos<\/strong> de todo tipo para poder salir adelante en su <strong>vida diaria<\/strong> sin tener que hacer mucho esfuerzo. A base de <strong>imaginaci\u00f3n<\/strong> y utilizando los <strong>recursos disponibles<\/strong>, hacen todo lo que est\u00e1 en su mano para sacar provecho a cada tarea. Algo as\u00ed ha ocurrido en <strong>Austria<\/strong>, donde un <strong>revolucionario invento<\/strong> se ha vuelto <a href=\"https:\/\/www.noticiasdegipuzkoa.eus\/tags\/viral\/\" title=\"viral\" rel=\"nofollow noopener\" target=\"_blank\" class=\"link copy\"><strong>viral<\/strong><\/a>, y que el medio \u2018Oddity Central\u2019 recoge en una noticia.\n<\/p>\n<p>  Una idea para proteger al reba\u00f1o<\/p>\n<p class=\"article-body__text \">\n        El protagonista de esta historia es <strong>Rudolf Schaubach<\/strong>, un <strong>septuagenario<\/strong> originario de la ciudad austr\u00edaca de <strong>Villach<\/strong> que, consciente de los <strong>ataques mortales<\/strong> por <strong>lobos<\/strong> contra los <strong>reba\u00f1os<\/strong>, ha tenido una ocurrencia muy interesante.\n<\/p>\n<p class=\"article-body__text \">\n        Despu\u00e9s de a\u00f1os de trabajo, el ganadero ha elaborado un <strong>prototipo de cota de malla<\/strong> para las <strong>ovejas<\/strong>. El objetivo es muy simple: <strong>proteger<\/strong> a sus <a href=\"https:\/\/www.noticiasdegipuzkoa.eus\/tags\/ovejas\/\" title=\"ovejas\" rel=\"nofollow noopener\" target=\"_blank\" class=\"link copy\"><strong>ovejas <\/strong><\/a>ante las <strong>mordeduras<\/strong> de los <strong>depredadores<\/strong>, sin que estas sufran <strong>da\u00f1os visibles<\/strong> en su cuerpo.\n<\/p>\n<p>            <a href=\"https:\/\/www.noticiasdegipuzkoa.eus\/buzz-on\/2026\/06\/16\/gato-irrumpe-momento-tragico-romeo-julieta-ballet-ruso-turquia-viral-11206562.html\" title=\"Un gato irrumpe en el momento m\u00e1s tr\u00e1gico de &#039;Romeo y Julieta&#039; en Turqu\u00eda y lo cambia todo\" class=\"new__media\" rel=\"nofollow noopener\" target=\"_blank\"><\/p>\n<p>                <img alt=\"Un gato irrumpe en el momento m\u00e1s tr\u00e1gico de 'Romeo y Julieta' en Turqu\u00eda y lo cambia todo\" data-src=\"https:\/\/www.europesays.com\/es\/wp-content\/uploads\/2026\/07\/78f8f9a6-d8e6-4259-a7fd-ed95e71a12a5_16-9-aspect-ratio_default_0.jpg\" class=\"lozad\"\/><\/p>\n<p>        <\/a><\/p>\n<p>        <a href=\"https:\/\/www.noticiasdegipuzkoa.eus\/buzz-on\/2026\/06\/16\/gato-irrumpe-momento-tragico-romeo-julieta-ballet-ruso-turquia-viral-11206562.html\" title=\"Un gato irrumpe en el momento m\u00e1s tr\u00e1gico de &#039;Romeo y Julieta&#039; en Turqu\u00eda y lo cambia todo\" class=\"new__headline\" rel=\"nofollow noopener\" target=\"_blank\"><br \/>\n            Un gato irrumpe en el momento m\u00e1s tr\u00e1gico de &#8216;Romeo y Julieta&#8217; en Turqu\u00eda y lo cambia todo<br \/>\n        <\/a><\/p>\n<p>  Red ligera de p\u00faas contra las dentelladas<\/p>\n<p class=\"article-body__text \">\n        Esta creaci\u00f3n consiste en una <strong>red de pl\u00e1stico ligero<\/strong> cubierta con <strong>p\u00faas afiladas<\/strong>, de modo que pueda envolver todas las <strong>extremidades<\/strong> del animal y defender sus <strong>zonas m\u00e1s vulnerables<\/strong> ante un posible <strong>ataque<\/strong>.\n<\/p>\n<p class=\"article-body__text \">\n        Asimismo, su <strong>armadura<\/strong> queda sujeta con <strong>bandas el\u00e1sticas<\/strong>, con un <strong>peso total<\/strong> de entre <strong>dos y tres kilos<\/strong>. La estructura est\u00e1 pensada para infringir el suficiente <strong>dolor<\/strong> a los <strong>lobos<\/strong> para que se retiren de sus <strong>v\u00edctimas<\/strong>. Eso s\u00ed, sin causar <strong>lesiones<\/strong> o <strong>da\u00f1os irreversibles<\/strong>.\n<\/p>\n<p class=\"article-body__text \">\n        Y es que, seg\u00fan asegura el propio <strong>Schaubach<\/strong>, el <a href=\"https:\/\/www.noticiasdegipuzkoa.eus\/tags\/lobos\/\" title=\"lobo\" rel=\"nofollow noopener\" target=\"_blank\" class=\"link copy\"><strong>lobo <\/strong><\/a>es un <strong>animal inteligente<\/strong> que dif\u00edcilmente morder\u00e1 a una oveja por segunda vez, dado el <strong>efecto disuasorio<\/strong> que puede tener este <strong>invento<\/strong>.\n<\/p>\n<p class=\"article-photo__footer\">\n            Oveja en una granja.            Junta de Extremadura        <\/p>\n<p>            <a href=\"https:\/\/www.noticiasdegipuzkoa.eus\/buzz-on\/2026\/06\/04\/divertido-video-viral-ciclista-pasea-loro-carretera-vigo-11157673.html\" title=\"El divertido v\u00eddeo viral de un ciclista que \u2018pasea\u2019 a su loro por una carretera en Vigo\" class=\"new__media\" rel=\"nofollow noopener\" target=\"_blank\"><\/p>\n<p>                <img alt=\"El divertido v\u00eddeo viral de un ciclista que \u2018pasea\u2019 a su loro por una carretera en Vigo\" data-src=\"https:\/\/www.europesays.com\/es\/wp-content\/uploads\/2026\/07\/0d01853e-2353-4a7c-8fc2-a0012435da92_16-9-aspect-ratio_default_0.jpg\" class=\"lozad\"\/><\/p>\n<p>        <\/a><\/p>\n<p>        <a href=\"https:\/\/www.noticiasdegipuzkoa.eus\/buzz-on\/2026\/06\/04\/divertido-video-viral-ciclista-pasea-loro-carretera-vigo-11157673.html\" title=\"El divertido v\u00eddeo viral de un ciclista que \u2018pasea\u2019 a su loro por una carretera en Vigo\" class=\"new__headline\" rel=\"nofollow noopener\" target=\"_blank\"><br \/>\n            El divertido v\u00eddeo viral de un ciclista que \u2018pasea\u2019 a su loro por una carretera en Vigo<br \/>\n        <\/a><\/p>\n<p>  Proceso de pruebas reales y pol\u00e9mica<\/p>\n<p class=\"article-body__text \">\n        El protagonista, con la idea de demostrar su <strong>eficacia<\/strong>, apost\u00f3 por probar su <strong>malla para ovejas<\/strong> en diferentes <strong>granjas<\/strong> de los <strong>Alpes<\/strong>. El pasado mes de <strong>mayo<\/strong> de este a\u00f1o, otro <strong>ganadero<\/strong> autoriz\u00f3 probar la malla a varias de sus ovejas para observar la <strong>eficacia del invento<\/strong>.\n<\/p>\n<p class=\"article-body__text \">\n        A pesar de que todo transcurri\u00f3 con normalidad, un <strong>veterinario<\/strong> orden\u00f3 retirar la <strong>red<\/strong> tras una <strong>denuncia<\/strong> que present\u00f3 una <strong>protectora de animales<\/strong> local, argumentando que limitaba la <strong>movilidad<\/strong> y supon\u00eda un claro <strong>riesgo<\/strong> en caso de <strong>huida masiva<\/strong>.\n<\/p>\n<p class=\"article-body__text \">\n        En cuanto a <strong>Schaubach<\/strong>, se encuentra en la b\u00fasqueda de una <strong>empresa<\/strong> que le ayude a <strong>fabricar<\/strong> y <strong>comercializar<\/strong> su producto a <strong>gran escala<\/strong>, aplicando algunas <strong>modificaciones<\/strong> para que los <strong>bovinos<\/strong> sufran lo menos posible.<\/p>\n","protected":false},"excerpt":{"rendered":"En el mundo rural, es habitual que muchos ganaderos ideen trucos de todo tipo para poder salir adelante&hellip;\n","protected":false},"author":2,"featured_media":654264,"comment_status":"","ping_status":"","sticky":false,"template":"","format":"standard","meta":{"footnotes":""},"categories":[42],"tags":[5608,17,18,7381,13,14,31516,11,61,62,63,64,30649,19,20,14913,9,10,15,16,52050,9660,12,21,22,65,66,67],"class_list":["post-654263","post","type-post","status-publish","format-standard","has-post-thumbnail","category-internacional","tag-ataques","tag-breaking-news","tag-breakingnews","tag-extrano","tag-featured-news","tag-featurednews","tag-ganadero","tag-headlines","tag-internacional","tag-international","tag-international-news","tag-internationalnews","tag-invento","tag-latest-news","tag-latestnews","tag-lobos","tag-news","tag-noticias","tag-noticias-destacadas","tag-noticiasdestacadas","tag-ovejas","tag-proteger","tag-titulares","tag-ultimas-noticias","tag-ultimasnoticias","tag-world","tag-world-news","tag-worldnews"],"share_on_mastodon":{"url":"https:\/\/pubeurope.com\/@es\/116906971002036756","error":""},"_links":{"self":[{"href":"https:\/\/www.europesays.com\/es\/wp-json\/wp\/v2\/posts\/654263","targetHints":{"allow":["GET"]}}],"collection":[{"href":"https:\/\/www.europesays.com\/es\/wp-json\/wp\/v2\/posts"}],"about":[{"href":"https:\/\/www.europesays.com\/es\/wp-json\/wp\/v2\/types\/post"}],"author":[{"embeddable":true,"href":"https:\/\/www.europesays.com\/es\/wp-json\/wp\/v2\/users\/2"}],"replies":[{"embeddable":true,"href":"https:\/\/www.europesays.com\/es\/wp-json\/wp\/v2\/comments?post=654263"}],"version-history":[{"count":0,"href":"https:\/\/www.europesays.com\/es\/wp-json\/wp\/v2\/posts\/654263\/revisions"}],"wp:featuredmedia":[{"embeddable":true,"href":"https:\/\/www.europesays.com\/es\/wp-json\/wp\/v2\/media\/654264"}],"wp:attachment":[{"href":"https:\/\/www.europesays.com\/es\/wp-json\/wp\/v2\/media?parent=654263"}],"wp:term":[{"taxonomy":"category","embeddable":true,"href":"https:\/\/www.europesays.com\/es\/wp-json\/wp\/v2\/categories?post=654263"},{"taxonomy":"post_tag","embeddable":true,"href":"https:\/\/www.europesays.com\/es\/wp-json\/wp\/v2\/tags?post=654263"}],"curies":[{"name":"wp","href":"https:\/\/api.w.org\/{rel}","templated":true}]}}