{"id":65427,"date":"2025-08-22T20:17:09","date_gmt":"2025-08-22T20:17:09","guid":{"rendered":"https:\/\/www.europesays.com\/es\/65427\/"},"modified":"2025-08-22T20:17:09","modified_gmt":"2025-08-22T20:17:09","slug":"el-balonmano-caja-rural-zamora-vuelve-a-casa-con-triunfo","status":"publish","type":"post","link":"https:\/\/www.europesays.com\/es\/65427\/","title":{"rendered":"El Balonmano Caja Rural Zamora vuelve a casa con triunfo"},"content":{"rendered":"<p class=\"ft-text\">El <a href=\"https:\/\/www.laopiniondezamora.es\/deportes\/balonmano-zamora\/\" class=\"ft-link ft-link--decoration\" rel=\"nofollow noopener\" target=\"_blank\"><strong>Balonmano Caja Rural Zamora<\/strong><\/a><strong> regres\u00f3 este viernes a<\/strong>l \u00c1ngel Nieto en su tercer partido de pretemporada. Un estreno de curso ante su afici\u00f3n que sald\u00f3 con victoria por en un partido en el que fue de menos m\u00e1s, mostrando ciertas lagunas a corregir en su juego, pero tambi\u00e9n ofreciendo muy buenas sensaciones en pista.<\/p>\n<p class=\"ft-text\">La contienda arranc\u00f3 tras un sentido minuto de silencio en honor de la fallecida Laura D\u00edez Hern\u00e1ndez, socia n\u00famero 438 del club pistacho, cuya ausencia se dej\u00f3 notar en una grada con buena entrada pese a las fechas y la relevancia del envite.<\/p>\n<p class=\"ft-text\">Los primeros compases del duelo ante BM Ciudad Salamanca fueron igualados. Y si bien David Gallego estren\u00f3 el marcador del \u00c1ngel Nieto esta temporada con el 1-0 tras un siete metros fallado por medina, BM Ciudad de Salamanca no tard\u00f3 en responder y dar lugar a un intercambio de goles con los \u00abpistacho\u00bb (2-2, m. 5).<\/p>\n<p class=\"ft-text\">La igualdad se prolong\u00f3 durante los siguientes minutos por culpa de la falta de fluidez ofensiva local, con p\u00e9rdidas de bal\u00f3n y lanzamientos a la madera, como tambi\u00e9n de un Lucas que realiz\u00f3 sus primeras intervenciones de m\u00e9rito. Paradas que tambi\u00e9n realiz\u00f3 su hom\u00f3nimo charro.<\/p>\n<p class=\"ft-text\">Con 4-4 en el marcador y antes del cuarto de hora de juego, F\u00e9lix Moj\u00f3n alter\u00f3 todo el siete zamorano. Cambios que no alteraron el rumbo del choque, pese a que BM Caja Rural Zamora gan\u00f3 velocidad y mordiente en sus ataques. Mejor\u00eda que tard\u00f3 en reflejarse en el luminoso que lleg\u00f3 con 9-7 al desenlace del primer acto tras dos contras finalizadas por N\u00e9stor y Uge.<\/p>\n<p class=\"ft-text\">La diferencia, que tanto cost\u00f3 alcanzar, creci\u00f3 en los siguientes minutos hasta el 13-9 firmado por Jortos que forz\u00f3 el tiempo muerto visitante. Un receso con el que los charros buscaban recuperar las buenas sensaciones de minutos anteriores. Y si bien los charros volvieron a ver porter\u00eda en los proleg\u00f3menos del descanso, el BM Caja Rural de Zamora tampoco fall\u00f3 al encontrar el arco rival e incrementar su ventaja. Un colch\u00f3n que fue de seis tantos al paso por vestuarios (16-10).<\/p>\n<p class=\"ft-text\">Tras una primera parte de menos a m\u00e1s, el BM Caja Rural Zamora salt\u00f3 a pista muy enchufado. Lo hizo cambiando su sistema defensivo, pero sin perder tanto la solidez alcanzada minutos antes como la claridad ofensiva para buscarle las cosquillas a un BM Ciudad de Salamanca que tard\u00f3 cinco minutos en ver porter\u00eda para marcar el 18-11.<\/p>\n<p class=\"ft-text\">Pese a los siete tantos de desventaja, los charros encontraron alivio en ese gol y subieron sus prestaciones. Sin embargo, el cuadro local sigui\u00f3 a lo suyo, arriesgando con su defensa abierta y buscando poner m\u00e1s ritmo al partido. Una intensidad que no terminaba de imponer, pese a que Lucas empezara a coleccionar paradas y los goles segu\u00edan llegando (20-12, m. 50).<\/p>\n<p class=\"ft-text\">El duelo parec\u00eda estancado, pero tres buenos pases de Escudero tras buenas defensas de sus compa\u00f1eros permitieron a Jorge, Gallego y Pau elevar la diferencia a dobles d\u00edgitos en apenas un par de minutos (24-13), rompiendo el choque.<\/p>\n<p class=\"ft-text\">Para la recta final, buscando mantener la intensidad, Moj\u00f3n volvi\u00f3 a cambiar a todos sus hombres de golpe. En pretemporada, repartir minutos es fundamental, y eso no se le olvid\u00f3 al t\u00e9cnico gallego que sigui\u00f3 exigiendo a los suyos hasta el desenlace.<\/p>\n<p class=\"ft-text\">A esos \u00faltimos minutos se entr\u00f3 con 29-16 en el marcador y la sensaci\u00f3n de un trabajo bien hecho. Una lectura positiva que se mantuvo intacta, pues el BM Caja Rural Zamora sigui\u00f3 trabajando de cara al futuro pese al 33-22 final. n<\/p>\n","protected":false},"excerpt":{"rendered":"El Balonmano Caja Rural Zamora regres\u00f3 este viernes al \u00c1ngel Nieto en su tercer partido de pretemporada. Un&hellip;\n","protected":false},"author":2,"featured_media":65428,"comment_status":"","ping_status":"","sticky":false,"template":"","format":"standard","meta":{"footnotes":""},"categories":[278],"tags":[376,8224,8223,8221,168,25,24,375,2241,23,167,739,2946],"class_list":{"0":"post-65427","1":"post","2":"type-post","3":"status-publish","4":"format-standard","5":"has-post-thumbnail","7":"category-balonmano","8":"tag-balonmano","9":"tag-balonmano-zamora","10":"tag-bm-zamora","11":"tag-caja","12":"tag-deportes","13":"tag-es","14":"tag-espana","15":"tag-handball","16":"tag-rural","17":"tag-spain","18":"tag-sports","19":"tag-vuelve","20":"tag-zamora"},"share_on_mastodon":{"url":"","error":""},"_links":{"self":[{"href":"https:\/\/www.europesays.com\/es\/wp-json\/wp\/v2\/posts\/65427","targetHints":{"allow":["GET"]}}],"collection":[{"href":"https:\/\/www.europesays.com\/es\/wp-json\/wp\/v2\/posts"}],"about":[{"href":"https:\/\/www.europesays.com\/es\/wp-json\/wp\/v2\/types\/post"}],"author":[{"embeddable":true,"href":"https:\/\/www.europesays.com\/es\/wp-json\/wp\/v2\/users\/2"}],"replies":[{"embeddable":true,"href":"https:\/\/www.europesays.com\/es\/wp-json\/wp\/v2\/comments?post=65427"}],"version-history":[{"count":0,"href":"https:\/\/www.europesays.com\/es\/wp-json\/wp\/v2\/posts\/65427\/revisions"}],"wp:featuredmedia":[{"embeddable":true,"href":"https:\/\/www.europesays.com\/es\/wp-json\/wp\/v2\/media\/65428"}],"wp:attachment":[{"href":"https:\/\/www.europesays.com\/es\/wp-json\/wp\/v2\/media?parent=65427"}],"wp:term":[{"taxonomy":"category","embeddable":true,"href":"https:\/\/www.europesays.com\/es\/wp-json\/wp\/v2\/categories?post=65427"},{"taxonomy":"post_tag","embeddable":true,"href":"https:\/\/www.europesays.com\/es\/wp-json\/wp\/v2\/tags?post=65427"}],"curies":[{"name":"wp","href":"https:\/\/api.w.org\/{rel}","templated":true}]}}