{"id":654296,"date":"2026-07-12T12:52:14","date_gmt":"2026-07-12T12:52:14","guid":{"rendered":"https:\/\/www.europesays.com\/es\/654296\/"},"modified":"2026-07-12T12:52:14","modified_gmt":"2026-07-12T12:52:14","slug":"alex-moreno-y-ricardo-rodriguez-opciones-para-el-lateral-izquierdo-del-deportivo","status":"publish","type":"post","link":"https:\/\/www.europesays.com\/es\/654296\/","title":{"rendered":"\u00c1lex Moreno y Ricardo Rodr\u00edguez, opciones para el lateral izquierdo del Deportivo"},"content":{"rendered":"<p class=\"ft-text ft-helper-closenews\"><strong>El Deportivo busca reforzar el lateral izquierdo<\/strong> para la pr\u00f3xima temporada. <a class=\"ft-link ft-link--decoration\" href=\"https:\/\/www.laopinioncoruna.es\/deportivo\/2026\/07\/02\/sergio-escudero-ex-deportivo-une-132044456.html\" target=\"_blank\" rel=\"nofollow noopener\">La salida de Sergio Escudero<\/a> abri\u00f3 a principios de verano una vacante para competir con <strong>Giacomo Quagliata<\/strong>. Para dicha posici\u00f3n, el club se ha interesado en los fichajes de <strong>\u00c1lex Moreno, del Girona<\/strong>, y <strong>Ricardo Rodr\u00edguez, actualmente libre tras acabar contrato con el Real Betis<\/strong>. Son dos perfiles diferentes. El primero, tambi\u00e9n con pasado en el Benito Villamar\u00edn, m\u00e1s ofensivo; mientras que el helv\u00e9tico, hasta ayer en el Mundial (su selecci\u00f3n cay\u00f3 ante Argentina esta madrugada), es un lateral de excelente pie y menos recorrido.<\/p>\n<p class=\"ft-text\">La direcci\u00f3n de f\u00fatbol encabezada por Fernando Soriano se sigue moviendo en el mercado de traspasos tras los fichajes de Teun Gijselhart, Leo Rom\u00e1n, Bright Ede y Lorenzo Amatucci. El siguiente en llegar podr\u00eda ser <a class=\"ft-link ft-link--decoration\" href=\"https:\/\/www.laopinioncoruna.es\/deportivo\/2026\/07\/08\/deportivo-acerca-asp-jensen-joven-132258387.html\" target=\"_blank\" rel=\"nofollow noopener\">Asp Jensen, futbolista dan\u00e9s que pertenece al Bayern de M\u00fanich<\/a>.<\/p>\n<p class=\"ft-text\">Seg\u00fan ha podido saber LA OPINI\u00d3N, el Deportivo se ha interesado por dos jugadores veteranos para su carril del tres: <strong>\u00c1lex Moreno y Ricardo Rodr\u00edguez<\/strong>. Ambos en diferente situaci\u00f3n contractual, aunque se trata de dos jugadores con veteran\u00eda y experiencia. <\/p>\n<p><img decoding=\"async\" src=\"https:\/\/www.europesays.com\/es\/wp-content\/uploads\/2026\/07\/10fd9d48-2e2b-42e1-858d-d58215baa92e_alta-libre-aspect-ratio_default_0_x1000y444.jpg\" width=\"1200\" height=\"800\" alt=\"Alex Moreno of Girona FC in action during the Spanish League, LaLiga EA Sports, football match played between Real Madrid and Girona FC at Bernabeu stadium on April 10, 2026, in Madrid, Spain. AFP7 10\/04\/2026 ONLY FOR USE IN SPAIN. Oscar J. Barroso \/ AFP7 \/ Europa Press;2026;SOCCER;SPAIN;SPORT;ZSOCCER;ZSPORT;Real Madrid v Girona FC - LaLiga EA Sports;\" class=\"ft-helper-img-rd\" loading=\"lazy\" fetchpriority=\"auto\"\/><\/p>\n<p class=\"ft-helper-fontColor-quaternary ft-helper-fontSize-body-S ft-helper-spacer-t-xxs\">Alex Moreno , con el Girona.  \/ Europa Press<\/p>\n<p>\u00c1lex Moreno y Ricardo Rodr\u00edguez, dos opciones para la banda del Deportivo<\/p>\n<p class=\"ft-text\">En el caso de <strong>\u00c1lex Moreno<\/strong>, el club tiene en buena consideraci\u00f3n el perfil del exjugador del Aston Villa, actualmente en el Girona con un a\u00f1o m\u00e1s de contrato. Las primeras conversaciones han sido positivas, y es un futbolista que gusta a la direcci\u00f3n deportiva blanquiazul. Su llegada ser\u00eda a trav\u00e9s de un traspaso.<\/p>\n<p class=\"ft-text\"><strong>Ricardo Rodr\u00edguez<\/strong>, suizo con ra\u00edces espa\u00f1olas por parte de padre, un gallego que emigr\u00f3 a Zurich, donde naci\u00f3 el lateral izquierdo. Hasta esta madrugada, Rodr\u00edguez estaba participando en el Mundial, pero su combinado cay\u00f3 en la pr\u00f3rroga ante Argentina. Acaba de terminar contrato y est\u00e1 libre para negociar con cualquier equipo. <\/p>\n<p><img decoding=\"async\" src=\"https:\/\/www.europesays.com\/es\/wp-content\/uploads\/2026\/07\/d7ce733c-20b3-497e-9b52-307120be8c53_alta-libre-aspect-ratio_default_0_x450y203.jpg\" width=\"1200\" height=\"812\" alt=\"Ricardo Rodr\u00edguez, en el partido ante Argentina\" class=\"ft-helper-img-rd\" loading=\"lazy\" fetchpriority=\"auto\"\/><\/p>\n<p class=\"ft-helper-fontColor-quaternary ft-helper-fontSize-body-S ft-helper-spacer-t-xxs\">Ricardo Rodr\u00edguez, en el partido ante Argentina  \/ EFE<\/p>\n<p data-close=\"closedContent\" class=\"subscribeHideForDisplay\">Suscr\u00edbete para seguir leyendo<\/p>\n","protected":false},"excerpt":{"rendered":"El Deportivo busca reforzar el lateral izquierdo para la pr\u00f3xima temporada. La salida de Sergio Escudero abri\u00f3 a&hellip;\n","protected":false},"author":2,"featured_media":654297,"comment_status":"","ping_status":"","sticky":false,"template":"","format":"standard","meta":{"footnotes":""},"categories":[268],"tags":[2865,168,412,25,24,285,118119,280,282,1964,1712,1173,4764,416,281,23,167],"class_list":["post-654296","post","type-post","status-publish","format-standard","has-post-thumbnail","category-futbol","tag-alex","tag-deportes","tag-deportivo","tag-es","tag-espana","tag-fichajes","tag-fichajes-deportivo-coruna","tag-football","tag-futbol","tag-mercado-de-fichajes","tag-moreno","tag-opciones","tag-ricardo","tag-rodriguez","tag-soccer","tag-spain","tag-sports"],"share_on_mastodon":{"url":"https:\/\/pubeurope.com\/@es\/116907105088952813","error":""},"_links":{"self":[{"href":"https:\/\/www.europesays.com\/es\/wp-json\/wp\/v2\/posts\/654296","targetHints":{"allow":["GET"]}}],"collection":[{"href":"https:\/\/www.europesays.com\/es\/wp-json\/wp\/v2\/posts"}],"about":[{"href":"https:\/\/www.europesays.com\/es\/wp-json\/wp\/v2\/types\/post"}],"author":[{"embeddable":true,"href":"https:\/\/www.europesays.com\/es\/wp-json\/wp\/v2\/users\/2"}],"replies":[{"embeddable":true,"href":"https:\/\/www.europesays.com\/es\/wp-json\/wp\/v2\/comments?post=654296"}],"version-history":[{"count":0,"href":"https:\/\/www.europesays.com\/es\/wp-json\/wp\/v2\/posts\/654296\/revisions"}],"wp:featuredmedia":[{"embeddable":true,"href":"https:\/\/www.europesays.com\/es\/wp-json\/wp\/v2\/media\/654297"}],"wp:attachment":[{"href":"https:\/\/www.europesays.com\/es\/wp-json\/wp\/v2\/media?parent=654296"}],"wp:term":[{"taxonomy":"category","embeddable":true,"href":"https:\/\/www.europesays.com\/es\/wp-json\/wp\/v2\/categories?post=654296"},{"taxonomy":"post_tag","embeddable":true,"href":"https:\/\/www.europesays.com\/es\/wp-json\/wp\/v2\/tags?post=654296"}],"curies":[{"name":"wp","href":"https:\/\/api.w.org\/{rel}","templated":true}]}}