{"id":654380,"date":"2026-07-12T14:00:18","date_gmt":"2026-07-12T14:00:18","guid":{"rendered":"https:\/\/www.europesays.com\/es\/654380\/"},"modified":"2026-07-12T14:00:18","modified_gmt":"2026-07-12T14:00:18","slug":"matt-costello-comunicado-oficial-del-valencia-basket","status":"publish","type":"post","link":"https:\/\/www.europesays.com\/es\/654380\/","title":{"rendered":"Matt Costello: Comunicado Oficial del Valencia Basket"},"content":{"rendered":"<p class=\"ft-text\"><a class=\"ft-link ft-link--decoration\" href=\"https:\/\/www.superdeporte.es\/tags\/matt-costello\/\" target=\"_blank\" rel=\"nofollow noopener\"><strong>Matt Costello<\/strong><\/a> ya es, a todas luces, exjugador del Valencia Basket. El p\u00edvot ha terminado su contrato con la entidad del Roig Arena y no ha sido renovado como parte de la reestructuraci\u00f3n que est\u00e1 viviendo el club estas semanas despu\u00e9s de la marcha de <a class=\"ft-link ft-link--decoration\" href=\"https:\/\/www.superdeporte.es\/valencia-basket\/2026\/07\/07\/real-madrid-fichaje-jaime-pradilla-132209179.html\" target=\"_blank\" rel=\"nofollow noopener\">Pedro Mart\u00ednez al Real Madrid<\/a> junto a Jaime Pradilla, as\u00ed como las salidas de jugadores important\u00edsimos como Montero, De Larrea, Key o Badio entre otros.<\/p>\n<p class=\"ft-text\">\u00abEl ala-p\u00edvot norteamericano con pasaporte de Costa de Marfil\u00a0<strong>Matt Costello<\/strong>\u00a0termina su etapa de dos temporadas en Valencia Basket tras la finalizaci\u00f3n de su contrato, por lo que queda desvinculado de nuestro Club tras tener una importante contribuci\u00f3n en la consecuci\u00f3n de los t\u00edtulos de la Liga Endesa y la Supercopa Endesa. En la temporada 2025-26, <strong>Costello particip\u00f3 en 82 partidos con una tarjeta de 6,6 puntos con un 34,4% en triples y 3,9 rebotes para 8 cr\u00e9ditos de valoraci\u00f3n<\/strong>.<\/p>\n<p class=\"ft-text\">El club quiere agradecer la profesionalidad, el trabajo y el compromiso realizados por Matt durante el tiempo que ha defendido los colores de Valencia Basket, y le desea lo mejor en su futuro, tanto a nivel profesional como personal.<\/p>\n<p><img decoding=\"async\" src=\"https:\/\/www.europesays.com\/es\/wp-content\/uploads\/2026\/07\/a85a36c1-422f-49be-a6a9-c61aa0eb7940_alta-libre-aspect-ratio_default_0_x978y824.jpg\" width=\"1200\" height=\"800\" alt=\"Matt Costello celebra una victoria que devuelve las tablas en la final de la Liga Endesa.\" class=\"ft-helper-img-rd\" loading=\"lazy\" fetchpriority=\"auto\"\/><\/p>\n<p class=\"ft-helper-fontColor-quaternary ft-helper-fontSize-body-S ft-helper-spacer-t-xxs\">Matt Costello celebra una victoria que devuelve las tablas en la final de la Liga Endesa.  \/ JM L\u00f3pez<\/p>\n<p class=\"ft-text\">El jugador lleg\u00f3 a al Valencia Basket procedente del Baskonia en el verano de 2024 y ha disputado un total de 147 partidos con la camiseta taronja. En su primera temporada, la 2024-25, tuvo su mejor rendimiento como taronja compaginando la Liga Endesa con la EuroCup con unos n\u00fameros de 9,8 puntos con un 37,7% en triples y un 70,1% en tiros de dos y 5,1 rebotes para 12,8 cr\u00e9ditos de valoraci\u00f3n\u00bb.<\/p>\n<p>Costello, a Jap\u00f3n<\/p>\n<p class=\"ft-text\"><strong>Matt Costello se marcha a los Chiba Jets de la liga japonesa, equipo al que se march\u00f3 <\/strong><a href=\"https:\/\/www.superdeporte.es\/valencia-basket\/2026\/06\/26\/adrian-kovacs-ayudante-pedro-martinez-deja-valenciabc-entrenar-japon-131841759.html\" class=\"ft-link ft-link--decoration\" rel=\"nofollow noopener\" target=\"_blank\"><strong>Adrian Kovacs<\/strong><\/a><strong>\u00a0para convertirse en primer entrenador<\/strong>. El interior ten\u00eda una gran oferta encima de la mesa del conjunto japon\u00e9s y ha decidido aceptarla. De hecho, se convertir\u00e1 en el debutante de la B. League mejor pagado.<\/p>\n<p>Toca fichar juego interior de nivel<\/p>\n<p class=\"ft-text\">El Valencia Basket tiene la obligaci\u00f3n de salir al mercado en busca de poder\u00edo interio. De momento ha llegado <a class=\"ft-link ft-link--decoration\" href=\"https:\/\/www.superdeporte.es\/valencia-basket\/2026\/07\/05\/comunicado-oficial-dylan-osetkowski-fichaje-altura-valenciabc-132140893.html\" target=\"_blank\" rel=\"nofollow noopener\">Osetkowski<\/a>, pero Valencia Basket sigue en busca de oportunidades para reforzar el juego interior de Xavi Albert.\u00a0<strong>El nombre de Roland Smits, que adem\u00e1s es cupo, lleva varios d\u00edas sonando y podr\u00eda ser una opci\u00f3n, pero el club no est\u00e1 cerrado y est\u00e1 explorando posibilidades.<\/strong><\/p>\n","protected":false},"excerpt":{"rendered":"Matt Costello ya es, a todas luces, exjugador del Valencia Basket. El p\u00edvot ha terminado su contrato con&hellip;\n","protected":false},"author":2,"featured_media":654381,"comment_status":"","ping_status":"","sticky":false,"template":"","format":"standard","meta":{"footnotes":""},"categories":[269],"tags":[299,1918,298,14699,14701,19664,168,2917,25,24,2918,22216,13602,289,12326,23,167,235,2916],"class_list":["post-654380","post","type-post","status-publish","format-standard","has-post-thumbnail","category-baloncesto","tag-baloncesto","tag-basket","tag-basketball","tag-comunicado","tag-comunicado-oficial","tag-costello","tag-deportes","tag-endesa","tag-es","tag-espana","tag-la-liga","tag-matt","tag-matt-costello","tag-oficial","tag-pedro-martinez","tag-spain","tag-sports","tag-valencia","tag-valencia-basket"],"share_on_mastodon":{"url":"https:\/\/pubeurope.com\/@es\/116907372602135005","error":""},"_links":{"self":[{"href":"https:\/\/www.europesays.com\/es\/wp-json\/wp\/v2\/posts\/654380","targetHints":{"allow":["GET"]}}],"collection":[{"href":"https:\/\/www.europesays.com\/es\/wp-json\/wp\/v2\/posts"}],"about":[{"href":"https:\/\/www.europesays.com\/es\/wp-json\/wp\/v2\/types\/post"}],"author":[{"embeddable":true,"href":"https:\/\/www.europesays.com\/es\/wp-json\/wp\/v2\/users\/2"}],"replies":[{"embeddable":true,"href":"https:\/\/www.europesays.com\/es\/wp-json\/wp\/v2\/comments?post=654380"}],"version-history":[{"count":0,"href":"https:\/\/www.europesays.com\/es\/wp-json\/wp\/v2\/posts\/654380\/revisions"}],"wp:featuredmedia":[{"embeddable":true,"href":"https:\/\/www.europesays.com\/es\/wp-json\/wp\/v2\/media\/654381"}],"wp:attachment":[{"href":"https:\/\/www.europesays.com\/es\/wp-json\/wp\/v2\/media?parent=654380"}],"wp:term":[{"taxonomy":"category","embeddable":true,"href":"https:\/\/www.europesays.com\/es\/wp-json\/wp\/v2\/categories?post=654380"},{"taxonomy":"post_tag","embeddable":true,"href":"https:\/\/www.europesays.com\/es\/wp-json\/wp\/v2\/tags?post=654380"}],"curies":[{"name":"wp","href":"https:\/\/api.w.org\/{rel}","templated":true}]}}