{"id":654627,"date":"2026-07-12T17:14:15","date_gmt":"2026-07-12T17:14:15","guid":{"rendered":"https:\/\/www.europesays.com\/es\/654627\/"},"modified":"2026-07-12T17:14:15","modified_gmt":"2026-07-12T17:14:15","slug":"los-detalles-del-enlace-de-nieves-alvarez-y-bill-saad-en-paris-un-mes-despues-de-darse-el-si-quiero","status":"publish","type":"post","link":"https:\/\/www.europesays.com\/es\/654627\/","title":{"rendered":"Los detalles del enlace de Nieves \u00c1lvarez y Bill Saad en Par\u00eds, un mes despu\u00e9s de darse el &#8216;s\u00ed, quiero&#8217;"},"content":{"rendered":"<p style=\"\">Tras darse el &#8216;s\u00ed, quiero&#8217; en una boda de lo m\u00e1s \u00edntima el pasado 12 de junio, Nieves \u00c1lvarez y Bill Saad han reunido este fin de semana a familiares y amigos en <strong>una gran celebraci\u00f3n a las afueras de Paris<\/strong>. <\/p>\n<p style=\"\">Ambos han querido  &#8230; compartir su uni\u00f3n con su entorno m\u00e1s cercano en una fiesta celebrada en un ch\u00e2teau situado a unos 30 kil\u00f3metros de Par\u00eds, una ciudad muy significativa para ambos: para la modelo, por su trayectoria profesional en la moda, y para el empresario liban\u00e9s, porque naci\u00f3 en Francia. La celebraci\u00f3n ha reunido a <strong>numerosos rostros conocidos<\/strong> y ha estado marcada por momentos familiares.<\/p>\n<p class=\"v-d-p\" style=\"\">Los hijos de Nieves \u00c1lvarez llegaron a tener <strong>protagonismo durante toda la celebraci\u00f3n<\/strong>. Uno de los momentos m\u00e1s emotivos, cuando la modelo hizo su entrada. Nieves descendi\u00f3 la escalinata principal del palacete franc\u00e9s del brazo de sus hijos Adriano y Brando, mientras se dirig\u00eda hacia el jard\u00edn donde se desarroll\u00f3 la ceremonia. Su hija Bianca tambi\u00e9n desempe\u00f1\u00f3 un papel fundamental, ya que fue la encargada de sujetar la cola del vestido de novia durante todo el recorrido. <\/p>\n<ul class=\"v-cmp-rld__u\">\n<li class=\"v-cmp-rld__l\">\n<p><a class=\"v-a-lnk\" href=\"http:\/\/www.abc.es\/gente\/hotel-lujo-nieves-alvarez-celebrara-boda-bill-20260709124422-nt.html#vtm_modulosEngag=noticiasrelacionadas-cmp-uno:gente:noticia:1\" data-voc-vtm-id=\"in-text-traffic\" rel=\"nofollow noopener\" target=\"_blank\"><br \/>\n<img decoding=\"async\" loading=\"lazy\" src=\"https:\/\/www.europesays.com\/es\/wp-content\/uploads\/2026\/07\/nieves-bill-U12155168354ZbG-366x256@diario_abc.jpg\" class=\"v-a-img\" width=\"258\" height=\"180\" alt=\"As\u00ed es el hotel de lujo donde Nieves \u00c1lvarez celebrar\u00e1 su boda con Bill Saad: suites de 6.000 euros y vistas a la Torre Eiffel\"\/><br \/>\n<\/a><\/p>\n<\/li>\n<\/ul>\n<p class=\"v-d-p\" style=\"\">Los novios tambi\u00e9n quisieron que su boda tuviera un componente solidario. En lugar de recibir regalos, solicitaron a sus invitados que, si deseaban tener un detalle con ellos, realizaran una donaci\u00f3n a Tara For Women, una fundaci\u00f3n impulsada por Bill Saad <strong>en memoria de su hija Tara, fallecida cuando era muy joven.<\/strong><\/p>\n<p class=\"v-d-p\" style=\"\">La organizaci\u00f3n ha trabajado para impulsar proyectos dirigidos a mujeres y promover nuevas oportunidades de formaci\u00f3n y desarrollo. El empresario ha explicado en distintas ocasiones que la creaci\u00f3n de esta fundacion naci\u00f3 como una forma de transformar una experiencia personal muy dolorosa en un proyecto con impacto social. <\/p>\n<p class=\"v-d-p\" style=\"\">Saad tambi\u00e9n ha defendido p\u00fablicamente que cualquier persona puede contribuir a causas solidarias, ya sea <strong>mediante aportaciones econ\u00f3micas o ayudando a dar visibilidad<\/strong> a este tipo de iniciativas. <\/p>\n<p>\nUna boda religiosa\n<\/p>\n<p class=\"v-d-p\" style=\"\">Fue hace un mes cuando Nieves \u00c1lvarez y Bill Saad se convirtieron en marido y mujer. La ceremonia religiosa tuvo lugar en un templo significativo, la iglesia de Agios Stefanos, como tambi\u00e9n se le conoce a la catedral griega, situada en el distrito 16 de Par\u00eds y sede de la Iglesia ortodoxa griega de Francia. Construido a finales del siglo XIX, ha sido escenario de acontecimientos importantes como el funeral de Maria Callas o la boda de \u00c9dith Piaf.<\/p>\n<p class=\"v-d-p\" style=\"\">A la ceremonia <strong>solo asistieron sus m\u00e1s \u00edntimos amigos<\/strong>. En la lista destacaban nombres como el de Almudena Roca de Togores, amiga de Nieves \u00c1lvarez desde hace d\u00e9cadas, y su marido, el fot\u00f3grafo Oleg Covian. Ella, junto al dise\u00f1ador St\u00e9phane Rolland, que fue el responsable del &#8216;look&#8217; que llev\u00f3 la modelo ese d\u00eda, fueron los testigos de la novia. El novio, por su parte, eligi\u00f3 a uno de sus sobrinos. El modista acudi\u00f3 junto a su pareja, Pierre Mart\u00ednez.<\/p>\n","protected":false},"excerpt":{"rendered":"Tras darse el &#8216;s\u00ed, quiero&#8217; en una boda de lo m\u00e1s \u00edntima el pasado 12 de junio, Nieves&hellip;\n","protected":false},"author":2,"featured_media":654628,"comment_status":"","ping_status":"","sticky":false,"template":"","format":"standard","meta":{"footnotes":""},"categories":[91],"tags":[4458,36673,11323,987,7510,46722,146,147,25,24,317,1970,11659,10474,36674,23],"class_list":["post-654627","post","type-post","status-publish","format-standard","has-post-thumbnail","category-entretenimiento","tag-alvarez","tag-bill","tag-darse","tag-despues","tag-detalles","tag-enlace","tag-entertainment","tag-entretenimiento","tag-es","tag-espana","tag-francia","tag-mes","tag-nieves","tag-quiero","tag-saad","tag-spain"],"share_on_mastodon":{"url":"https:\/\/pubeurope.com\/@es\/116908135519931399","error":""},"_links":{"self":[{"href":"https:\/\/www.europesays.com\/es\/wp-json\/wp\/v2\/posts\/654627","targetHints":{"allow":["GET"]}}],"collection":[{"href":"https:\/\/www.europesays.com\/es\/wp-json\/wp\/v2\/posts"}],"about":[{"href":"https:\/\/www.europesays.com\/es\/wp-json\/wp\/v2\/types\/post"}],"author":[{"embeddable":true,"href":"https:\/\/www.europesays.com\/es\/wp-json\/wp\/v2\/users\/2"}],"replies":[{"embeddable":true,"href":"https:\/\/www.europesays.com\/es\/wp-json\/wp\/v2\/comments?post=654627"}],"version-history":[{"count":0,"href":"https:\/\/www.europesays.com\/es\/wp-json\/wp\/v2\/posts\/654627\/revisions"}],"wp:featuredmedia":[{"embeddable":true,"href":"https:\/\/www.europesays.com\/es\/wp-json\/wp\/v2\/media\/654628"}],"wp:attachment":[{"href":"https:\/\/www.europesays.com\/es\/wp-json\/wp\/v2\/media?parent=654627"}],"wp:term":[{"taxonomy":"category","embeddable":true,"href":"https:\/\/www.europesays.com\/es\/wp-json\/wp\/v2\/categories?post=654627"},{"taxonomy":"post_tag","embeddable":true,"href":"https:\/\/www.europesays.com\/es\/wp-json\/wp\/v2\/tags?post=654627"}],"curies":[{"name":"wp","href":"https:\/\/api.w.org\/{rel}","templated":true}]}}