{"id":65465,"date":"2025-08-22T20:39:10","date_gmt":"2025-08-22T20:39:10","guid":{"rendered":"https:\/\/www.europesays.com\/es\/65465\/"},"modified":"2025-08-22T20:39:10","modified_gmt":"2025-08-22T20:39:10","slug":"el-presidente-de-la-reserva-federal-de-eeuu-se-abre-a-bajar-tipos-pero-avisa-del-efecto-inflacionista-de-los-aranceles","status":"publish","type":"post","link":"https:\/\/www.europesays.com\/es\/65465\/","title":{"rendered":"El presidente de la Reserva Federal de EEUU se abre a bajar tipos pero avisa del efecto inflacionista de los aranceles"},"content":{"rendered":"<p class=\"article-text\">\n        El <a href=\"https:\/\/www.eldiario.es\/economia\/reserva-federal-estados-unidos-mantiene-tipos-interes-desoye-trump-designarme_1_12396310.html\" data-mrf-recirculation=\"links-noticia\" class=\"link\" rel=\"nofollow noopener\" target=\"_blank\">presidente de la Reserva Federal (Fed) de EEUU, Jerome Powell<\/a>, abre la puerta a una rebaja de tipos de inter\u00e9s este oto\u00f1o. Lo hace ante un entorno con \u201criesgos econ\u00f3micos cambiantes\u201d, que hace que el escenario sea bastante imprevisible.\n    <\/p>\n<p>    <a href=\"https:\/\/www.eldiario.es\/economia\/reserva-federal-estados-unidos-mantiene-tipos-interes-desoye-trump-designarme_1_12396310.html\" data-mrf-recirculation=\"saber-mas\" data-dl-event=\"saber-mas\" rel=\"nofollow noopener\" target=\"_blank\"><\/p>\n<p class=\"know-more__title\">La Reserva Federal de EEUU mantiene los tipos inter\u00e9s y desoye a Donald Trump<\/p>\n<p>            <img decoding=\"async\" class=\"lazy\" loading=\"lazy\" data-src=\"https:\/\/static.eldiario.es\/clip\/ce165774-4f4f-4403-8194-ed72c894dd6c_16-9-aspect-ratio_default_0.jpg\" src=\"data:image\/svg+xml,%3Csvg xmlns=\" http:=\"\" viewbox=\"0 0 880 495\" alt=\"La Reserva Federal de EEUU mantiene los tipos inter\u00e9s y desoye a Donald Trump\"\/><\/p>\n<p>                        <\/a><\/p>\n<p class=\"article-text\">\n        En los \u00faltimos meses, la Fed ha congelado cinco veces una posible bajada de tipos ante el temor a una espiral inflacionista, lo que ha desatado las cr\u00edticas de Donald Trump a su pol\u00edtica monetaria, porque en su opini\u00f3n est\u00e1 detr\u00e1s de la falta de crecimiento de la econom\u00eda norteamericana. De hecho, Trump est\u00e1 <a href=\"https:\/\/www.eldiario.es\/economia\/trump-redobla-ofensiva-fed-economia-empieza-acusar-efectos-guerra-comercial_1_12472901.html\" data-mrf-recirculation=\"links-noticia\" class=\"link\" rel=\"nofollow noopener\" target=\"_blank\">moviendo los hilos para tratar de sustituir a Powell al frente del banco central estadounidense<\/a> o a algunos de los gobernadores de la instituci\u00f3n nombrados por las anteriores Administraciones dem\u00f3cratas.\n    <\/p>\n<p class=\"article-text\">\n        Hasta ver esa posible rebaja en la pr\u00f3xima reuni\u00f3n de la Fed, los tipos en EEUU se mantienen en un rango del 4,25% al 4,5%.\n    <\/p>\n<p class=\"article-text\">\n        En un discurso en Jackson Hole (Wyoming), donde cada verano se citan los responsables de los bancos centrales de Europa y de EEUU, Powell ha se\u00f1alado que los riesgos de una subida de los precios \u201cse inclinan al alza\u201d, mientras que los riesgos para el empleo lo hacen a la baja, lo que implica \u201cuna situaci\u00f3n compleja\u201d para el banco central estadounidense, que debe equilibrar ambos aspectos de su doble mandato.\n    <\/p>\n<p class=\"article-text\">\n        \u201cCon la pol\u00edtica [monetaria] en territorio restrictivo, la perspectiva base y el cambiante balance de riesgos podr\u00edan justificar un ajuste de nuestra postura\u201d, ha indicado. Ah\u00ed pesa, por ejemplo, los aranceles que ya est\u00e1n provocando una subida de \u201clos precios en algunas categor\u00edas\u201d, que se ve en la inflaci\u00f3n subyacente, la que excluye la energ\u00eda y los alimentos frescos. Tambi\u00e9n ha se\u00f1alado una ca\u00edda del consumo, que ya es perceptible y puede ir a m\u00e1s en los pr\u00f3ximos meses, cuando se concrete el efecto de los aranceles.\n    <\/p>\n<p>    El efecto de las restricciones a la migraci\u00f3n<\/p>\n<p class=\"article-text\">\n        Powell tambi\u00e9n ha se\u00f1alado al empleo porque percibe que las pol\u00edticas migratorias de Trump afectan a la oferta laboral. \u201cEl crecimiento de la fuerza laboral se ha desacelerado considerablemente este a\u00f1o debido a la fuerte ca\u00edda de la inmigraci\u00f3n y los datos de incorporaci\u00f3n al mercado laboral han disminuido ligeramente en los \u00faltimos meses\u201d.\n    <\/p>\n<p class=\"article-text\">\n        \u201cLos cambios en las pol\u00edticas comerciales y de inmigraci\u00f3n est\u00e1n afectando tanto la demanda como la oferta\u201d, ha resumido. \u201cEn este contexto, resulta dif\u00edcil distinguir entre desarrollos c\u00edclicos y tendencias o estructurales. Esta distinci\u00f3n es crucial, ya que la pol\u00edtica monetaria puede estabilizar las fluctuaciones c\u00edclicas, pero su efecto es limitado para modificar los cambios estructurales\u201d, ha argumentado.\n    <\/p>\n<p class=\"article-text\">\n        Y, en un aviso a Trump, ha recordado que los integrantes del \u00f3rgano de gobierno del banco central estadounidense toman sus decisiones bas\u00e1ndose, \u00fanicamente, en la \u201cevaluaci\u00f3n de los datos y sus implicaciones para las perspectivas econ\u00f3micas y el balance de riesgos\u201d. \u201cMantenemos nuestro firme compromiso con el cumplimiento de nuestro mandato legal\u201d, ha recalcado.\n    <\/p>\n<p class=\"article-text\">\n        Powell est\u00e1 en la recta final de su mandato, que acaba en mayo del pr\u00f3ximo a\u00f1o, por lo que el de hoy ha sido su \u00faltimo discurso en Jackson Hole, una encuentro de bancos centrales que organiza la Reserva Federal de Kansas City. \u201cCada a\u00f1o, este simposio ofrece a los responsables de la Reserva Federal la oportunidad de escuchar las ideas de los principales pensadores econ\u00f3micos y centrarse en los desaf\u00edos a los que nos enfrentamos\u201d, ha indicado. \u201cMe enorgullece formar parte de esa tradici\u00f3n\u201d, ha concluido Powell.\n    <\/p>\n<p>    <a href=\"https:\/\/www.eldiario.es\/economia\/reserva-federal-mantiene-pulso-trump-deja-cambios-tipos-interes_1_12504432.html\" data-mrf-recirculation=\"saber-mas-abajo\" data-dl-event=\"saber-mas-abajo\" rel=\"nofollow noopener\" target=\"_blank\"><\/p>\n<p class=\"know-more__title\">La Reserva Federal resiste el pulso a Trump y deja sin cambios los tipos de inter\u00e9s<\/p>\n<p>            <img decoding=\"async\" class=\"lazy\" loading=\"lazy\" data-src=\"https:\/\/static.eldiario.es\/clip\/68104d0b-0488-4d69-8db2-66804f2cae90_16-9-aspect-ratio_default_0.jpg\" src=\"data:image\/svg+xml,%3Csvg xmlns=\" http:=\"\" viewbox=\"0 0 880 495\" alt=\"La Reserva Federal resiste el pulso a Trump y deja sin cambios los tipos de inter\u00e9s\"\/><\/p>\n<p>                        <\/a><\/p>\n<p class=\"article-text\">\n        El discurso del presidente de la Fed ha sido bien recibido por los inversores. La perspectiva de la bajada de tipos ha dado la vuelta al \u00edndice Dow Jones, que hab\u00eda comenzado la jornada del viernes con p\u00e9rdidas y, tras las palabras de Powell, ha remontado cerca de un 2%.\n    <\/p>\n","protected":false},"excerpt":{"rendered":"El presidente de la Reserva Federal (Fed) de EEUU, Jerome Powell, abre la puerta a una rebaja de&hellip;\n","protected":false},"author":2,"featured_media":65466,"comment_status":"","ping_status":"","sticky":false,"template":"","format":"standard","meta":{"footnotes":""},"categories":[5],"tags":[490,4135,7994,18347,17,18,115,3427,25,24,13,14,26619,11,26621,19,20,9,10,15,16,1461,2795,23,26620,12,21,22],"class_list":{"0":"post-65465","1":"post","2":"type-post","3":"status-publish","4":"format-standard","5":"has-post-thumbnail","7":"category-titulares","8":"tag-abre","9":"tag-aranceles","10":"tag-avisa","11":"tag-bajar","12":"tag-breaking-news","13":"tag-breakingnews","14":"tag-eeuu","15":"tag-efecto","16":"tag-es","17":"tag-espana","18":"tag-featured-news","19":"tag-featurednews","20":"tag-federal","21":"tag-headlines","22":"tag-inflacionista","23":"tag-latest-news","24":"tag-latestnews","25":"tag-news","26":"tag-noticias","27":"tag-noticias-destacadas","28":"tag-noticiasdestacadas","29":"tag-presidente","30":"tag-reserva","31":"tag-spain","32":"tag-tipos","33":"tag-titulares","34":"tag-ultimas-noticias","35":"tag-ultimasnoticias"},"share_on_mastodon":{"url":"","error":""},"_links":{"self":[{"href":"https:\/\/www.europesays.com\/es\/wp-json\/wp\/v2\/posts\/65465","targetHints":{"allow":["GET"]}}],"collection":[{"href":"https:\/\/www.europesays.com\/es\/wp-json\/wp\/v2\/posts"}],"about":[{"href":"https:\/\/www.europesays.com\/es\/wp-json\/wp\/v2\/types\/post"}],"author":[{"embeddable":true,"href":"https:\/\/www.europesays.com\/es\/wp-json\/wp\/v2\/users\/2"}],"replies":[{"embeddable":true,"href":"https:\/\/www.europesays.com\/es\/wp-json\/wp\/v2\/comments?post=65465"}],"version-history":[{"count":0,"href":"https:\/\/www.europesays.com\/es\/wp-json\/wp\/v2\/posts\/65465\/revisions"}],"wp:featuredmedia":[{"embeddable":true,"href":"https:\/\/www.europesays.com\/es\/wp-json\/wp\/v2\/media\/65466"}],"wp:attachment":[{"href":"https:\/\/www.europesays.com\/es\/wp-json\/wp\/v2\/media?parent=65465"}],"wp:term":[{"taxonomy":"category","embeddable":true,"href":"https:\/\/www.europesays.com\/es\/wp-json\/wp\/v2\/categories?post=65465"},{"taxonomy":"post_tag","embeddable":true,"href":"https:\/\/www.europesays.com\/es\/wp-json\/wp\/v2\/tags?post=65465"}],"curies":[{"name":"wp","href":"https:\/\/api.w.org\/{rel}","templated":true}]}}