{"id":654652,"date":"2026-07-12T17:35:11","date_gmt":"2026-07-12T17:35:11","guid":{"rendered":"https:\/\/www.europesays.com\/es\/654652\/"},"modified":"2026-07-12T17:35:11","modified_gmt":"2026-07-12T17:35:11","slug":"marc-marquez-vuelve-a-reinar-en-sachsenring-iguala-un-record-historico-y-mete-presion-a-jorge-martin","status":"publish","type":"post","link":"https:\/\/www.europesays.com\/es\/654652\/","title":{"rendered":"Marc M\u00e1rquez vuelve a reinar en Sachsenring, iguala un r\u00e9cord hist\u00f3rico y mete presi\u00f3n a Jorge Mart\u00edn"},"content":{"rendered":"<p><a href=\"https:\/\/www.libertaddigital.com\/personajes\/marc-marquez\/\" target=\"_blank\" rel=\"dofollow noreferrer noopener\"><strong>Marc M\u00e1rquez<\/strong> <\/a>ha confirmado una vez m\u00e1s que <strong>Sachsenring<\/strong> es su territorio. El piloto de Ducati domin\u00f3 de principio a fin el <strong>Gran Premio de Alemania<\/strong>, und\u00e9cima prueba del <strong>Mundial de MotoGP<\/strong>, para firmar su d\u00e9cima victoria en la categor\u00eda reina sobre el trazado germano y acercarse de forma definitiva a la lucha por el campeonato.<\/p>\n<p>El de Cervera no dio opci\u00f3n a sus rivales durante todo el fin de semana. Despu\u00e9s de imponerse tambi\u00e9n el s\u00e1bado, culmin\u00f3 una actuaci\u00f3n impecable con un triunfo incontestable por delante del japon\u00e9s <strong>Ai Ogura<\/strong> (Aprilia) y del espa\u00f1ol <strong>Ra\u00fal Fern\u00e1ndez<\/strong> (Aprilia), en una carrera en la que nunca vio peligrar la primera posici\u00f3n.<\/p>\n<p>Con este nuevo \u00e9xito, M\u00e1rquez<strong> iguala adem\u00e1s un registro hist\u00f3rico de Giacomo Agostini<\/strong>, que consigui\u00f3 diez victorias en la categor\u00eda de 500cc en el circuito finland\u00e9s de Imatra entre 1965 y 1975. Un hito que confirma al espa\u00f1ol como el gran dominador del trazado saj\u00f3n, donde ya suma doce victorias entre todas las categor\u00edas.<\/p>\n<p>Un Mundial que vuelve a estar <strong>al rojo vivo<\/strong><\/p>\n<p>La victoria cobra todav\u00eda m\u00e1s valor por su repercusi\u00f3n en la <strong>clasificaci\u00f3n general<\/strong>. Despu\u00e9s de un inicio de temporada marcado por las ca\u00eddas y las lesiones, en el que lleg\u00f3 a verse a m\u00e1s de cien puntos del liderato, M\u00e1rquez contin\u00faa protagonizando una <strong>espectacular remontada<\/strong>.<\/p>\n<p>El espa\u00f1ol ha ganado tres de las \u00faltimas cuatro carreras y ya se encuentra a solo 18 puntos del l\u00edder, <a href=\"https:\/\/www.libertaddigital.com\/personajes\/jorge-martin\" target=\"_blank\" rel=\"dofollow noreferrer noopener\"><strong>Jorge Mart\u00edn<\/strong><\/a>. El madrile\u00f1o, que salv\u00f3 un complicado quinto puesto en Alemania tras defenderse de los ataques de <strong>Francesco Bagnaia<\/strong>, mantiene el liderato, aunque cada vez con un margen m\u00e1s estrecho.<\/p>\n<p>Adem\u00e1s, <strong>Ai Ogura<\/strong> sigue confirm\u00e1ndose como una de las grandes revelaciones del campeonato. El japon\u00e9s enlaz\u00f3 su tercer podio consecutivo y ya se sit\u00faa a \u00fanicamente 14 puntos de Mart\u00edn, meti\u00e9ndose de lleno en la pelea por el t\u00edtulo.<\/p>\n<p>Sin oposici\u00f3n desde la salida<\/p>\n<p>M\u00e1rquez tom\u00f3 el mando desde la arrancada y marc\u00f3 un ritmo imposible para el resto. Por detr\u00e1s, la carrera comenz\u00f3 con sobresaltos. <strong>Fabio Di Giannantonio<\/strong> sufri\u00f3 una temprana ca\u00edda que permiti\u00f3 ganar posiciones tanto a Jorge Mart\u00edn como a <strong>Pedro Acosta<\/strong>, que incluso adelant\u00f3 al l\u00edder del Mundial en las primeras vueltas.<\/p>\n<p>El principal rival de Marc parec\u00eda ser su hermano <a href=\"https:\/\/www.libertaddigital.com\/personajes\/alex-marquez\/\" target=\"_blank\" rel=\"dofollow noreferrer noopener\"><strong>\u00c1lex M\u00e1rquez<\/strong><\/a>, segundo durante el primer tercio de la prueba. Sin embargo, el piloto de Gresini acab\u00f3 en el suelo en la d\u00e9cima vuelta, v\u00edctima del menor agarre de sus neum\u00e1ticos duros, dejando el camino completamente despejado para el l\u00edder de la carrera.<\/p>\n<p>Mientras tanto, Ogura fue aumentando su ritmo hasta superar a su compa\u00f1ero Ra\u00fal Fern\u00e1ndez a falta de cinco vueltas para asegurarse la segunda posici\u00f3n. Para entonces, Marc M\u00e1rquez ya contaba con m\u00e1s de dos segundos de ventaja y administr\u00f3 el margen con absoluta tranquilidad hasta recibir la bandera a cuadros, agitada por el exfutbolista alem\u00e1n <strong>Lothar Matth\u00e4us<\/strong>.<\/p>\n<p>Por detr\u00e1s, Pedro Acosta termin\u00f3 cuarto, mientras Jorge Mart\u00edn resisti\u00f3 la presi\u00f3n de Bagnaia para conservar una valiosa quinta plaza. El italiano concluy\u00f3 sexto, seguido por <strong>Fabio Quartararo<\/strong>, Luca Marini, <strong>Enea Bastianini<\/strong> y Brad Binder, que completaron las diez primeras posiciones.<\/p>\n<p><strong>Brian Uriarte<\/strong> derrota a <strong>M\u00e1ximo Quiles<\/strong> en Moto3<\/p>\n<p>La categor\u00eda peque\u00f1a de<strong> Moto3<\/strong> dej\u00f3 un vibrante duelo espa\u00f1ol. <strong>Brian Uriarte<\/strong> (KTM) logr\u00f3 la victoria tras imponerse por apenas 63 mil\u00e9simas a <strong>M\u00e1ximo Quiles<\/strong> en la \u00faltima vuelta.<\/p>\n<blockquote class=\"twitter-tweet\">\n<p lang=\"es\" dir=\"ltr\">BRIAN URIARTE SE LLEVA UNA BATALLA ESPECTACULAR CON M\u00c1XIMO QUILES \ud83d\udd25<\/p>\n<p>Dos diamantes del motociclismo luchando a brazo partido hasta la l\u00ednea de meta \ud83d\ude0d \u00a1QU\u00c9 ESPECT\u00c1CULO!<a href=\"https:\/\/x.com\/hashtag\/GermanGP?src=hash&amp;ref_src=twsrc%5Etfw\" rel=\"nofollow noopener noreferrer\" target=\"_blank\">#GermanGP<\/a> \ud83c\udde9\ud83c\uddea <a href=\"https:\/\/x.com\/hashtag\/MotoGP?src=hash&amp;ref_src=twsrc%5Etfw\" rel=\"nofollow noopener noreferrer\" target=\"_blank\">#MotoGP<\/a> \ud83c\udfc1 <a href=\"https:\/\/t.co\/Ql2B7SEnbT\" rel=\"nofollow noopener noreferrer\" target=\"_blank\">pic.twitter.com\/Ql2B7SEnbT<\/a><\/p>\n<p>\u2014 DAZN Espa\u00f1a (@DAZN_ES) <a href=\"https:\/\/x.com\/DAZN_ES\/status\/2076240492296077508?ref_src=twsrc%5Etfw\" rel=\"nofollow noopener noreferrer\" target=\"_blank\">July 12, 2026<\/a><\/p><\/blockquote>\n<p>El c\u00e1ntabro sum\u00f3 as\u00ed su segundo triunfo de la temporada despu\u00e9s de una carrera muy intensa, marcada por varias ca\u00eddas e incidentes. <strong>M\u00e1ximo Quiles<\/strong>, por su parte, prefiri\u00f3 asegurar el segundo puesto tras sufrir un susto con sus protecciones y firm\u00f3 su d\u00e9cimo podio en once carreras, un resultado que le permite reforzar todav\u00eda m\u00e1s su liderato del Mundial con 104 puntos de ventaja precisamente sobre Uriarte.<\/p>\n<p>El italiano <strong>Matteo Bertelle<\/strong> complet\u00f3 el podio tras protagonizar una notable remontada.<\/p>\n<p><strong>Iv\u00e1n Ortol\u00e1<\/strong> tambi\u00e9n sonr\u00ede en Moto2<\/p>\n<p>En Moto2, <strong>Iv\u00e1n Ortol\u00e1<\/strong> prolong\u00f3 su excelente momento de forma al conquistar su segunda victoria en las \u00faltimas tres carreras.<\/p>\n<p>El piloto valenciano lider\u00f3 gran parte de la prueba y supo resistir en las vueltas finales los constantes ataques de <strong>Dani Holgado<\/strong> para cruzar primero la meta. <strong>Izan Guevara<\/strong> termin\u00f3 tercero, mientras que el l\u00edder del campeonato, <strong>Manuel Gonz\u00e1lez<\/strong>, solo pudo ser sexto despu\u00e9s de una mala salida que condicion\u00f3 toda su carrera.<\/p>\n<p>Pese a ese resultado, Gonz\u00e1lez mantiene el liderato del Mundial con 195,5 puntos y conserva una renta de 51,5 sobre Guevara antes del par\u00f3n estival.<\/p>\n<p>            <script async src=\"https:\/\/platform.twitter.com\/widgets.js\" charset=\"utf-8\"><\/script><\/p>\n","protected":false},"excerpt":{"rendered":"Marc M\u00e1rquez ha confirmado una vez m\u00e1s que Sachsenring es su territorio. El piloto de Ducati domin\u00f3 de&hellip;\n","protected":false},"author":2,"featured_media":654653,"comment_status":"","ping_status":"","sticky":false,"template":"","format":"standard","meta":{"footnotes":""},"categories":[93],"tags":[22855,168,25,24,47718,13638,119901,112150,119581,23,167],"class_list":["post-654652","post","type-post","status-publish","format-standard","has-post-thumbnail","category-deportes","tag-alex-marquez","tag-deportes","tag-es","tag-espana","tag-jorge-martin","tag-marc-marquez","tag-ogura","tag-raul-fernandez","tag-sachsenring","tag-spain","tag-sports"],"share_on_mastodon":{"url":"https:\/\/pubeurope.com\/@es\/116908217572656372","error":""},"_links":{"self":[{"href":"https:\/\/www.europesays.com\/es\/wp-json\/wp\/v2\/posts\/654652","targetHints":{"allow":["GET"]}}],"collection":[{"href":"https:\/\/www.europesays.com\/es\/wp-json\/wp\/v2\/posts"}],"about":[{"href":"https:\/\/www.europesays.com\/es\/wp-json\/wp\/v2\/types\/post"}],"author":[{"embeddable":true,"href":"https:\/\/www.europesays.com\/es\/wp-json\/wp\/v2\/users\/2"}],"replies":[{"embeddable":true,"href":"https:\/\/www.europesays.com\/es\/wp-json\/wp\/v2\/comments?post=654652"}],"version-history":[{"count":0,"href":"https:\/\/www.europesays.com\/es\/wp-json\/wp\/v2\/posts\/654652\/revisions"}],"wp:featuredmedia":[{"embeddable":true,"href":"https:\/\/www.europesays.com\/es\/wp-json\/wp\/v2\/media\/654653"}],"wp:attachment":[{"href":"https:\/\/www.europesays.com\/es\/wp-json\/wp\/v2\/media?parent=654652"}],"wp:term":[{"taxonomy":"category","embeddable":true,"href":"https:\/\/www.europesays.com\/es\/wp-json\/wp\/v2\/categories?post=654652"},{"taxonomy":"post_tag","embeddable":true,"href":"https:\/\/www.europesays.com\/es\/wp-json\/wp\/v2\/tags?post=654652"}],"curies":[{"name":"wp","href":"https:\/\/api.w.org\/{rel}","templated":true}]}}