{"id":654663,"date":"2026-07-12T17:41:15","date_gmt":"2026-07-12T17:41:15","guid":{"rendered":"https:\/\/www.europesays.com\/es\/654663\/"},"modified":"2026-07-12T17:41:15","modified_gmt":"2026-07-12T17:41:15","slug":"siete-afectados-tras-la-colision-de-dos-vehiculos-y-el-vuelco-lateral-de-uno-de-ellos-en-gran-canaria","status":"publish","type":"post","link":"https:\/\/www.europesays.com\/es\/654663\/","title":{"rendered":"Siete afectados tras la colisi\u00f3n de dos veh\u00edculos y el vuelco lateral de uno de ellos en Gran Canaria"},"content":{"rendered":"<p><img decoding=\"async\" class=\"v-ath__i\" loading=\"lazy\" src=\"https:\/\/www.europesays.com\/es\/wp-content\/uploads\/2026\/07\/1783878075_788_autor-6545-foto-1.png\" alt=\"CANARIAS7\"\/><\/p>\n<p>12\/07\/2026 a las 14:42h.<\/p>\n<p class=\"v-d-p\" style=\"\">Un aparatoso accidente de tr\u00e1fico registrado en la GC-1, sentido sur, a la altura del municipio de Ag\u00fcimes se sald\u00f3 este domingo con siete afectados de diversa consideraci\u00f3n.<\/p>\n<p class=\"v-d-p\" style=\"\">Seg\u00fan informa el 1-1-2, <strong>el siniestro se produjo a las 11:18 horas<\/strong>. A la hora indicada, el Centro Coordinador de Emergencias y Seguridad (CECOES) 112 del Gobierno de Canarias recibi\u00f3 una alerta en la que se informaba de un accidente de tr\u00e1fico en la v\u00eda GC-1.<\/p>\n<p class=\"v-d-p\" style=\"\">El 1-1-2 activ\u00f3 de inmediato los recursos de emergencia necesarios.<\/p>\n<p class=\"v-d-p\" style=\"\"><strong>Los bomberos aseguraron los dos veh\u00edculos implicados en el accidente, uno de ellos volcado de forma lateral<\/strong>, y colaboraron con el resto de los recursos de emergencias.<\/p>\n<p class=\"v-d-p\" style=\"\">El personal del SUC valor\u00f3 y asisti\u00f3 a siete afectados que fueron trasladardos a los centros sanitarios mencionados.<\/p>\n<p class=\"v-d-p\" style=\"\">A su vez, la Guardia Civil realiz\u00f3 el atestado correspondiente.<\/p>\n<p class=\"v-d-p\" style=\"\">En cuanto a la valoraci\u00f3n de los afectados proporcionada por el SUC, al menos cinco personas, en el momento inicial de la asistencia, presentaban lesiones de car\u00e1cter moderado, salvo complicaciones, por lo que cada una de ellas fue trasladada en ambulancia del SUC al Hospital ICOD Ciudad de Telde.<\/p>\n<p class=\"v-d-p\" style=\"\">Otros dos afectados, que en el momento inicial de la asistencia presentaban lesiones de car\u00e1cter leve, salvo complicaciones, fueron trasladados en ambulancia del SUC al Centro M\u00e9dico Arnao.<\/p>\n<p class=\"v-d-p\" style=\"\">En total, los servicios activados por el CECOES 1-1-2 fueron una ambulancia sanitarizada y dos ambulancias de soporte vital b\u00e1sico del Servicio de Urgencias Canario (SUC).<\/p>\n<p class=\"v-d-p\" style=\"\">Adem\u00e1s, intevinierin el Consorcio de Emergencias de Gran Canaria y la Guardia Civil.<\/p>\n","protected":false},"excerpt":{"rendered":"12\/07\/2026 a las 14:42h. Un aparatoso accidente de tr\u00e1fico registrado en la GC-1, sentido sur, a la altura&hellip;\n","protected":false},"author":2,"featured_media":654664,"comment_status":"","ping_status":"","sticky":false,"template":"","format":"standard","meta":{"footnotes":""},"categories":[8],"tags":[4179,17,18,7221,20156,1563,25,24,13,14,3956,11,1508,19,20,9,10,15,16,5294,23,12,575,21,22,10152,22495],"class_list":["post-654663","post","type-post","status-publish","format-standard","has-post-thumbnail","category-espana","tag-afectados","tag-breaking-news","tag-breakingnews","tag-canaria","tag-colision","tag-dos","tag-es","tag-espana","tag-featured-news","tag-featurednews","tag-gran","tag-headlines","tag-lateral","tag-latest-news","tag-latestnews","tag-news","tag-noticias","tag-noticias-destacadas","tag-noticiasdestacadas","tag-siete","tag-spain","tag-titulares","tag-tras","tag-ultimas-noticias","tag-ultimasnoticias","tag-vehiculos","tag-vuelco"],"share_on_mastodon":{"url":"https:\/\/pubeurope.com\/@es\/116908241755033630","error":""},"_links":{"self":[{"href":"https:\/\/www.europesays.com\/es\/wp-json\/wp\/v2\/posts\/654663","targetHints":{"allow":["GET"]}}],"collection":[{"href":"https:\/\/www.europesays.com\/es\/wp-json\/wp\/v2\/posts"}],"about":[{"href":"https:\/\/www.europesays.com\/es\/wp-json\/wp\/v2\/types\/post"}],"author":[{"embeddable":true,"href":"https:\/\/www.europesays.com\/es\/wp-json\/wp\/v2\/users\/2"}],"replies":[{"embeddable":true,"href":"https:\/\/www.europesays.com\/es\/wp-json\/wp\/v2\/comments?post=654663"}],"version-history":[{"count":0,"href":"https:\/\/www.europesays.com\/es\/wp-json\/wp\/v2\/posts\/654663\/revisions"}],"wp:featuredmedia":[{"embeddable":true,"href":"https:\/\/www.europesays.com\/es\/wp-json\/wp\/v2\/media\/654664"}],"wp:attachment":[{"href":"https:\/\/www.europesays.com\/es\/wp-json\/wp\/v2\/media?parent=654663"}],"wp:term":[{"taxonomy":"category","embeddable":true,"href":"https:\/\/www.europesays.com\/es\/wp-json\/wp\/v2\/categories?post=654663"},{"taxonomy":"post_tag","embeddable":true,"href":"https:\/\/www.europesays.com\/es\/wp-json\/wp\/v2\/tags?post=654663"}],"curies":[{"name":"wp","href":"https:\/\/api.w.org\/{rel}","templated":true}]}}