{"id":654671,"date":"2026-07-12T17:48:15","date_gmt":"2026-07-12T17:48:15","guid":{"rendered":"https:\/\/www.europesays.com\/es\/654671\/"},"modified":"2026-07-12T17:48:15","modified_gmt":"2026-07-12T17:48:15","slug":"sabotaje-en-son-ferriol-chinchetas-en-el-circuito-antes-de-la-prueba-ciclista","status":"publish","type":"post","link":"https:\/\/www.europesays.com\/es\/654671\/","title":{"rendered":"Sabotaje en Son Ferriol: chinchetas en el circuito antes de la prueba ciclista"},"content":{"rendered":"<p class=\"ft-text ft-helper-closenews\">La tradicional <strong>carrera ciclista de Son Ferriol<\/strong>, memorial Guillem Zuzama y Bernat Vallespir, qued\u00f3 marcada este pasado s\u00e1bado por un grave incidente previo: la aparici\u00f3n de <strong>chinchetas en el circuito urbano<\/strong>. Los organizadores se percataron de que se hab\u00edan lanzado en una parte del recorrido antes del comienzo de las pruebas, concretamente en la <strong>calle Bartomeu Oliver de Can Tunis<\/strong>. Seg\u00fan se coment\u00f3, <strong>no es la primera vez<\/strong> que eso sucede coincidiendo con esta cita ciclista.<\/p>\n<p class=\"ft-text\"><strong>Joan Mart\u00ed<\/strong>, el mayor de los hermanos Benn\u00e0ssar, ciclista \u00e9lite del <strong>High Level\u2013Gsport<\/strong>, se adjudic\u00f3 el triunfo en solitario en la tradicional carrera ciclista de Son Ferriol, memorial Guillem Zuzama y Bernat Vallespir, mientras que <strong>Joan Beltr\u00e1n<\/strong>, del <strong>Ael-Respetad<\/strong> fue el primer junior de la carrera de primera categor\u00eda. La mejor f\u00e9mina en la prueba celebrada el pasado s\u00e1bado por la tarde fue <strong>Marina Garau<\/strong>.<\/p>\n<p class=\"ft-text\">La vertiente desagradable de la jornada fue cuando los organizadores se percataron de que se hab\u00edan lanzado <strong>chinchetas en una parte del circuito urbano<\/strong>, antes del comienzo de las pruebas. Fue en la <strong>calle Bartomeu Oliver de Can Tunis<\/strong>. Se coment\u00f3 que <strong>no es la primera vez que eso sucede<\/strong> coincidiendo con la carrera ciclista.<\/p>\n<p class=\"ft-text\">Los 19 participantes en la <strong>carrera de primer nivel<\/strong> completaron 30 vueltas al tradicional circuito urbano de 1.500 metros donde los hermanos <strong>Benn\u00e0ssar<\/strong> se erigieron en protagonistas con constantes ataques desde el principio. Cuando se cumpl\u00eda el primer tercio, lleg\u00f3 el ataque definitivo de <strong>Joan Mart\u00ed<\/strong> que se march\u00f3 en solitario. Tom\u00f3 una ventaja cada vez mayor que oblig\u00f3 a los primeros perseguidores a luchar por la segunda plaza antes que buscar la neutralizaci\u00f3n. El ganador cruz\u00f3 la meta con <strong>12 segundos<\/strong> respecto a <strong>Xavi Ca\u00f1ellas<\/strong> y <strong>Jorge Rey<\/strong>, seguidos de <strong>Mart\u00ed Mir<\/strong> y <strong>Marc Roca<\/strong>, con <strong>Joan Beltran<\/strong> como mejor junior tras superar a <strong>Miquel Adrover<\/strong> y <strong>Nico Ros<\/strong>.<\/p>\n<p><img decoding=\"async\" src=\"https:\/\/www.europesays.com\/es\/wp-content\/uploads\/2026\/07\/948ac607-68b4-482b-9636-7ba124f41905_alta-libre-aspect-ratio_default_0_x529y908.jpg\" width=\"1200\" height=\"1600\" alt=\"Foto del podio con los ganadores de las distintas categor\u00edas\" class=\"ft-helper-img-rd\" loading=\"lazy\" fetchpriority=\"auto\"\/><\/p>\n<p class=\"ft-helper-fontColor-quaternary ft-helper-fontSize-body-S ft-helper-spacer-t-xxs\">Foto del podio con los ganadores de las distintas categor\u00edas  \/ T.A.<\/p>\n<p class=\"ft-text\">La <strong>carrera de segundo nivel<\/strong> se decidi\u00f3 en el sprint final entre los 14 integrantes del grupo cabecero tras completar 20 vueltas. <strong>Xavier Mar\u00ed<\/strong> demostr\u00f3 de nuevo que va recuperando en gran nivel de anta\u00f1o. En una prueba con escasas escapadas super\u00f3 a <strong>Josep Riera<\/strong> y <strong>Xavier Andreu<\/strong>.<\/p>\n<p class=\"ft-text\">La <strong>carrera de tercer nivel y f\u00e9minas<\/strong> fue la m\u00e1s concurrida con 37 participantes. Prueba dominada por los representantes de <strong>Bicicletas Caldentey<\/strong> que ocuparon las cuatro primeras plazas con triunfo de <strong>Pedro Mas<\/strong> seguido de <strong>Toni Font<\/strong> tras formar un escapada en la parte final de la prueba. En el grupo perseguidor sus compa\u00f1eros <strong>Miquel Perell\u00f3<\/strong> y <strong>Rafael Garc\u00eda<\/strong>. En categor\u00eda femenina. Dominio incontestable de <strong>Marina Garau<\/strong> que super\u00f3 claramente a <strong>Susana Sevillano<\/strong> y <strong>Zoe Wuyts<\/strong>, la mejor junior.<\/p>\n<p class=\"ft-text\">La prueba para <strong>cadetes<\/strong> se decidi\u00f3 en el sprint final entre los integrantes del grupo cabecero con triunfo de <strong>Nino Fern\u00e1ndez<\/strong> seguido de <strong>Miquel \u00c0ngel Vicens<\/strong> y <strong>Alejandro Buzdea<\/strong> mientras que <strong>Andrea N\u00fa\u00f1ez<\/strong> se llev\u00f3 el premio a la mejor chica. En categor\u00eda <strong>infantil<\/strong>, triplete de los peones del <strong>Conectabalear<\/strong> con <strong>Biel Mora<\/strong> superando en el sprint final a su compa\u00f1ero de fuga, <strong>Sebasti\u00e0 Suau<\/strong>, con <strong>Lucas Poschl<\/strong> en la tercera plaza y <strong>Maria Prats<\/strong>, primera ni\u00f1a. En <strong>alevines<\/strong>, el p\u00f3dium qued\u00f3 con <strong>Tom\u00e0s Pons<\/strong> por delante de <strong>Tomeu Verger<\/strong> y <strong>Lluis Mas<\/strong> meintras que <strong>Aina Mu\u00f1oz<\/strong> fue la mejor de las f\u00e9minas. Nuevo triunfo de <strong>Nuria Gil<\/strong> en <strong>principiantes<\/strong> tras superar a <strong>Adri\u00e1n N\u00fa\u00f1ez<\/strong> y <strong>Jared Franco<\/strong>.<\/p>\n<p data-close=\"closedContent\" class=\"subscribeHideForDisplay\">Suscr\u00edbete para seguir leyendo<\/p>\n","protected":false},"excerpt":{"rendered":"La tradicional carrera ciclista de Son Ferriol, memorial Guillem Zuzama y Bernat Vallespir, qued\u00f3 marcada este pasado s\u00e1bado&hellip;\n","protected":false},"author":2,"featured_media":654672,"comment_status":"","ping_status":"","sticky":false,"template":"","format":"standard","meta":{"footnotes":""},"categories":[273],"tags":[39437,313,3201,312,168,25,24,119902,25943,2877,60625,23,167],"class_list":["post-654671","post","type-post","status-publish","format-standard","has-post-thumbnail","category-ciclismo","tag-chinchetas","tag-ciclismo","tag-circuito","tag-cycling","tag-deportes","tag-es","tag-espana","tag-ferriol","tag-sabotaje","tag-son","tag-son-ferriol","tag-spain","tag-sports"],"share_on_mastodon":{"url":"https:\/\/pubeurope.com\/@es\/116908268315611146","error":""},"_links":{"self":[{"href":"https:\/\/www.europesays.com\/es\/wp-json\/wp\/v2\/posts\/654671","targetHints":{"allow":["GET"]}}],"collection":[{"href":"https:\/\/www.europesays.com\/es\/wp-json\/wp\/v2\/posts"}],"about":[{"href":"https:\/\/www.europesays.com\/es\/wp-json\/wp\/v2\/types\/post"}],"author":[{"embeddable":true,"href":"https:\/\/www.europesays.com\/es\/wp-json\/wp\/v2\/users\/2"}],"replies":[{"embeddable":true,"href":"https:\/\/www.europesays.com\/es\/wp-json\/wp\/v2\/comments?post=654671"}],"version-history":[{"count":0,"href":"https:\/\/www.europesays.com\/es\/wp-json\/wp\/v2\/posts\/654671\/revisions"}],"wp:featuredmedia":[{"embeddable":true,"href":"https:\/\/www.europesays.com\/es\/wp-json\/wp\/v2\/media\/654672"}],"wp:attachment":[{"href":"https:\/\/www.europesays.com\/es\/wp-json\/wp\/v2\/media?parent=654671"}],"wp:term":[{"taxonomy":"category","embeddable":true,"href":"https:\/\/www.europesays.com\/es\/wp-json\/wp\/v2\/categories?post=654671"},{"taxonomy":"post_tag","embeddable":true,"href":"https:\/\/www.europesays.com\/es\/wp-json\/wp\/v2\/tags?post=654671"}],"curies":[{"name":"wp","href":"https:\/\/api.w.org\/{rel}","templated":true}]}}