{"id":654700,"date":"2026-07-12T18:13:08","date_gmt":"2026-07-12T18:13:08","guid":{"rendered":"https:\/\/www.europesays.com\/es\/654700\/"},"modified":"2026-07-12T18:13:08","modified_gmt":"2026-07-12T18:13:08","slug":"tour-de-francia-tadej-pogacar-si-dependiera-de-mi-no-haria-carreras-en-julio-esciclismo","status":"publish","type":"post","link":"https:\/\/www.europesays.com\/es\/654700\/","title":{"rendered":"Tour de Francia: Tadej Pogacar: &quot;Si dependiera de mi no har\u00eda carreras en julio&quot; &#8211; Esciclismo"},"content":{"rendered":"<ol>\n<li><a href=\"https:\/\/news.google.com\/rss\/articles\/CBMiakFVX3lxTFAzdDR2SFRBSmFVY3ppVFBSTVdZWFlRZktEMlZXeE5rSTJlUWctTUF0X29xenRjQUo1aTB2eVZQNTQ1WW5pTU9uMnJ4T0x4OTA3V29nT3lSM2hCSE9tU3pRNzE1OVdRaWxQWHc?oc=5\" target=\"_blank\" rel=\"nofollow noopener\">Tour de Francia: Tadej Pogacar: \u00abSi dependiera de mi no har\u00eda carreras en julio\u00bb<\/a>&nbsp;&nbsp;Esciclismo<\/li>\n<li><a href=\"https:\/\/news.google.com\/rss\/articles\/CBMijAFBVV95cUxNbEQzR21mZVlzRzJqZ0kwS3hqVy02a2xXNHIwV2ZDa1d3MGxxOG5QbEVfZjFyWl9NU19RdXUwWkNhUEJpeThkVXgyWkU0SThvaEF2UWdjUDBfY1BrUWFZejBERkNyeDlZXzFJRlBseVRENHlPOFkydnpoM09YQ1lCOUNGNGE2N2w0cXg2ctIBoAFBVV95cUxQSDFNWFh2Y1BCZXFZSW5kNWMxYmJLa0RnZDAzbWZHdEQ5dS1NUXg1SlJkSWNfWXl3MHo5dGRubjZJcWp3WU5xWEFxR3E1bnYzTl9hbURQNGpFSXpBb29jOXZ2SkswQzhJNzlFRk84Z0htdTF6OU5hTHZsZFF2T0Y0WHpMQmZVbFZMZmdMN19XVXhWY3hjMUxtNWhTY0UtcGNw?oc=5\" target=\"_blank\" rel=\"nofollow noopener\">El nutricionista talism\u00e1n de Pogacar<\/a>&nbsp;&nbsp;Diario AS<\/li>\n<li><a href=\"https:\/\/news.google.com\/rss\/articles\/CBMi7gFBVV95cUxNSl80NnlEUzYyU0Q4dTBRbi1sVXBkNG15LWt6NTNGbGs2SGhVaDdRS3pXUnZEWGUwdF9UaHN3VGFkVllzTnYyX0YxVkVDU0V2alY0Z3FnczlfTS1GbjRyazEtazM1MUFBdndpbFctMXBXUnlGYktlWE1XZWNCbXZHdEd6Z0F6NjdPb0g4WWlqZ3NrSGRKUTFzLXhiZjdUZEc2c3RZeVZoN1FJaGZ0Wk03U2FGN1NlU3QyRmVaUGpCczJYZHhtTnpNZFM4em54TGhrT0VqRXVxQlRmMkM0cW12RkF3Sk0tNmM4RXhRM1hR?oc=5\" target=\"_blank\" rel=\"nofollow noopener\">Tadej Pogacar: \u201cCambiar\u00eda el calendario para que no hubiera carreras en sitios calurosos en julio y agosto\u201d<\/a>&nbsp;&nbsp;EL PA\u00cdS<\/li>\n<li><a href=\"https:\/\/news.google.com\/rss\/articles\/CBMi-AFBVV95cUxQUG95X2RWd3BWUGpaTEZ2TDY3eUlDcGhtbnZINWdCQXRSYnp6NTdsLURhdGNPa213dUh3UHB0UHpxbWVheTRjdVhjbE5RVVEtbWhPVGdpcEh5bWtYaWlVZUlBczVScVdLWU92b3lETzl3WVJqNWZJNms3bExGZFBmZ19WWG1FYm1NQjd3emV5OGFjcXhSMVlYcDJlMEladUJ5SG1fRi1mYWk0RDJwai12eE9IQkJnSHdrZC1pSWFuRWppNXM3dWFRM0MwNXdicTBKRl9zUDRfLV95WEVNaGFBZXFqZG9LT2VYcU5Ha1RXbnc1WG1qS0xreNIB_gFBVV95cUxQdEdHcXJqbTY5WFhzTlktc3ZXN1J5Q3lmUjFtUVRHYjMxbjM0MDhFWEwwLVZRM1RON255ZzNBZGtPdVNMeTBzU0JTeUI3TkhrZERRRElNdWRDdXp4TklQMEZmYVFkV1R3QjRTWWNPcjgxVE1VcWhlLWxoaFI4U0RiQnI2MkpYazh2ZkNFMWdQdTdRdG9rLTdaZGEwTFA2VzdCaDEwcnBaZFUwdlZGOU5VWDMtVXgzN0FQdGtXYlRWRGNieFJ2cVV0UFlxaGhSTjZMYzNFWDZHRDZmY3pWdHZ3WEpyTUJ0YmNXMVppN2NpcU1xbFRrS1NvTWRxY0J2Zw?oc=5\" target=\"_blank\" rel=\"nofollow noopener\">Pogacar: \u00abEste Tour es un infierno de calor y mi cuerpo est\u00e1 m\u00e1s fr\u00edo que nunca\u00bb<\/a>&nbsp;&nbsp;sportlife.es<\/li>\n<li><a href=\"https:\/\/news.google.com\/rss\/articles\/CBMitgFBVV95cUxNcGN4TUs2RmNqbVhDQ2VoX1MxYTRQcmZrY2d6Qlo4QzFzcVpxMzE1N2c4Qkw2MFFhdVpZbUlCTFNZRGVkYVQyVi04c29QNm5SdkM1eGJyeWkxbVJUS0IzOE5acjREUHNxYXBsTmFkaFdndktQMHRhTVRIUDRXT1piVEV3MTZPT2ktRzBzaDJXN3p3Wk1DalZNYk5SdGhGTGNGNEZKWDc2ellzQU5hMHVHd05zRS1md9IBwwFBVV95cUxOVTNFTERmOWR2U0V0UVVYNHZ6dTB3QnhNNEd5UGl1U2tIRUJYX0hfbC0ybHA5bm93NlRsZGoxdHFRbU8wYXN4S0dOMEtjalpheXVlMlBVZFBubWNqMk11OTA3aDZxajVmZVQ1czc1OTJmWU56MldsTXZtVEdBcUVLdWhGVURQUUJjQVlxVDBKWldBbmZvZEExTW9hVnpCSU9rWUluWHFTR2p1THdxWHFvbGIyR3FsdjJnU0pFU1J5UXdnNnc?oc=5\" target=\"_blank\" rel=\"nofollow noopener\">Pogacar: \u00abSi quitas el calor, este es el Tour que m\u00e1s me est\u00e1 gustando\u00bb<\/a>&nbsp;&nbsp;Mundo Deportivo<\/li>\n<\/ol>\n","protected":false},"excerpt":{"rendered":"Tour de Francia: Tadej Pogacar: \u00abSi dependiera de mi no har\u00eda carreras en julio\u00bb&nbsp;&nbsp;Esciclismo El nutricionista talism\u00e1n de&hellip;\n","protected":false},"author":2,"featured_media":654701,"comment_status":"","ping_status":"","sticky":false,"template":"","format":"standard","meta":{"footnotes":""},"categories":[273],"tags":[51940,11281,53694,102926,12423,3054,3818,313,1757,24424,312,168,158,551,25,3871,24,5687,6971,14826,16900,317,9264,888,1285,5137,596,55941,549,3377,6076,23,167,548,6195,67016,316,550,552,15246],"class_list":["post-654700","post","type-post","status-publish","format-standard","has-post-thumbnail","category-ciclismo","tag-algo","tag-altas","tag-aposto","tag-apuntarse","tag-calurosos","tag-cambiar","tag-carreras","tag-ciclismo","tag-ciclista","tag-cos","tag-cycling","tag-deportes","tag-el","tag-emirates","tag-es","tag-esloveno","tag-espana","tag-estudiar","tag-evitar","tag-favorable","tag-favorito","tag-francia","tag-hablar","tag-julio","tag-lugares","tag-maximo","tag-medidas","tag-mostro","tag-pogacar","tag-pudiera","tag-quinto","tag-spain","tag-sports","tag-tadej","tag-temperaturas","tag-tenemos","tag-tour","tag-uae","tag-xrg","tag-yo"],"share_on_mastodon":{"url":"https:\/\/pubeurope.com\/@es\/116908366597671511","error":""},"_links":{"self":[{"href":"https:\/\/www.europesays.com\/es\/wp-json\/wp\/v2\/posts\/654700","targetHints":{"allow":["GET"]}}],"collection":[{"href":"https:\/\/www.europesays.com\/es\/wp-json\/wp\/v2\/posts"}],"about":[{"href":"https:\/\/www.europesays.com\/es\/wp-json\/wp\/v2\/types\/post"}],"author":[{"embeddable":true,"href":"https:\/\/www.europesays.com\/es\/wp-json\/wp\/v2\/users\/2"}],"replies":[{"embeddable":true,"href":"https:\/\/www.europesays.com\/es\/wp-json\/wp\/v2\/comments?post=654700"}],"version-history":[{"count":0,"href":"https:\/\/www.europesays.com\/es\/wp-json\/wp\/v2\/posts\/654700\/revisions"}],"wp:featuredmedia":[{"embeddable":true,"href":"https:\/\/www.europesays.com\/es\/wp-json\/wp\/v2\/media\/654701"}],"wp:attachment":[{"href":"https:\/\/www.europesays.com\/es\/wp-json\/wp\/v2\/media?parent=654700"}],"wp:term":[{"taxonomy":"category","embeddable":true,"href":"https:\/\/www.europesays.com\/es\/wp-json\/wp\/v2\/categories?post=654700"},{"taxonomy":"post_tag","embeddable":true,"href":"https:\/\/www.europesays.com\/es\/wp-json\/wp\/v2\/tags?post=654700"}],"curies":[{"name":"wp","href":"https:\/\/api.w.org\/{rel}","templated":true}]}}