{"id":65471,"date":"2025-08-22T20:42:13","date_gmt":"2025-08-22T20:42:13","guid":{"rendered":"https:\/\/www.europesays.com\/es\/65471\/"},"modified":"2025-08-22T20:42:13","modified_gmt":"2025-08-22T20:42:13","slug":"dricus-du-plessis-peleador-de-ufc-es-gay","status":"publish","type":"post","link":"https:\/\/www.europesays.com\/es\/65471\/","title":{"rendered":"\u00bfDricus du Plessis, peleador de UFC, es gay?"},"content":{"rendered":"<p>Dricus du Plessis es un peleador sudafricano de artes marciales mixtas que est\u00e1 en la empresa Ultimate Fighting Championship (UFC), y en m\u00e1s de una ocasi\u00f3n algunas personas han cre\u00eddo que es gay, esto es lo que el campe\u00f3n mundial ha dicho sobre su sexualidad.<\/p>\n<p><strong>Originario de Welkom (Sud\u00e1frica), Dricus du Plessis es un <a href=\"https:\/\/www.homosensual.com\/tag\/deportes\/\" target=\"_blank\" rel=\"noreferrer noopener nofollow\">peleador de UFC<\/a><\/strong> que en 2025 es<strong> campe\u00f3n mundial de peso mediano<\/strong> y algunas personas aficionadas a las artes marciales <strong>se preguntan si podr\u00eda ser <a href=\"https:\/\/www.homosensual.com\/tag\/gay\/\" target=\"_blank\" rel=\"noreferrer noopener nofollow\">gay<\/a><\/strong> debido a que le<strong> ha dado besos a su entrenador<\/strong>, aqu\u00ed <strong>exploramos lo que \u00e9l ha dicho sobre su sexualidad y pareja<\/strong>.<\/p>\n<p>*Suscr\u00edbete a\u00a0<a href=\"https:\/\/www.whatsapp.com\/channel\/0029Va7YzlQCcW4wIKXlbL1v\" target=\"_blank\" rel=\"noreferrer noopener nofollow\">nuestro canal de WhatsApp\u00a0<\/a>para m\u00e1s informaci\u00f3n.<\/p>\n<p><img data-recalc-dims=\"1\" fetchpriority=\"high\" decoding=\"async\" width=\"696\" height=\"392\" src=\"https:\/\/www.europesays.com\/es\/wp-content\/uploads\/2025\/08\/dricus-du-plessis-peleador-ufc-es-gay-biografia-sexualidad-pareja-fotos-videos-2025-weigh-in.jpg\" alt=\"Dricus Du Plessis\" class=\"wp-image-211449\"  \/>Esto es todo lo que Dricus du Plessis ha dicho sobre su sexualidad. \/ Foto: Instagram (@dricusduplessis)<\/p>\n<p>En 2025, Du Plessis tiene <strong>23 victorias en sus carrera<\/strong> y el<strong> 16 de agosto har\u00e1 una defensa de su campeonato<\/strong> en el United Center de Chicago (Estados Unidos). <strong>La pelea ser\u00e1 contra el ruso Khamzat Chimaev.<\/strong> <strong><a href=\"https:\/\/www.homosensual.com\/entretenimiento\/celebridades\/lando-norris-que-se-sabe-sexualidad-pareja-bisexual-gay-piloto-formula-1\/\" target=\"_blank\" rel=\"noreferrer noopener nofollow\">ESTO SE SABE SOBRE LA SEXUALIDAD DEL PILOTO DE F\u00d3RMULA 1 LANDO NORRIS.<\/a><\/strong><\/p>\n<p>Como datos generales de Dricus te mencionamos que <strong>naci\u00f3 el 14 de enero de 1994<\/strong>, su <strong>signo zodiacal es Capricornio<\/strong>. <strong>Tiene una estatura de 1.85 metros y un peso aproximado de 84 kilogramos.<\/strong><\/p>\n<p>\u00bfQu\u00e9 ha dicho Dricus du Plessis sobre su sexualidad?<\/p>\n<p>De forma directa, <strong>Dricus du Plessis ha respondido a los comentarios homof\u00f3bicos causados por besar a su entrenador<\/strong>. <strong><a href=\"https:\/\/www.homosensual.com\/entretenimiento\/celebridades\/el-futbolista-frances-kylian-mbappe-es-gay-olivier-giroud-sexualidad\/\" target=\"_blank\" rel=\"noreferrer noopener nofollow\">DESCUBRE LO QUE SE CONOCE SOBRE LA SEXUALIDAD DEL FUTBOLISTA KYLIAN MBAPP\u00c9.<\/a><\/strong><\/p>\n<p>El luchador <strong>no ha manifestado formar parte de la poblaci\u00f3n LGBT+<\/strong> y coment\u00f3 lo siguiente en una conferencia de prensa previa al evento UFC 297.<\/p>\n<blockquote class=\"wp-block-quote is-layout-flow wp-block-quote-is-layout-flow\">\n<p>\u00ab\u00bfHablan de m\u00ed y de que beso a otros chicos? Tengo m\u00e1s fotos, las publiqu\u00e9 en internet, no me importa. \u00bfCreen que me importa? Estoy completamente c\u00f3modo con mi sexualidad. \u00bfHan visto a mi novia?\u00bb.<\/p>\n<\/blockquote>\n<p>Adem\u00e1s, agreg\u00f3 que <strong>para \u00e9l es algo com\u00fan besar a quienes ama<\/strong>.<\/p>\n<blockquote class=\"wp-block-quote is-layout-flow wp-block-quote-is-layout-flow\">\n<p>\u00abAs\u00ed que no me importa. Besar a mi entrenador, besar a mi pap\u00e1, besar a mis hermanos. La gente dice: \u201cOh, eso es gay\u201d. \u00bfY qu\u00e9? No me importa, amo a esa gente, es mi familia y no hay nada que puedan decir para meterse debajo de mi piel\u00bb.<\/p>\n<\/blockquote>\n<p>De igual manera, <strong>contest\u00f3 la pregunta de si es gay en un podcast llamado The Shadow Banned Show<\/strong>. Ah\u00ed cont\u00f3 que estuvo en Par\u00eds para un torneo de rugby y que con uno de sus compa\u00f1eros, Stephanus Pypers, <strong>se tom\u00f3 una foto que parec\u00eda una propuesta de matrimonio<\/strong>. Sin embargo, todo era una broma.<\/p>\n<p><img loading=\"lazy\" data-recalc-dims=\"1\" decoding=\"async\" width=\"696\" height=\"747\" src=\"https:\/\/www.europesays.com\/es\/wp-content\/uploads\/2025\/08\/dricus-du-plessis-peleador-ufc-es-gay-biografia-sexualidad-pareja-fotos-videos-propuesta-matrimonio..jpeg\" alt=\"Dricus du Plessis y Sd Pypers \" class=\"wp-image-201510\"  \/>Esta fue la foto que compartieron SD Pypers (izquierda) y Dricus du Plessis (derecha). \/ Foto: Instagram (@dricusduplessis)<\/p>\n<p>Asimismo, en una de las im\u00e1genes los <strong>deportistas aparec\u00edan en speedos<\/strong> tem\u00e1ticos con la bandera sudafricana.<strong><a href=\"https:\/\/www.homosensual.com\/entretenimiento\/celebridades\/franco-colapinto-biografia-sexualidad-pareja-fotos-videos-piloto-formula-1-gay\/\" target=\"_blank\" rel=\"noreferrer noopener nofollow\"> DESCUBRE LO QUE SE SABE SOBRE LA SEXUALIDAD DEL PILOTO FRANCO COLAPINTO.<\/a><\/strong><\/p>\n<p>Al respecto, <strong>Dricus tambi\u00e9n coment\u00f3<\/strong>:<\/p>\n<blockquote class=\"wp-block-quote is-layout-flow wp-block-quote-is-layout-flow\">\n<p>\u00abNo tiene nada de malo ser gay, simplemente yo no lo soy\u00bb.<\/p>\n<\/blockquote>\n<p>\u00bfPor qu\u00e9 algunas personas han cre\u00eddo que Dricus du Plessis es gay?<\/p>\n<p>A lo largo de su carrera, <strong>Dricus du Plessis se ha enfrentado a algunos comentarios homof\u00f3bicos<\/strong>, todo se debe a que <strong>ha besado en la boca a su entrenador, Morne Visser<\/strong> en varias ocasiones. El siguiente video fue posterior al encuentro que tuvo el 20 de enero de 2024 frente a Sean Strickland en UFC 297.<\/p>\n<p>Otro momento que dio de qu\u00e9 hablar entre Dricus y su entrenador fue cuando en una pelea <strong>su coach se asegur\u00f3 de que su protector de partes \u00edntimas estuviera en su lugar<\/strong>. Por supuesto, <strong>el video dio lugar a toda clase de interpretaciones<\/strong>. <strong><a href=\"https:\/\/www.homosensual.com\/entretenimiento\/celebridades\/que-relacion-existe-entre-charles-leclerc-y-carlos-sainz-de-la-formula-1-pareja-gay-novia\/\" target=\"_blank\" rel=\"noreferrer noopener nofollow\">MIRA CU\u00c1L ES LA RELACI\u00d3N QUE EXISTE ENTRE LOS DEPORTISTAS CHARLES LECLERC Y CARLOS SAINZ.<\/a><\/strong><\/p>\n<p>Esto hizo que <strong>aficionados al deporte e incluso algunos de sus compa\u00f1eros de divisi\u00f3n hablaran de Dricus<\/strong> y lo atacaran con comentarios. Para tomar ejemplo, tenemos cuando el luchador ruso <strong>Khamzat Chimaev dijo en un space de Twitter (X)<\/strong>:<\/p>\n<blockquote class=\"wp-block-quote is-layout-flow wp-block-quote-is-layout-flow\">\n<p>\u00abDebemos recuperar ese t\u00edtulo para las personas normales [sic]. El gay que tiene el cintur\u00f3n\u00bb.<\/p>\n<\/blockquote>\n<blockquote class=\"twitter-tweet\" data-width=\"550\" data-dnt=\"true\">\n<p lang=\"en\" dir=\"ltr\">\ud83c\udff3\ufe0f\u200d\ud83c\udf08\ud83d\ude02 Khamzat Chimaev says he needs to take the belt from \u00abthis gay champion\u00bb, then starts uncontrollably laughing with Darren Till. <a href=\"https:\/\/t.co\/WDoz6vBws6\" rel=\"nofollow\">pic.twitter.com\/WDoz6vBws6<\/a><\/p>\n<p>\u2014 Home of Fight (@Home_of_Fight) <a href=\"https:\/\/twitter.com\/Home_of_Fight\/status\/1833094746060808601?ref_src=twsrc%5Etfw\" rel=\"nofollow noopener\" target=\"_blank\">September 9, 2024<\/a><\/p><\/blockquote>\n<p>Como lo mencionamos al inicio, <strong>en agosto de 2025, Chimaev tendr\u00e1 la oportunidad de enfrentar a Du Plessis<\/strong>. Esto ha llamado la atenci\u00f3n de los fan\u00e1ticos de este deporte, pues es una pelea que han esperado ver por un buen tiempo por la rivalidad entre los luchadores.<\/p>\n<p>Otro de sus compa\u00f1eros de divisi\u00f3n que ha ocupado <strong>insultos homof\u00f3bicos hacia Dricus du Plessis es Sean Strickland<\/strong>. En un careo que tuvieron previo a una pelea de 2023, <strong>Strickland ocup\u00f3 palabras como \u00abmarica\u00bb para referirse al sudafricano<\/strong>. Sin embargo, esto solo caus\u00f3 risa a Dricus.<\/p>\n<p>\u00bfQui\u00e9n es la novia de Dricus du Plessis?<\/p>\n<p>Fuera del oct\u00e1gono se sabe que <strong>Dricus tiene novia<\/strong>. <strong>Su pareja es la fot\u00f3grafa y coach de boxeo Vasti Spiller. <\/strong>Aqu\u00ed podemos ver una foto donde aparece junto a ella. <strong><a href=\"https:\/\/www.homosensual.com\/lgbt\/deportistas-lgbt-que-salieron-del-closet\/\" target=\"_blank\" rel=\"noreferrer noopener nofollow\">MIRA A LOS DEPORTISTAS LGBT+ QUE EST\u00c1N FUERA DEL CL\u00d3SET.<\/a><\/strong><\/p>\n<p><img data-recalc-dims=\"1\" loading=\"lazy\" decoding=\"async\" width=\"696\" height=\"775\" src=\"https:\/\/www.europesays.com\/es\/wp-content\/uploads\/2025\/08\/dricus-du-plessis-peleador-ufc-es-gay-biografia-sexualidad-pareja-fotos-videos-novia-.jpeg\" alt=\"Dricus du Plessis y Vasti Spiller novia pareja de peleador de ufc\" class=\"wp-image-201509\"  \/>Dricus du Plessis (izquierda) tiene una relaci\u00f3n con Vasti Spiller (derecha). \/ Foto: Instagram (@dricusduplessis)<\/p>\n<p><strong>Adem\u00e1s, Dricus du Plessis y Vasti Spiller se comprometieron para casarse el 15 de enero de 2025. <\/strong>Aqu\u00ed tenemos un video del momento que vivi\u00f3 la pareja. <\/p>\n<blockquote class=\"twitter-tweet\" data-width=\"550\" data-dnt=\"true\">\n<p lang=\"en\" dir=\"ltr\">Dricus has proposed \ud83d\ude00\ud83e\udd79 Congratulations on your engagement buddy \ud83c\uddff\ud83c\udde6 \ud83d\udc92 <\/p>\n<p>(Yes I was invited and this is my recording \ud83d\ude1c) <a href=\"https:\/\/t.co\/AHj7DZAAOC\" rel=\"nofollow\">pic.twitter.com\/AHj7DZAAOC<\/a><\/p>\n<p>\u2014 8 DAYS UNTIL DRICUS CRUSHES KHAMZATS DREAM\ud83d\udc51\ud83c\uddff\ud83c\udde6 (@JustinHerronUFC) <a href=\"https:\/\/twitter.com\/JustinHerronUFC\/status\/1879339489346429284?ref_src=twsrc%5Etfw\" rel=\"nofollow noopener\" target=\"_blank\">January 15, 2025<\/a><\/p><\/blockquote>\n<p>Asimismo, <strong>Vasti Spiller ha estado presente en algunos de los enfrentamientos que ha tenido Dricus du Plessis<\/strong>. Aqu\u00ed tenemos un video donde ella est\u00e1 sosteniendo el campeonato de su novio.<\/p>\n<p>Aqu\u00ed te dejamos un carrusel de fotos para que <strong>aprecies c\u00f3mo luce la pareja en junio de 2025<\/strong>. <\/p>\n<p>\u00bfQu\u00e9 opinas sobre lo que ha dicho el peleador de UFC sobre su sexualidad?<\/p>\n<p>Con informaci\u00f3n de <a href=\"https:\/\/www.ufcespanol.com\/athlete\/dricus-du-plessis\" target=\"_blank\" rel=\"noreferrer noopener nofollow\">UFC Espa\u00f1ol<\/a> y <a href=\"https:\/\/www.espn.com.mx\/mma\/peleador\/_\/id\/3166126\/dricus-du-plessis\" target=\"_blank\" rel=\"noreferrer noopener nofollow\">ESPN<\/a><\/p>\n<p><script async src=\"https:\/\/platform.twitter.com\/widgets.js\" charset=\"utf-8\"><\/script><\/p>\n","protected":false},"excerpt":{"rendered":"Dricus du Plessis es un peleador sudafricano de artes marciales mixtas que est\u00e1 en la empresa Ultimate Fighting&hellip;\n","protected":false},"author":2,"featured_media":65472,"comment_status":"","ping_status":"","sticky":false,"template":"","format":"standard","meta":{"footnotes":""},"categories":[276],"tags":[634,168,25,24,4459,23,167,343],"class_list":{"0":"post-65471","1":"post","2":"type-post","3":"status-publish","4":"format-standard","5":"has-post-thumbnail","7":"category-ufc","8":"tag-deporte","9":"tag-deportes","10":"tag-es","11":"tag-espana","12":"tag-luchador","13":"tag-spain","14":"tag-sports","15":"tag-ufc"},"share_on_mastodon":{"url":"","error":""},"_links":{"self":[{"href":"https:\/\/www.europesays.com\/es\/wp-json\/wp\/v2\/posts\/65471","targetHints":{"allow":["GET"]}}],"collection":[{"href":"https:\/\/www.europesays.com\/es\/wp-json\/wp\/v2\/posts"}],"about":[{"href":"https:\/\/www.europesays.com\/es\/wp-json\/wp\/v2\/types\/post"}],"author":[{"embeddable":true,"href":"https:\/\/www.europesays.com\/es\/wp-json\/wp\/v2\/users\/2"}],"replies":[{"embeddable":true,"href":"https:\/\/www.europesays.com\/es\/wp-json\/wp\/v2\/comments?post=65471"}],"version-history":[{"count":0,"href":"https:\/\/www.europesays.com\/es\/wp-json\/wp\/v2\/posts\/65471\/revisions"}],"wp:featuredmedia":[{"embeddable":true,"href":"https:\/\/www.europesays.com\/es\/wp-json\/wp\/v2\/media\/65472"}],"wp:attachment":[{"href":"https:\/\/www.europesays.com\/es\/wp-json\/wp\/v2\/media?parent=65471"}],"wp:term":[{"taxonomy":"category","embeddable":true,"href":"https:\/\/www.europesays.com\/es\/wp-json\/wp\/v2\/categories?post=65471"},{"taxonomy":"post_tag","embeddable":true,"href":"https:\/\/www.europesays.com\/es\/wp-json\/wp\/v2\/tags?post=65471"}],"curies":[{"name":"wp","href":"https:\/\/api.w.org\/{rel}","templated":true}]}}