{"id":654733,"date":"2026-07-12T18:39:12","date_gmt":"2026-07-12T18:39:12","guid":{"rendered":"https:\/\/www.europesays.com\/es\/654733\/"},"modified":"2026-07-12T18:39:12","modified_gmt":"2026-07-12T18:39:12","slug":"el-hoffenheim-admite-negociaciones-por-asllani","status":"publish","type":"post","link":"https:\/\/www.europesays.com\/es\/654733\/","title":{"rendered":"El Hoffenheim admite negociaciones por Asllani"},"content":{"rendered":"<p class=\"ft-text\"><a class=\"ft-link ft-link--decoration\" href=\"https:\/\/www.sport.es\/es\/noticias\/barca\/barca-descartaria-fichar-9-ademas-132357462\" rel=\"nofollow noopener\" target=\"_blank\">El Bar\u00e7a podr\u00eda estar buscando un segundo delantero en el mercado en el caso de que salga Ferran Torres <\/a>y el joven futbolista del Hoffenheim Fisnik Asllani gusta mucho en el club blaugrana. En las \u00faltimas horas se ha rumoreado que el delantero habr\u00eda paralizado las negociaciones para fichar por el Borussia Dortmund para comprobar si el Bar\u00e7a da el paso definitivo. El director deportivo del club alem\u00e1n, <strong>Andreas Schicker, reconoci\u00f3 que est\u00e1n en negociaciones abiertas con varios clubs tanto en Alemania como en el extranjero porque Asllani genera mucho inter\u00e9s. De hecho, lo dan pr\u00e1cticamente por perdido.<\/strong><\/p>\n<p class=\"ft-text\">Andreas Schicker se remiti\u00f3 a la cl\u00e1usula de rescisi\u00f3n de 29 millones de euros para dar salida al futbolista:<strong> \u00abEstamos en conversaciones con clubes tanto nacionales como extranjeros. No es ning\u00fan secreto que Fisnik Asllani tiene una cl\u00e1usula de rescisi\u00f3n\u00bb, confirm\u00f3.<\/strong><\/p>\n<p class=\"ft-text\"><a class=\"ft-link ft-link--decoration\" href=\"https:\/\/www.sport.es\/es\/noticias\/barca\/nuevo-guino-asllani-barca-futuro-131917709\" rel=\"nofollow noopener\" target=\"_blank\">Asllani se ha presentado a la pretemporada del equipo sabiendo que pueden ser sus \u00faltimos d\u00edas en el Hoffenheim<\/a> y el futbolista est\u00e1 apurando para elegir la mejor opci\u00f3n. Asllani nunca se ha escondido y p\u00fablicamente se ha dejado querer por el Bar\u00e7a asegurando que ser\u00eda un sue\u00f1o vestir de blaugrana. <strong>Su sentimiento es cul\u00e9 y estar\u00eda muy pendiente tanto \u00e9l como su entorno por si Ferran Torres sale en las pr\u00f3ximas semanas ya que se le podr\u00eda abrir una puerta.<\/strong><\/p>\n<p class=\"ft-text\">Los ojeadores del Bar\u00e7a han seguido a Asllani con mucho detenimiento en la \u00faltima temporada y Deco lleg\u00f3 a reunirse con su entorno. Sabe de su predisposici\u00f3n total y tambi\u00e9n de que se trata de un futbolista con much\u00edsima proyecci\u00f3n y a un precio razonable. Por el momento, el club blaugrana est\u00e1 centrado absolutamente en el fichaje de Juli\u00e1n \u00c1lvarez aunque necesitar\u00e1n doblar la posici\u00f3n. En Alemania se daba por hecha ya la salida de Asllani al Dortmund, pero algo ha sucedido en las \u00faltimas horas porque se ha ralentizado la operaci\u00f3n. El Bar\u00e7a sigue atento y habr\u00e1 que ver si Deco y Flick dan el paso definitivo para firmar a una de las revelaciones de la Bundesliga.<\/p>\n","protected":false},"excerpt":{"rendered":"El Bar\u00e7a podr\u00eda estar buscando un segundo delantero en el mercado en el caso de que salga Ferran&hellip;\n","protected":false},"author":2,"featured_media":654734,"comment_status":"","ping_status":"","sticky":false,"template":"","format":"standard","meta":{"footnotes":""},"categories":[268],"tags":[51563,2296,210,2297,168,25,24,280,282,100876,281,23,167],"class_list":["post-654733","post","type-post","status-publish","format-standard","has-post-thumbnail","category-futbol","tag-asllani","tag-barca","tag-barcelona","tag-barsa","tag-deportes","tag-es","tag-espana","tag-football","tag-futbol","tag-hoffenheim","tag-soccer","tag-spain","tag-sports"],"share_on_mastodon":{"url":"https:\/\/pubeurope.com\/@es\/116908468934956900","error":""},"_links":{"self":[{"href":"https:\/\/www.europesays.com\/es\/wp-json\/wp\/v2\/posts\/654733","targetHints":{"allow":["GET"]}}],"collection":[{"href":"https:\/\/www.europesays.com\/es\/wp-json\/wp\/v2\/posts"}],"about":[{"href":"https:\/\/www.europesays.com\/es\/wp-json\/wp\/v2\/types\/post"}],"author":[{"embeddable":true,"href":"https:\/\/www.europesays.com\/es\/wp-json\/wp\/v2\/users\/2"}],"replies":[{"embeddable":true,"href":"https:\/\/www.europesays.com\/es\/wp-json\/wp\/v2\/comments?post=654733"}],"version-history":[{"count":0,"href":"https:\/\/www.europesays.com\/es\/wp-json\/wp\/v2\/posts\/654733\/revisions"}],"wp:featuredmedia":[{"embeddable":true,"href":"https:\/\/www.europesays.com\/es\/wp-json\/wp\/v2\/media\/654734"}],"wp:attachment":[{"href":"https:\/\/www.europesays.com\/es\/wp-json\/wp\/v2\/media?parent=654733"}],"wp:term":[{"taxonomy":"category","embeddable":true,"href":"https:\/\/www.europesays.com\/es\/wp-json\/wp\/v2\/categories?post=654733"},{"taxonomy":"post_tag","embeddable":true,"href":"https:\/\/www.europesays.com\/es\/wp-json\/wp\/v2\/tags?post=654733"}],"curies":[{"name":"wp","href":"https:\/\/api.w.org\/{rel}","templated":true}]}}