{"id":654833,"date":"2026-07-12T19:52:13","date_gmt":"2026-07-12T19:52:13","guid":{"rendered":"https:\/\/www.europesays.com\/es\/654833\/"},"modified":"2026-07-12T19:52:13","modified_gmt":"2026-07-12T19:52:13","slug":"maria-rey-sale-en-defensa-de-marta-gomez-montero-tras-su-marcha-de-malas-lenguas-quien-lo-califique-de-victimismo-no-tiene-alma","status":"publish","type":"post","link":"https:\/\/www.europesays.com\/es\/654833\/","title":{"rendered":"Mar\u00eda Rey sale en defensa de Marta G\u00f3mez Montero tras su marcha de &#8216;Malas Lenguas&#8217;: \u00abQuien lo califique de victimismo no tiene alma\u00bb"},"content":{"rendered":"<p class=\"ft-text ft-helper-closenews\">El terremoto televisivo provocado por el <a class=\"ft-link ft-link--decoration\" href=\"https:\/\/www.elperiodico.com\/es\/tele\/yotele\/20260712\/escandalo-malas-lenguas-tertuliana-marta-gomez-montero-acusa-cintora-humillarla-abandona-plato-llorando-132370816\" target=\"_blank\" rel=\"nofollow noopener\">abandono en pleno directo de Marta G\u00f3mez Montero<\/a> en<strong> &#8216;Malas Lenguas Noche&#8217; <\/strong>sigue sumando reacciones de peso. Tras el tenso rifirrafe con Jes\u00fas Cintora, que acab\u00f3 con la periodista abandonando el plat\u00f3 entre l\u00e1grimas y sufriendo una crisis de ansiedad, el mundo del periodismo se ha volcado por completo con ella. La \u00faltima en sumarse de forma contundente ha sido <strong>Mar\u00eda Rey.<\/strong><\/p>\n<p class=\"ft-text\">La presentadora de<strong> &#8216;120 Minutos&#8217; <\/strong>y presidenta de la Asociaci\u00f3n de la Prensa de Madrid (APM) ha utilizado sus redes sociales para frenar en seco las especulaciones y los ataques hacia su compa\u00f1era de profesi\u00f3n, lanzando un mensaje lleno de empat\u00eda que no ha tardado en volverse viral.<\/p>\n<p class=\"ft-text\">Mar\u00eda Rey ha querido ser muy clara sobre la vulnerabilidad mostrada por la tertuliana ante las c\u00e1maras, respondiendo a quienes han intentado desacreditar el dur\u00edsimo momento que se vivi\u00f3 en el plat\u00f3 de la cadena p\u00fablica. \u00abQuien califique lo ocurrido en &#8216;Malas Lenguas Noche&#8217; como un acto de victimismo premeditado o no tiene alma o nunca ha sufrido una crisis de ansiedad\u00bb, ha sentenciado con rotundidad en su cuenta de X (antes Twitter).<\/p>\n<p class=\"ft-text\">Adem\u00e1s, la periodista ha hecho un llamamiento a la audiencia y a las redes para evitar que el sufrimiento de una profesional se convierta en un arma arrojadiza en el debate pol\u00edtico: \u00ab<strong>No reduzcamos una situaci\u00f3n as\u00ed a una batalla ideol\u00f3gica<\/strong> ni a una pelea entre periodistas. Respeto a todos los que sufren\u00bb, zanjaba Rey de forma impecable.<\/p>\n<p class=\"ft-text\">El apoyo de Mar\u00eda Rey no se ha quedado ah\u00ed. La presidenta de la APM tambi\u00e9n ha querido reaccionar al <a class=\"ft-link ft-link--decoration\" href=\"https:\/\/www.elperiodico.com\/es\/tele\/yotele\/20260712\/presidente-rtve-rompe-silencio-espantada-marta-gomez-montero-jesus-cintora-malas-lenguas-132380601\" target=\"_blank\" rel=\"nofollow noopener\">contundente paso al frente de Jos\u00e9 Pablo L\u00f3pez, presidente de RTVE, quien arrop\u00f3 p\u00fablicamente a G\u00f3mez Montero <\/a>asegurando que <strong>\u00abno bastan las disculpas en privado\u00bb<\/strong> y garantizando que la corporaci\u00f3n seguir\u00e1 siendo su casa.<\/p>\n<p class=\"ft-text\">Un gesto institucional que Rey ha aplaudido sin miramientos, destacando la importancia de cuidar la salud mental y emocional de los trabajadores en la peque\u00f1a pantalla: \u00abUna persona que se rompe en directo solo necesita apoyo y el vuestro m\u00e1s que ninguno. El gesto os honra\u00bb, ha respondido directamente al m\u00e1ximo responsable de RTVE. Con este movimiento, el sector cierra filas en torno a una Marta G\u00f3mez Montero que ha recibido una oleada de afecto tras vivir uno de los tragos m\u00e1s amargos de su carrera en televisi\u00f3n.<\/p>\n<p data-close=\"closedContent\" class=\"subscribeHideForDisplay\">Suscr\u00edbete para seguir leyendo<\/p>\n","protected":false},"excerpt":{"rendered":"El terremoto televisivo provocado por el abandono en pleno directo de Marta G\u00f3mez Montero en &#8216;Malas Lenguas Noche&#8217;&hellip;\n","protected":false},"author":2,"featured_media":654834,"comment_status":"","ping_status":"","sticky":false,"template":"","format":"standard","meta":{"footnotes":""},"categories":[171],"tags":[9460,1616,146,147,25,24,4190,5782,9463,9462,19600,1932,14494,193,5330,5150,23,214,3156],"class_list":["post-654833","post","type-post","status-publish","format-standard","has-post-thumbnail","category-tv","tag-cintora","tag-defensa","tag-entertainment","tag-entretenimiento","tag-es","tag-espana","tag-gomez","tag-jesus","tag-lenguas","tag-malas","tag-malas-lenguas","tag-maria","tag-marta","tag-noche","tag-rey","tag-sale","tag-spain","tag-tv","tag-tve"],"share_on_mastodon":{"url":"https:\/\/pubeurope.com\/@es\/116908756084321683","error":""},"_links":{"self":[{"href":"https:\/\/www.europesays.com\/es\/wp-json\/wp\/v2\/posts\/654833","targetHints":{"allow":["GET"]}}],"collection":[{"href":"https:\/\/www.europesays.com\/es\/wp-json\/wp\/v2\/posts"}],"about":[{"href":"https:\/\/www.europesays.com\/es\/wp-json\/wp\/v2\/types\/post"}],"author":[{"embeddable":true,"href":"https:\/\/www.europesays.com\/es\/wp-json\/wp\/v2\/users\/2"}],"replies":[{"embeddable":true,"href":"https:\/\/www.europesays.com\/es\/wp-json\/wp\/v2\/comments?post=654833"}],"version-history":[{"count":0,"href":"https:\/\/www.europesays.com\/es\/wp-json\/wp\/v2\/posts\/654833\/revisions"}],"wp:featuredmedia":[{"embeddable":true,"href":"https:\/\/www.europesays.com\/es\/wp-json\/wp\/v2\/media\/654834"}],"wp:attachment":[{"href":"https:\/\/www.europesays.com\/es\/wp-json\/wp\/v2\/media?parent=654833"}],"wp:term":[{"taxonomy":"category","embeddable":true,"href":"https:\/\/www.europesays.com\/es\/wp-json\/wp\/v2\/categories?post=654833"},{"taxonomy":"post_tag","embeddable":true,"href":"https:\/\/www.europesays.com\/es\/wp-json\/wp\/v2\/tags?post=654833"}],"curies":[{"name":"wp","href":"https:\/\/api.w.org\/{rel}","templated":true}]}}