{"id":654894,"date":"2026-07-12T20:33:52","date_gmt":"2026-07-12T20:33:52","guid":{"rendered":"https:\/\/www.europesays.com\/es\/654894\/"},"modified":"2026-07-12T20:33:52","modified_gmt":"2026-07-12T20:33:52","slug":"el-base-nacho-varela-nuevo-jugador-de-insolac-caja87-para-la-temporada-26-27-primera-feb","status":"publish","type":"post","link":"https:\/\/www.europesays.com\/es\/654894\/","title":{"rendered":"El base Nacho Varela, nuevo jugador de Insolac Caja87 para la temporada 26\/27 | Primera FEB"},"content":{"rendered":"<p>El jugador natural de Chile de 26 a\u00f1os se suma a la disciplina cajista tras una dilatada trayectoria en Primera FEB pese a su juventud.<\/p>\n<p>                    DPTO. COMUNICACI\u00d3N CAJA 87<\/p>\n<p>Nacho Arroyo Varela es nuevo jugador de Insolac Caja87. El base, de 1.88 metros y 26 a\u00f1os, es internacional con la Selecci\u00f3n de Chile, y procede de Gipuzkoa Basket, donde promediara la temporada pasada 7.2 puntos y 3.6 asistencias en tierras vascas.<\/p>\n<p>Arroyo afrontar\u00e1 su quinta campa\u00f1a en Primera FEB en esta presente 26\/27. Chileno pero con pasaporte espa\u00f1ol, Varela recal\u00f3 por primera vez en Espa\u00f1a en las filas de Movistar Estudiantes, donde en 2018 inici\u00f3 su periplo en Espa\u00f1a tras un tramo de formaci\u00f3n americana en Utah. Con el conjunto colegial, al que lleg\u00f3 siendo junior, consigui\u00f3 debutar en Liga Endesa con 19 a\u00f1os, siendo el primer chileno en jugar en la m\u00e1xima competici\u00f3n espa\u00f1ola.<\/p>\n<p>Fue para la temporada 21\/22 cuando Varela ya se convirti\u00f3 en jugador de pleno derecho de la primera plantilla de Movistar Estudiantes en LEB Oro. Tras cuatro temporadas en el equipo del Ramiro de Maeztu, Varela decidi\u00f3 bajar un escal\u00f3n para tomar impulso uni\u00e9ndose al proyecto de Hestia Menorca en Segunda FEB, con el que consigui\u00f3 el ascenso en la temporada 2022\/2023.<\/p>\n<p>Su buen rendimiento en tierras baleares y la finalizaci\u00f3n de su vinculaci\u00f3n con Estudiantes le llev\u00f3 a otro proyecto llamado al ascenso como el de For\u00e7a Lleida, con el que en la 23\/24 ascendi\u00f3 a Liga Endesa firmando 8 puntos y 3 asistencias por partido en un a\u00f1o donde fue capital en tierras catalanas.<\/p>\n<p>Tras al ascenso en Lleida, Varela firm\u00f3 por otro hist\u00f3rico de la competici\u00f3n como es Obradoiro, con el que se qued\u00f3 a un paso de la Final Four por el ascenso a Liga Endesa y consigui\u00f3 ganar la Copa Espa\u00f1a.<\/p>\n<p>En esta \u00faltima temporada Nacho Varela ha jugado en el Inveready Gipuzkoa Basket, con el que acab\u00f3 quinto en la liga regular cayendo en primera ronda de playoff ante Alimerka Oviedo.<\/p>\n<p>A nivel internacional, Varela ha sido considerado como uno de los grandes talentos salidos de latinoam\u00e9rica en los \u00faltimos a\u00f1os. Es un fijo de la selecci\u00f3n chilena desde 2019, adem\u00e1s de haber disputado con el cuadro chileno los campeonatos sudamericanos U15 y U17, as\u00ed como los Campeonatos FIBA Americas U18 de 2016 y 2018.<\/p>\n<p>Con la llegada de Varela, Insolac Caja87 gana a un jugador explosivo, con un gran rendimiento a campo abierto y una experiencia impropia de su edad en Competiciones FEB. A bien seguro ser\u00e1 una de esas piezas que hacen levantar al pabell\u00f3n en cada partido.<br \/>&#13;\n                <\/p>\n","protected":false},"excerpt":{"rendered":"El jugador natural de Chile de 26 a\u00f1os se suma a la disciplina cajista tras una dilatada trayectoria&hellip;\n","protected":false},"author":2,"featured_media":654895,"comment_status":"","ping_status":"","sticky":false,"template":"","format":"standard","meta":{"footnotes":""},"categories":[269],"tags":[299,1918,298,4597,4616,4608,168,25,24,4120,58586,58587,4614,2713,46613,830,1044,4599,3917,4617,23,167],"class_list":["post-654894","post","type-post","status-publish","format-standard","has-post-thumbnail","category-baloncesto","tag-baloncesto","tag-basket","tag-basketball","tag-basquet","tag-clasificacion","tag-copa-principe","tag-deportes","tag-es","tag-espana","tag-estadisticas","tag-febtv","tag-federacion-de-baloncesto","tag-jornada-virtual","tag-jugadores","tag-leb","tag-leb-oro","tag-liga","tag-liga-espana","tag-primera-feb","tag-rankings","tag-spain","tag-sports"],"share_on_mastodon":{"url":"https:\/\/pubeurope.com\/@es\/116908921142421043","error":""},"_links":{"self":[{"href":"https:\/\/www.europesays.com\/es\/wp-json\/wp\/v2\/posts\/654894","targetHints":{"allow":["GET"]}}],"collection":[{"href":"https:\/\/www.europesays.com\/es\/wp-json\/wp\/v2\/posts"}],"about":[{"href":"https:\/\/www.europesays.com\/es\/wp-json\/wp\/v2\/types\/post"}],"author":[{"embeddable":true,"href":"https:\/\/www.europesays.com\/es\/wp-json\/wp\/v2\/users\/2"}],"replies":[{"embeddable":true,"href":"https:\/\/www.europesays.com\/es\/wp-json\/wp\/v2\/comments?post=654894"}],"version-history":[{"count":0,"href":"https:\/\/www.europesays.com\/es\/wp-json\/wp\/v2\/posts\/654894\/revisions"}],"wp:featuredmedia":[{"embeddable":true,"href":"https:\/\/www.europesays.com\/es\/wp-json\/wp\/v2\/media\/654895"}],"wp:attachment":[{"href":"https:\/\/www.europesays.com\/es\/wp-json\/wp\/v2\/media?parent=654894"}],"wp:term":[{"taxonomy":"category","embeddable":true,"href":"https:\/\/www.europesays.com\/es\/wp-json\/wp\/v2\/categories?post=654894"},{"taxonomy":"post_tag","embeddable":true,"href":"https:\/\/www.europesays.com\/es\/wp-json\/wp\/v2\/tags?post=654894"}],"curies":[{"name":"wp","href":"https:\/\/api.w.org\/{rel}","templated":true}]}}