{"id":655224,"date":"2026-07-13T01:03:37","date_gmt":"2026-07-13T01:03:37","guid":{"rendered":"https:\/\/www.europesays.com\/es\/655224\/"},"modified":"2026-07-13T01:03:37","modified_gmt":"2026-07-13T01:03:37","slug":"ebrima-tunkara-el-nino-prodigio-mas-autoexigente-que-estara-a-las-ordenes-de-flick-y-que-alucinaba-por-convivir-con-gavi","status":"publish","type":"post","link":"https:\/\/www.europesays.com\/es\/655224\/","title":{"rendered":"Ebrima Tunkara, el ni\u00f1o prodigio m\u00e1s autoexigente que estar\u00e1 a las \u00f3rdenes de Flick y que alucinaba por convivir con Gavi"},"content":{"rendered":"<p class=\"ft-text\">Cuando <a class=\"ft-link ft-link--decoration\" href=\"https:\/\/www.sport.es\/es\/videos\/barca\/20260709\/regreso-esperado-hansi-flick-ciutat\/132282180.shtml\" rel=\"nofollow noopener\" target=\"_blank\">Hansi Flick<\/a> arranc\u00f3 su etapa en el Bar\u00e7a como entrenador blaugrana cont\u00f3 con una serie de canteranos entre los que destacaba la insultante juventud de <a class=\"ft-link ft-link--decoration\" href=\"https:\/\/www.sport.es\/es\/videos\/adn-masia\/20251007\/adn-masia-analisis-toni-fernandez\/122385537.shtml\" rel=\"nofollow noopener\" target=\"_blank\">Toni Fern\u00e1ndez Casino<\/a>. El de Rub\u00ed ten\u00eda entonces 15 a\u00f1os y llam\u00f3 mucho la atenci\u00f3n del t\u00e9cnico alem\u00e1n que unos meses m\u00e1s tarde le hizo debutar en partido oficial con el primer equipo.<\/p>\n<p class=\"ft-text\"><strong>Esta pretemporada, Flick arrancar\u00e1 los entrenamientos con numerosos futbolistas de La Masia entre los que destaca otro adolescente precoz de gran progresi\u00f3n<\/strong>. <a class=\"ft-link ft-link--decoration\" href=\"https:\/\/www.sport.es\/es\/noticias\/barca\/futbol-base\/mario-rosas-pedira-eldense-cesion-131616169\" rel=\"nofollow noopener\" target=\"_blank\">Ebrima Tunkara <\/a>Yateberreh naci\u00f3 en Lamoi (Gambia) pero desde los siete a\u00f1os ha vivido en Catalu\u00f1a.<\/p>\n<p><img decoding=\"async\" src=\"https:\/\/www.europesays.com\/es\/wp-content\/uploads\/2026\/07\/8a3ad456-6718-4a63-892d-49a7bee3bbdc_alta-libre-aspect-ratio_default_0_x600y225.jpg\" width=\"1200\" height=\"675\" alt=\"Ebrima ante Italia en las semifinales del Europea Sub-17\" class=\"ft-helper-img-rd\" loading=\"lazy\" fetchpriority=\"auto\"\/><\/p>\n<p class=\"ft-helper-fontColor-quaternary ft-helper-fontSize-body-S ft-helper-spacer-t-xxs\">Ebrima ante Italia en las semifinales del Europea Sub-17  \/ SEFutbol<\/p>\n<p class=\"ft-text\">Su padre Abdul emigr\u00f3 en el 2007 a Cerdanyola del Vall\u00e9s y diez a\u00f1os despu\u00e9s logr\u00f3 reunir al resto de su familia que llegaron de su pa\u00eds original. <strong>Entre ellos estaba un <\/strong><a class=\"ft-link ft-link--decoration\" href=\"https:\/\/www.sport.es\/es\/noticias\/barca\/futbol-base\/ebrima-tunkara-virtuoso-gambiano-enamora-99010822\" rel=\"nofollow noopener\" target=\"_blank\"><strong>Ebrima<\/strong><\/a><strong> que pas\u00f3 de jugar al f\u00fatbol descalzo en las calles de Gambia a federarse en el Cerdanyola.<\/strong><\/p>\n<p class=\"ft-text\">Albert Puig Alcaide, actual t\u00e9cnico de la cantera del Girona, repar\u00f3 en su proyecci\u00f3n y el Bar\u00e7a lo incorpor\u00f3 para su equipo prebenjam\u00edn.<\/p>\n<p class=\"ft-text\">Ebrima naci\u00f3 en Gambia pero suma ya nueve a\u00f1os viviendo en territorio catal\u00e1n y es un fijo de las selecciones inferiores de Espa\u00f1a. <strong>Con el Bar\u00e7a ha pasado por todas las categor\u00edas des del prebenjam\u00edn hasta el Bar\u00e7a Atl\u00e8tic siempre en equipos por encima de su edad<\/strong>. Esta \u00faltima temporada, siendo cadete, ha alternado el Juvenil A de Pol Planas con el Bar\u00e7a Atl\u00e8tic de Belletti. <\/p>\n<p class=\"ft-text\">Futbol\u00edsticamente, Ebrima es un mediapunta zurdo muy poderoso en lo f\u00edsico y a su vez m\u00e1s que dotado en lo t\u00e9cnico.<strong> Su demarcaci\u00f3n ha ido variando y de interior ha mutado a extremo aunque todav\u00eda es pronto para saber en que posici\u00f3n podr\u00e1 instalarse en la \u00e9lite.<\/strong> <\/p>\n<p><img decoding=\"async\" src=\"https:\/\/www.europesays.com\/es\/wp-content\/uploads\/2026\/07\/63b93a46-8bd0-4625-aa22-4e2e7e006aaf_alta-libre-aspect-ratio_default_0_x600y225.jpg\" width=\"1200\" height=\"675\" alt=\"Ebrima Tunkara apunta muy alto\" class=\"ft-helper-img-rd\" loading=\"lazy\" fetchpriority=\"auto\"\/><\/p>\n<p class=\"ft-helper-fontColor-quaternary ft-helper-fontSize-body-S ft-helper-spacer-t-xxs\">Ebrima Tunkara apunta muy alto  \/ FCB<\/p>\n<p class=\"ft-text\">En el club conf\u00edan a ciegas en su proyecci\u00f3n pero son muy conscientes de que todav\u00eda es un ni\u00f1o con much\u00edsimo camino que recorrer. Su padre le inculc\u00f3 los valores del sacrificio y la humildad y en la residencia de La Masia lo adoran. <\/p>\n<p class=\"ft-text\"><strong>Ebrima es muy querido porque es un chaval excelente con un coraz\u00f3n enorme.<\/strong> Alegre, generoso y siempre pendiente de ayudar a los dem\u00e1s es uno de los residentes m\u00e1s queridos de La Masia. <\/p>\n<p class=\"ft-text\">Ebrima ha pasado de ser uno de los m\u00e1s peque\u00f1os de la residencia blaugrana a uno de los &#8216;veteranos&#8217; y siempre est\u00e1 atento para ayudar al que lo necesite. <\/p>\n<p><img decoding=\"async\" src=\"https:\/\/www.europesays.com\/es\/wp-content\/uploads\/2026\/07\/6d20ee46-c262-497f-9edf-b7f16b47880e_alta-libre-aspect-ratio_default_0_x600y225.jpg\" width=\"1200\" height=\"675\" alt=\"Ebrima Tunkara es una promesa de gran proyecci\u00f3n\" class=\"ft-helper-img-rd\" loading=\"lazy\" fetchpriority=\"auto\"\/><\/p>\n<p class=\"ft-helper-fontColor-quaternary ft-helper-fontSize-body-S ft-helper-spacer-t-xxs\">Ebrima Tunkara es una promesa de gran proyecci\u00f3n  \/ RFEF<\/p>\n<p class=\"ft-text\">En una entrevista en Bar\u00e7a TV del 2022 confesaba algo muy curioso: \u00ab<strong>Lo m\u00e1s incre\u00edble de estar en La Masia es convivir con un jugador del primer equipo como Gavi, desayunar cada d\u00eda con \u00e9l me parece alucinante<\/strong>\u00ab. <\/p>\n<p class=\"ft-text\">Ebrima Tunkara ten\u00eda entonces 12 a\u00f1os y se frotaba los ojos al convivir con un jugador que ya era un fijo en el primer equipo. Han pasado los a\u00f1os y ahora Ebrima puede experimentar lo que se siente al entrenar con sus \u00eddolos y ser dirigido por Hansi Flick. <\/p>\n<p><img decoding=\"async\" src=\"https:\/\/www.europesays.com\/es\/wp-content\/uploads\/2026\/07\/eef7cb6a-a5a5-496d-b80f-f21eb9392371_alta-libre-aspect-ratio_default_0_x600y225.jpg\" width=\"1200\" height=\"675\" alt=\"Ebrima es un prodigio f\u00edsico y t\u00e9cnico\" class=\"ft-helper-img-rd\" loading=\"lazy\" fetchpriority=\"auto\"\/><\/p>\n<p class=\"ft-helper-fontColor-quaternary ft-helper-fontSize-body-S ft-helper-spacer-t-xxs\">Ebrima es un prodigio f\u00edsico y t\u00e9cnico  \/ FCB<\/p>\n<p class=\"ft-text\"><strong>El hispano-gambiano es un chico alegre pero con un punto introvertido que todav\u00eda no es consciente del enorme potencial que atesora<\/strong>. Cuentan de \u00e9l que es tan buena persona como despistado pero a su vez es tremendamente disciplinado y autoexigente. <\/p>\n<p class=\"ft-text\"><strong>Ebrima es su primer cr\u00edtico y esto a veces le frena un poco ya que se exige tanto que en ocasiones no puede cumplir estas expectativas<\/strong>. <\/p>\n<p><img decoding=\"async\" src=\"https:\/\/www.europesays.com\/es\/wp-content\/uploads\/2026\/07\/17c1dc8a-bbad-49d7-ab24-ff1487db48c4_alta-libre-aspect-ratio_default_0_x600y225.jpg\" width=\"1200\" height=\"675\" alt=\"Ebrima Tunkara es una joya de un valor incalculable\" class=\"ft-helper-img-rd\" loading=\"lazy\" fetchpriority=\"auto\"\/><\/p>\n<p class=\"ft-helper-fontColor-quaternary ft-helper-fontSize-body-S ft-helper-spacer-t-xxs\">Ebrima Tunkara es una joya de un valor incalculable  \/ Dani Barbeito<\/p>\n<p class=\"ft-text\">Los t\u00e9cnicos intentan liberarle y que suba su autoestima para que sus grandes cualidades puedan fluir. Los que aseguran que todav\u00eda est\u00e1 verde no est\u00e1n alejados de la realidas pero asegurar esto no es una cr\u00edtica sino un elogio de su inmenso potencial. Ebrima ha quemado etapas a una velocidad de v\u00e9rtigo. <\/p>\n<p class=\"ft-text\"><strong>Su humildad le provoca a veces en el campo no ser capaz de asumir las responsabilidades que le tocar\u00edan por sus incre\u00edbles cualidades pero no hay que olvidar que es un chico de apenas 16 a\u00f1os<\/strong>. <\/p>\n<p><img decoding=\"async\" src=\"https:\/\/www.europesays.com\/es\/wp-content\/uploads\/2026\/07\/3e5d83c2-0954-4e1e-94db-4407a0c40baa_alta-libre-aspect-ratio_default_0_x600y225.jpg\" width=\"1200\" height=\"675\" alt=\"Alexanko renov\u00f3 a Ebrima Tunkara\" class=\"ft-helper-img-rd\" loading=\"lazy\" fetchpriority=\"auto\"\/><\/p>\n<p class=\"ft-helper-fontColor-quaternary ft-helper-fontSize-body-S ft-helper-spacer-t-xxs\">Alexanko renov\u00f3 a Ebrima Tunkara  \/ FCB<\/p>\n<p class=\"ft-text\">Hasta no hace tanto disfrutaba del f\u00fatbol en las calles de Lamoi pero aquel ni\u00f1o gambiano no ha cambiado tanto. Sigue disfrutando del f\u00fatbol y no es del todo consciente de su potencial. <\/p>\n<p class=\"ft-text\"><strong>Est\u00e1 muy cerca de pasar de ser un chico an\u00f3nimo a que le idolatren como \u00e9l ha admirado a Gavi o Lamine<\/strong>. Los dos pasaron de compa\u00f1eros de residencia a cracks mundialistas. <\/p>\n<p><img decoding=\"async\" src=\"https:\/\/www.europesays.com\/es\/wp-content\/uploads\/2026\/07\/c3fc7f12-9533-49f0-ae53-89bb9a6a308e_alta-libre-aspect-ratio_default_0.jpg\" width=\"1200\" height=\"675\" alt=\"Ebrima Tunkara: \u00bfEl mayor talento en La Masia desde Lamine?\" class=\"ft-helper-img-rd\" loading=\"lazy\" fetchpriority=\"auto\"\/><\/p>\n<p class=\"ft-helper-fontColor-quaternary ft-helper-fontSize-body-S ft-helper-spacer-t-xxs\">Ebrima Tunkara: \u00bfEl mayor talento en La Masia desde Lamine?  \/ Dani Barbeito<\/p>\n<p class=\"ft-text\">Cuando Flick se encuentre en la Ciutat Esportiva con Ebrima observar\u00e1 a un prometedor jugador zurdo muy t\u00e9cnico y potente. Adem\u00e1s de una gran promesa, Flick tratar\u00e1 a un adolescente que por su car\u00e1cter es muy probable que se muestre reservado y prudente en su primera toma de contacto con el primer equipo. <\/p>\n<p class=\"ft-text\"><strong>Los valores de la Masia se encarnan en un chico encantador y educado que juega al f\u00fatbol de maravilla y que sue\u00f1a con ser el primer gambiano de la historia del Bar\u00e7a<\/strong>. <\/p>\n<p><img decoding=\"async\" src=\"https:\/\/www.europesays.com\/es\/wp-content\/uploads\/2026\/07\/6aeed52e-0e83-4bb1-91dd-c6c4d5f7d095_alta-libre-aspect-ratio_default_0_x600y225.jpg\" width=\"1200\" height=\"675\" alt=\"Ebrima Tunkara marc\u00f3 un golazo en la \u00faltima jornada\" class=\"ft-helper-img-rd\" loading=\"lazy\" fetchpriority=\"auto\"\/><\/p>\n<p class=\"ft-helper-fontColor-quaternary ft-helper-fontSize-body-S ft-helper-spacer-t-xxs\">Ebrima Tunkara marc\u00f3 un golazo en la \u00faltima jornada  \/ FCB<\/p>\n<p class=\"ft-text\">Si en Senegal, pa\u00eds que rodea a Gambia, hay grandes referentes futbol\u00edsticos, del pa\u00eds de Ebrima apenas se conocen a jugadores como Yankuba Minteh (Brighton). <\/p>\n<p class=\"ft-text\"><strong>Alhaji Momodo Njie, conocido como \u00abBiri Biri\u00bb es el mejor jugador en la historia de Gambia <\/strong>y un mito del Sevilla hasta el punto que su apodo da nombre al grupo de aficionados m\u00e1s conocido del Sevilla. <\/p>\n<p><img decoding=\"async\" src=\"https:\/\/www.europesays.com\/es\/wp-content\/uploads\/2026\/07\/dda240c3-9580-42d6-8fd8-e98a7c8c6352_alta-libre-aspect-ratio_default_0.jpg\" width=\"1200\" height=\"675\" alt=\"Ebrima Tunkara es un centrocampista con una proyecci\u00f3n imparable en La Masia\" class=\"ft-helper-img-rd\" loading=\"lazy\" fetchpriority=\"auto\"\/><\/p>\n<p class=\"ft-helper-fontColor-quaternary ft-helper-fontSize-body-S ft-helper-spacer-t-xxs\">Ebrima Tunkara es un centrocampista con una proyecci\u00f3n imparable en La Masia  \/ Dani Barbeito<\/p>\n<p class=\"ft-text\"><strong>Ebrima empieza a asomar en el primer equipo consciente de que le queda mucho para estar preparado para dar el gran salto a la \u00e9lite.<\/strong> <\/p>\n<p class=\"ft-text\">Los que conocen y quieren a Ebrima le animan a que sea \u00e9l mismo. Est\u00e9n atentos a esta en\u00e9sima promesa de La Masia. Dar\u00e1 que hablar. <\/p>\n","protected":false},"excerpt":{"rendered":"Cuando Hansi Flick arranc\u00f3 su etapa en el Bar\u00e7a como entrenador blaugrana cont\u00f3 con una serie de canteranos&hellip;\n","protected":false},"author":2,"featured_media":655225,"comment_status":"","ping_status":"","sticky":false,"template":"","format":"standard","meta":{"footnotes":""},"categories":[93],"tags":[38465,119974,168,39910,25,24,899,40835,23,167,119973],"class_list":["post-655224","post","type-post","status-publish","format-standard","has-post-thumbnail","category-deportes","tag-adn-masia","tag-autoexigente","tag-deportes","tag-ebrima","tag-es","tag-espana","tag-nino","tag-prodigio","tag-spain","tag-sports","tag-tunkara"],"share_on_mastodon":{"url":"https:\/\/pubeurope.com\/@es\/116909979420873422","error":""},"_links":{"self":[{"href":"https:\/\/www.europesays.com\/es\/wp-json\/wp\/v2\/posts\/655224","targetHints":{"allow":["GET"]}}],"collection":[{"href":"https:\/\/www.europesays.com\/es\/wp-json\/wp\/v2\/posts"}],"about":[{"href":"https:\/\/www.europesays.com\/es\/wp-json\/wp\/v2\/types\/post"}],"author":[{"embeddable":true,"href":"https:\/\/www.europesays.com\/es\/wp-json\/wp\/v2\/users\/2"}],"replies":[{"embeddable":true,"href":"https:\/\/www.europesays.com\/es\/wp-json\/wp\/v2\/comments?post=655224"}],"version-history":[{"count":0,"href":"https:\/\/www.europesays.com\/es\/wp-json\/wp\/v2\/posts\/655224\/revisions"}],"wp:featuredmedia":[{"embeddable":true,"href":"https:\/\/www.europesays.com\/es\/wp-json\/wp\/v2\/media\/655225"}],"wp:attachment":[{"href":"https:\/\/www.europesays.com\/es\/wp-json\/wp\/v2\/media?parent=655224"}],"wp:term":[{"taxonomy":"category","embeddable":true,"href":"https:\/\/www.europesays.com\/es\/wp-json\/wp\/v2\/categories?post=655224"},{"taxonomy":"post_tag","embeddable":true,"href":"https:\/\/www.europesays.com\/es\/wp-json\/wp\/v2\/tags?post=655224"}],"curies":[{"name":"wp","href":"https:\/\/api.w.org\/{rel}","templated":true}]}}