{"id":655306,"date":"2026-07-13T02:36:20","date_gmt":"2026-07-13T02:36:20","guid":{"rendered":"https:\/\/www.europesays.com\/es\/655306\/"},"modified":"2026-07-13T02:36:20","modified_gmt":"2026-07-13T02:36:20","slug":"merino-he-pasado-de-lo-mas-bajo-a-vivir-el-sueno-de-mi-vida","status":"publish","type":"post","link":"https:\/\/www.europesays.com\/es\/655306\/","title":{"rendered":"Merino: \u00abHe pasado de lo m\u00e1s bajo a vivir el sue\u00f1o de mi vida\u00bb"},"content":{"rendered":"<p class=\"ft-text\"><strong>Mikel Merino, 30 a\u00f1os, es el jugador de moda en la selecci\u00f3n espa\u00f1ola<\/strong>. Es el hombre milagro de la Roja. Sus goles frente a Portugal y B\u00e9lgica dieron el billete para la semifinal del Mundial ante Francia. Con el paso del tiempo todav\u00eda le cuesta asimilar que ya ha pasado a la historia.<\/p>\n<p class=\"ft-text\"><strong>\u00bfC\u00f3mo se siente uno al ser el h\u00e9roe de Espa\u00f1a?<\/strong><\/p>\n<p class=\"ft-text\">No s\u00e9 si soy el h\u00e9roe de Espa\u00f1a o no, pero me siento bien, contento con la tranquilidad de haber hecho el trabajo bien, de haber tenido una gran fortuna de encontrarme con dos goles hist\u00f3ricos para m\u00ed y bueno, muy feliz.<\/p>\n<p class=\"ft-text\"><strong>Han pasado ya horas de sus lograos \u00bfcomo lo ha digerido todo esto? \u00bfC\u00f3mo lo lleva?<\/strong><\/p>\n<p class=\"ft-text\">Por un lado s\u00ed lo he digerido, porque ya tenemos otra cita delante tan muy importante que son unas semifinales, pero, por otro lado, creo que no he visto todav\u00eda la magnitud de lo que igual ha sido estas dos eliminatorias. Con un poco m\u00e1s de tiempo y perspectiva lo podr\u00e9 sentir mejor.<\/p>\n<p class=\"ft-text\"><strong>\u00bfLe est\u00e1 llegando todo lo que se dice de usted desde Espa\u00f1a?<\/strong><\/p>\n<p class=\"ft-text\">S\u00ed, al final quieras que no siempre te llega, te llega lo malo, tambi\u00e9n te llega lo bueno, entonces siempre intento alejarme un poquito de los focos y de todo eso que se habla, pero pero te llegan los halagos y es algo que bueno, uno se se siente bien.<\/p>\n<p><img decoding=\"async\" src=\"https:\/\/www.europesays.com\/es\/wp-content\/uploads\/2026\/07\/a617d3ba-6a41-48d1-bb59-166763ab0ab1_alta-libre-aspect-ratio_default_0_x390y361.jpg\" width=\"1200\" height=\"1665\" alt=\"Mikel Merino, con su cl\u00e1sica celebraci\u00f3n de los goles en el Mundial\" class=\"ft-helper-img-rd\" loading=\"lazy\" fetchpriority=\"auto\"\/><\/p>\n<p class=\"ft-helper-fontColor-quaternary ft-helper-fontSize-body-S ft-helper-spacer-t-xxs\">Mikel Merino, con su cl\u00e1sica celebraci\u00f3n de los goles en el Mundial  \/ Pablo Garcia<\/p>\n<p class=\"ft-text\"><strong>\u00bfEstos goles tienen un sabor especial despu\u00e9s del a\u00f1o que has pasado con la grave lesi\u00f3n en el pie?<\/strong><\/p>\n<p class=\"ft-text\">S\u00ed, lo estoy viviendo con la intenci\u00f3n de quedarme con toda la buena sensaci\u00f3n que tengo. He tenido sensaciones muy malas y soy alguien que intenta siempre ver lo positivo, pero quieras que no te acuerdas de los momentos m\u00e1s dif\u00edciles y ahora que son momentos dulces pues quieres aprovecharlos al m\u00e1ximo porque no sabes cu\u00e1nto pueden durar.<\/p>\n<blockquote class=\"ft-mol-quote\" data-aida-quote=\"\"><p>Hubo d\u00edas en los que solo quer\u00eda volver a andar<\/p><\/blockquote>\n<p class=\"ft-text\"><strong>\u00bfTuvo miedo realmente de con esta lesi\u00f3n?<\/strong><\/p>\n<p class=\"ft-text\">S\u00ed, hubo d\u00edas de de muchas dudas y hubo d\u00edas de decir solamente quiero volver a andar, porque estar dos meses con unas muletas no es plato de buen gusto y y cuando est\u00e1s acostumbrado a ser un atleta de \u00e9lite y no puedes ni siquiera pisar eh el suelo, pues es es es dif\u00edcil.<\/p>\n<p class=\"ft-text\"><strong>\u00bfY c\u00f3mo lo hizo parea superarlo?<\/strong><\/p>\n<p class=\"ft-text\">Lo super\u00e9 gui\u00e1ndome por lo que me caracteriza, intentar ser alguien que tiene los pies en el suelo, que no se vuelve loco, que intenta no estar en los extremos de las emociones, que intenta tener una mente muy tranquila y y arrop\u00e1ndome con los m\u00edos, mi familia, mi mujer, mis amigos.<\/p>\n<p class=\"ft-text\"><strong>\u00bfSiente que ha pasado de tocar fondo a la gloria?<\/strong><\/p>\n<p class=\"ft-text\">S\u00ed, es lo que tiene el f\u00fatbol, es lo que tiene tambi\u00e9n la vida. Puedes estar en en los extremos muy r\u00e1pidamente y ya lo he dicho antes, intento estar en el medio, pero a veces es inevitable. Hace 4 meses estaba en lo m\u00e1s bajo, pensando que me perd\u00eda el sue\u00f1o de mi vida que es jugar un Mundial y ahora estoy en lo m\u00e1s alto pues habiendo sido importante en dos eliminatorias.<\/p>\n<blockquote class=\"ft-mol-quote\" data-aida-quote=\"\"><p>El f\u00fatbol ahora es lo m\u00e1s importante de las cosas menos importantes<\/p><\/blockquote>\n<p class=\"ft-text\"><strong>\u00bfTambi\u00e9n le ha cambiado la forma de ver la vida la paternidad?<\/strong><\/p>\n<p class=\"ft-text\">Cien por cien. Desde el momento en el que mi mujer se queda embarazada, el f\u00fatbol, que siempre hab\u00eda sido mi prioridad, pas\u00f3 a un segundo plano. Ahora tengo lo m\u00e1s importante de mi vida que es mi familia, que es mi hijo, que es mi plan de vida con mi mujer y el f\u00fatbol sigue siendo lo m\u00e1s importante dentro de las cosas menos importantes.<\/p>\n<p class=\"ft-text\"><strong>Ahora con un ni\u00f1o peque\u00f1o, \u00bfle vienen recuerdos de su infancia en Las Palmas?<\/strong><\/p>\n<p class=\"ft-text\">Pues tengo pocos, la verdad. Es m\u00e1s de lo que me han contado que de lo que yo me puedo acordar, era muy muy peque\u00f1ito. Pero siempre guardo con mucho cari\u00f1o todos los lugares en los que ha estado mi padre jugando y tengo fotos de ni\u00f1o con sus camisetas. Son lugares en los que encima cada vez que he ido a jugar con el club me han acogido muy bien y han tenido buenas palabras. Las Palmas la verdad que es un sitio especial para m\u00ed.<\/p>\n<p class=\"ft-text\"><strong>En Las Palmas se acuerdan mucho  de usted, cierto.<\/strong><\/p>\n<p class=\"ft-text\">En Las Palmas, la verdad, aprend\u00ed a hablar con acento canario y s\u00ed, s\u00ed, tienen mis padres alg\u00fan v\u00eddeo y y fotos y recuerdos m\u00edos tambi\u00e9n y bueno, la verdad es que estoy muy contento de pensar en ello.<\/p>\n<p class=\"ft-text\"><strong>Y ahora nos toca a Francia, \u00bfc\u00f3mo la ve?<\/strong><\/p>\n<p class=\"ft-text\">Es una selecci\u00f3n muy fuerte, muy potente y con muchos nombres, con individualidades tremendas ante las que tenemos que demostrar nuestra mejor versi\u00f3n si queremos sacar el partido adelante.<\/p>\n<blockquote class=\"ft-mol-quote\" data-aida-quote=\"\"><p>No tener miedo a Francia es tener los pies en el suelo<\/p><\/blockquote>\n<p class=\"ft-text\"><strong>Los &#8216;ni\u00f1os&#8217;, Lamine y Nico, dicen que no tienen ning\u00fan miedo, que tienen muchas gana \u00bfNo s\u00e9 si los m\u00e1s veteranos, entre comillas, lo v\u00e9is igual?<\/strong><\/p>\n<p class=\"ft-text\">Es cierto que tenemos los pies en el suelo, pero tambi\u00e9n me parece que no tener miedo es tener los pies en el suelo. Hay que ser consciente de que nos medimos  a una selecci\u00f3n de alt\u00edsimo nivel y creo que ellos tambi\u00e9n lo saben. No estamos a estas alturas como para tener miedo y sino confianza. El respeto es absoluto, pero con confianza en nuestras posibilidades y vamos a ir a ganar.<\/p>\n<p><img decoding=\"async\" src=\"https:\/\/www.europesays.com\/es\/wp-content\/uploads\/2026\/07\/e2ad03e5-a61a-4e75-82ac-9ee0680d78ef_alta-libre-aspect-ratio_default_0_x498y186.jpg\" width=\"1200\" height=\"675\" alt=\"Mikel Merino vive con gran ilusi\u00f3n este Mundial\" class=\"ft-helper-img-rd\" loading=\"lazy\" fetchpriority=\"auto\"\/><\/p>\n<p class=\"ft-helper-fontColor-quaternary ft-helper-fontSize-body-S ft-helper-spacer-t-xxs\">Mikel Merino vive con gran ilusi\u00f3n este Mundial  \/ Pablo Garc\u00eda<\/p>\n<p class=\"ft-text\"><strong>Y ahora se enfrentan a Demb\u00e9l\u00e9, a qui\u00e9n usted tuvo de compa\u00f1ero en el Dortmund, \u00bfcierto?<\/strong><\/p>\n<p class=\"ft-text\">S\u00ed, estuvimos una temporada juntos.<\/p>\n<p class=\"ft-text\"><strong>\u00bfEs el jugador m\u00e1s dif\u00edcil de marcar que se puede encontrar por lo imprevisible que es?<\/strong><\/p>\n<p class=\"ft-text\">Pues es complicado de marcar, porque tiene todos los registros y encima est\u00e1 a un alt\u00edsimo nivel en el PSG. Tiene much\u00edsima confianza despu\u00e9s de haber ganado el Bal\u00f3n de Oro y las dos Champions. Creo que est\u00e1 en el mejor momento de su carrera y ya te digo, puede ir al espacio, es r\u00e1pido, es veloz, \u00e1gil, utiliza las dos piernas, le encanta recortar y se convierte en un rival muy muy dif\u00edcil de marcar.<\/p>\n<blockquote class=\"ft-mol-quote\" data-aida-quote=\"\"><p>Demb\u00e9l\u00e9 es un verso libre y ello le da mucha fuerza<\/p><\/blockquote>\n<p class=\"ft-text\"><strong>\u00bfY c\u00f3mo es a nivel personal? Porque en Barcelona nunca lo llegamos a pillar&#8230;<\/strong><\/p>\n<p class=\"ft-text\">Yo tuve una buena relaci\u00f3n el a\u00f1o que coincidimos. Es un chico entra\u00f1able. Hace mucho que no que no comparto vestuario con \u00e9l, pero  creo que la esencia la mantiene. Es alguien muy familiar, que es muy de los suyos, tiene sus sus amigos de toda la vida siempre al lado y tiene su car\u00e1cter un poquito, pues c\u00f3mo decirlo, que es un verso libre. Pero tambi\u00e9n es as\u00ed en el campo y eso le da mucha fuerza.<\/p>\n<p><img decoding=\"async\" src=\"https:\/\/www.europesays.com\/es\/wp-content\/uploads\/2026\/07\/47ae7bee-4445-4ba9-81f8-34286d4a324f_alta-libre-aspect-ratio_default_0_x494y185.jpg\" width=\"1200\" height=\"675\" alt=\"Mikel Merino es un \u00eddolo de la afici\u00f3n espa\u00f1ola\" class=\"ft-helper-img-rd\" loading=\"lazy\" fetchpriority=\"auto\"\/><\/p>\n<p class=\"ft-helper-fontColor-quaternary ft-helper-fontSize-body-S ft-helper-spacer-t-xxs\">Mikel Merino es un \u00eddolo de la afici\u00f3n espa\u00f1ola  \/ Pablo Garc\u00eda<\/p>\n<p class=\"ft-text\"><strong>Y de Mbapp\u00e9, con 8 goles, 20 en los Mundiales, \u00bfqu\u00e9 me dice de &#8216;9&#8217; a &#8216;9&#8217;?<\/strong><\/p>\n<p class=\"ft-text\">\u00bfQu\u00e9 vas a decir? Es es uno de los mejores jugadores del mundo, lo demuestra en cada partido, tiene un talento espectacular. F\u00edsicamente creo que es superior a todos, as\u00ed que es uno m\u00e1s de los grand\u00edsimos jugadores con que cuenta Francia y que tendremos que tener atado en corto.<\/p>\n<p class=\"ft-text\"><strong>Usted se has adaptado bien a la posici\u00f3n de &#8216;9&#8217; \u00bfse ve incluso como titular en esta posici\u00f3n?<\/strong><\/p>\n<p class=\"ft-text\">Siempre me veo y quiero ser titular. Siempre quiero jugar cuanto m\u00e1s mejor. Es una posici\u00f3n en la que me siento c\u00f3modo, he aprendido mucho en los \u00faltimos a\u00f1os jugando all\u00ed y la verdad que es algo que estar\u00e9 encantado de jugar all\u00ed se me toca. Y encima disfruto jugando.<\/p>\n<p class=\"ft-text\"><strong>\u00bfY cu\u00e1les han sido sus referentes, con qui\u00e9n se ha fijado para aprender a ser un &#8216;9&#8217;?<\/strong><\/p>\n<p class=\"ft-text\">Pues si lsoy sincero, en todos los delanteros, en Haaland, en Harry Kane, que tambi\u00e9n es un un delantero que que puede tener un perfil parecido al m\u00edo cuando somos delanteros que le gusta bajar a jugar, le gusta estar en zonas de creaci\u00f3n y luego en el \u00e1rea tambi\u00e9n es alguien rematador, que igual no te va a amenazar mucho al espacio, pero que que siempre ronda el \u00e1rea y las zonas importantes de juego. Intento coger siempre peque\u00f1os detalles de todos.<\/p>\n<p class=\"ft-text\"><strong>El duelo ante Francia se podr\u00eda resumir como el m\u00fasculo contra vuestro talento \u00bfen el centro del campo es donde se puede jugar el partido?<\/strong><\/p>\n<p class=\"ft-text\">A ver, s\u00ed, todos los partidos suelen ser de centro del campo. Intentaremos tener siempre eh el control del juego, porque en esas transiciones en las que ellos son tan potentes y tan r\u00e1pidos pueden hacer mucho da\u00f1o y degbemos controlar bien controlar bien eso. Intentar calmar su su \u00edmpetu y su fuerza con con un poquito de bal\u00f3n y meterles en un bloque abajo, que es donde ellos menos quieren estar.<\/p>\n<blockquote class=\"ft-mol-quote\" data-aida-quote=\"\"><p>Si juego cinco minutos, deben valer la pena y lo estoy consiguiendo<\/p><\/blockquote>\n<p class=\"ft-text\"><strong>\u00bfY a usted est\u00e1 c\u00f3modo con el papel de revulsivo?<\/strong><\/p>\n<p class=\"ft-text\">Por supuesto que quieres ser titular, nadie se conforma con con jugar cino minutos, pero el truco est\u00e1 en intentar sacar todo lo positivo de lo que te den. Si me dan cinco y no me dan 90, pues hacer que esos cinco valgan la pena y creo que estoy consigui\u00e9ndolo.<\/p>\n<p class=\"ft-text\"><strong>Y por el otro lado del cuadro vienen bichos como como Messi o como Bellingham, \u00bfel Mundial de Messi no s\u00e9 si le est\u00e1 dejando especialmente flipado?<\/strong><\/p>\n<p class=\"ft-text\">De Messi no me deja flipado nada, si te soy sincero, porque despu\u00e9s de todo lo que ha hechoque siga dando este nivel, es impresionante. pero sabes que es Messi y lo puede hacer, as\u00ed que eh nada,nosotros estamos centrados tambi\u00e9n en en lo nuestro. Los bichos que vengan por el otro lado ser\u00e1n eh tema de m\u00e1s adelante si ganamos a Francia. Lo que nos importa m\u00e1s es el el partido de semifinales.<\/p>\n","protected":false},"excerpt":{"rendered":"Mikel Merino, 30 a\u00f1os, es el jugador de moda en la selecci\u00f3n espa\u00f1ola. Es el hombre milagro de&hellip;\n","protected":false},"author":2,"featured_media":655307,"comment_status":"","ping_status":"","sticky":false,"template":"","format":"standard","meta":{"footnotes":""},"categories":[93],"tags":[168,25,24,19109,35780,23588,32463,5101,23,167,3466,1284],"class_list":["post-655306","post","type-post","status-publish","format-standard","has-post-thumbnail","category-deportes","tag-deportes","tag-es","tag-espana","tag-he","tag-merino","tag-mikel-merino","tag-mundial-2026","tag-pasado","tag-spain","tag-sports","tag-sueno","tag-vivir"],"share_on_mastodon":{"url":"https:\/\/pubeurope.com\/@es\/116910345641649916","error":""},"_links":{"self":[{"href":"https:\/\/www.europesays.com\/es\/wp-json\/wp\/v2\/posts\/655306","targetHints":{"allow":["GET"]}}],"collection":[{"href":"https:\/\/www.europesays.com\/es\/wp-json\/wp\/v2\/posts"}],"about":[{"href":"https:\/\/www.europesays.com\/es\/wp-json\/wp\/v2\/types\/post"}],"author":[{"embeddable":true,"href":"https:\/\/www.europesays.com\/es\/wp-json\/wp\/v2\/users\/2"}],"replies":[{"embeddable":true,"href":"https:\/\/www.europesays.com\/es\/wp-json\/wp\/v2\/comments?post=655306"}],"version-history":[{"count":0,"href":"https:\/\/www.europesays.com\/es\/wp-json\/wp\/v2\/posts\/655306\/revisions"}],"wp:featuredmedia":[{"embeddable":true,"href":"https:\/\/www.europesays.com\/es\/wp-json\/wp\/v2\/media\/655307"}],"wp:attachment":[{"href":"https:\/\/www.europesays.com\/es\/wp-json\/wp\/v2\/media?parent=655306"}],"wp:term":[{"taxonomy":"category","embeddable":true,"href":"https:\/\/www.europesays.com\/es\/wp-json\/wp\/v2\/categories?post=655306"},{"taxonomy":"post_tag","embeddable":true,"href":"https:\/\/www.europesays.com\/es\/wp-json\/wp\/v2\/tags?post=655306"}],"curies":[{"name":"wp","href":"https:\/\/api.w.org\/{rel}","templated":true}]}}