{"id":655322,"date":"2026-07-13T02:56:26","date_gmt":"2026-07-13T02:56:26","guid":{"rendered":"https:\/\/www.europesays.com\/es\/655322\/"},"modified":"2026-07-13T02:56:26","modified_gmt":"2026-07-13T02:56:26","slug":"final-explicado-de-no-tengo-miedo-serie-de-crimen-en-tendencia-en-netflix-el-financiero","status":"publish","type":"post","link":"https:\/\/www.europesays.com\/es\/655322\/","title":{"rendered":"Final explicado de \u2018No tengo miedo\u2019, serie de crimen en tendencia en Netflix \u2013 El Financiero"},"content":{"rendered":"<p class=\"c-paragraph\"><b>No tengo miedo<\/b> es una de las nuevas <a href=\"https:\/\/www.elfinanciero.com.mx\/entretenimiento\/2026\/03\/10\/live-action-de-one-piece-2-capitulos-nuevos-personajes-cameos-y-trama-de-la-serie-de-netflix\/\" target=\"_blank\" rel=\"nofollow noopener\" title=\"https:\/\/www.elfinanciero.com.mx\/entretenimiento\/2026\/03\/10\/live-action-de-one-piece-2-capitulos-nuevos-personajes-cameos-y-trama-de-la-serie-de-netflix\/\">series de Netflix<\/a> que ha llamado la atenci\u00f3n por su historia de suspenso, la cual sigue a <b>Miguel<\/b>, un ni\u00f1o de 10 a\u00f1os cuya vida en el campo cambia por completo tras un inesperado descubrimiento.<\/p>\n<p class=\"c-paragraph\">Mientras juega cerca de su casa, Miguel conoce a Felipe, otro menor de edad que permanece atrapado en un hoyo en la tierra. En un principio cree que se trata de un fantasma o de un fen\u00f3meno paranormal, pero pronto descubre la aterradora verdad: <b>el ni\u00f1o fue secuestrado<\/b>. Historia que se desarrolla en M\u00e9xico a la par de que ocurre el <a href=\"https:\/\/www.elfinanciero.com.mx\/entretenimiento\/2026\/06\/07\/que-si-es-real-en-la-pelicula-mexico-86-con-diego-luna-que-esta-en-netflix\/\" target=\"_blank\" rel=\"nofollow noopener\" title=\"https:\/\/www.elfinanciero.com.mx\/entretenimiento\/2026\/06\/07\/que-si-es-real-en-la-pelicula-mexico-86-con-diego-luna-que-esta-en-netflix\/\">Mundial del 86<\/a>.<\/p>\n<p class=\"c-paragraph\">La producci\u00f3n retrata c\u00f3mo un grupo de personas comunes termina involucrado en un crimen debido a la desesperaci\u00f3n provocada por una crisis econ\u00f3mica, una propuesta que la llev\u00f3 a colocarse entre las <a href=\"https:\/\/www.elfinanciero.com.mx\/entretenimiento\/2025\/09\/18\/la-historia-real-detras-de-nadie-nos-vio-partir-nueva-serie-mexicana-de-netflix\/\" target=\"_blank\" rel=\"nofollow noopener\" title=\"https:\/\/www.elfinanciero.com.mx\/entretenimiento\/2025\/09\/18\/la-historia-real-detras-de-nadie-nos-vio-partir-nueva-serie-mexicana-de-netflix\/\">series en tendencia de Netflix<\/a> durante su semana de estreno.<\/p>\n<p><img loading=\"lazy\" alt=\"'No tengo miedo' es una serie de crimen cuya trama ocurre en M&#xE9;xico. (Foto: Netflix)\" class=\"c-image\" decoding=\"async\" src=\"https:\/\/www.europesays.com\/es\/wp-content\/uploads\/2026\/07\/ZL4ASAJ6VBA4FKJMOKCPH7BSUU.jpeg\" width=\"400\" height=\"276\"\/>&#8216;No tengo miedo&#8217; es una serie de crimen cuya trama ocurre en M\u00e9xico. (Foto: Netflix) \u00bfDe qu\u00e9 trata la serie \u2018No tengo miedo\u2019?<\/p>\n<p class=\"c-paragraph\">La historia se desarrolla en el campo mexicano, espec\u00edficamente en Veracruz, donde los habitantes de un pueblo enfrentan una fuerte crisis despu\u00e9s de que una plaga destruye los cultivos.<\/p>\n<p class=\"c-paragraph\">Sin apoyo de las autoridades y tras considerar que no tienen alternativas para salir adelante, varios pobladores deciden <b>secuestrar a Felipe<\/b> con el objetivo de exigir un rescate.<\/p>\n<p class=\"c-paragraph\">En un inicio, el menor permanece bajo la vigilancia de F\u00e9lix, un trabajador de la plantaci\u00f3n. Sin embargo, para evitar que sea descubierto, lo mantiene encerrado en un agujero bajo tierra.<\/p>\n<p class=\"c-paragraph\">Poco despu\u00e9s, Miguel encuentra al ni\u00f1o y ambos desarrollan una amistad que lo llevar\u00e1 a cuestionarse qui\u00e9nes son realmente los responsables del secuestro.<\/p>\n<p class=\"c-paragraph\">Paralelamente, la serie transcurre durante el <a href=\"https:\/\/www.elfinanciero.com.mx\/entretenimiento\/2026\/04\/24\/mexico-86-la-historia-detras-del-mundial-que-se-decidio-fuera-de-la-cancha-fecha-de-estreno-y-elenco\/\" target=\"_blank\" rel=\"nofollow noopener\" title=\"https:\/\/www.elfinanciero.com.mx\/entretenimiento\/2026\/04\/24\/mexico-86-la-historia-detras-del-mundial-que-se-decidio-fuera-de-la-cancha-fecha-de-estreno-y-elenco\/\">Mundial de M\u00e9xico 1986<\/a>. A lo largo de la trama se hacen referencias al torneo y, en una de las escenas, varios personajes aparecen reunidos frente al televisor mientras observan un partido.<\/p>\n<p><img loading=\"lazy\" alt=\"Fernando Bonilla tiene una aparici&#xF3;n especial en la miniserie 'No tengo miedo'. (Foto: Netflix)\" class=\"c-image\" decoding=\"async\" src=\"https:\/\/www.europesays.com\/es\/wp-content\/uploads\/2026\/07\/AN5SN4SZVRH6LMWIHSCRIOSWAA.jpeg\" width=\"400\" height=\"276\"\/>Fernando Bonilla tiene una aparici\u00f3n especial en la miniserie &#8216;No tengo miedo&#8217;. (Foto: Netflix) Final explicado de \u2018No tengo miedo\u2019<\/p>\n<p class=\"c-paragraph\">El desenlace comienza cuando Miguel descubre que su propia familia particip\u00f3 en el <b>secuestro de Felipe<\/b>, una revelaci\u00f3n que cambia por completo la imagen que ten\u00eda de las personas que lo rodean.<\/p>\n<p class=\"c-paragraph\">Con ayuda de sus amigos, el ni\u00f1o idea un plan para distraer a los adultos e intentar rescatarlo. Aunque logran liberarlo, son descubiertos y comienza una persecuci\u00f3n.<\/p>\n<p class=\"c-paragraph\">Durante el enfrentamiento, Rodrigo, el patr\u00f3n de Pino (padre de Miguel), apunta con un arma a los menores. Aunque algunos intentan impedir una tragedia al asegurar que matar al ni\u00f1o no resolver\u00e1 nada, pero uno de los disparos impacta a Miguel.<\/p>\n<p class=\"c-paragraph\">Herido de gravedad, el peque\u00f1o cae al suelo mientras Pino corre a abrazarlo. A lo lejos, Felipe logra mantenerse a salvo.<\/p>\n<p class=\"c-paragraph\">Minutos despu\u00e9s, un helic\u00f3ptero que participaba en la b\u00fasqueda del ni\u00f1o secuestrado localiza a ambos menores y acude en su auxilio. Aunque la escena concluye sin mostrar su recuperaci\u00f3n, la narraci\u00f3n de Miguel deja entrever que los dos sobrevivieron.<\/p>\n<p class=\"c-paragraph\">En la secuencia final aparece F\u00e9lix siendo interrogado por las autoridades. Durante su declaraci\u00f3n revela \u00fanicamente los nombres de los hombres involucrados en el secuestro, por lo que las mujeres quedan fuera de la investigaci\u00f3n y contin\u00faan al cuidado de sus familias, mientras los responsables son enviados a prisi\u00f3n.<\/p>\n<p class=\"c-paragraph\">M\u00e1s all\u00e1 del desenlace del secuestro, No tengo miedo plantea una reflexi\u00f3n sobre c\u00f3mo la pobreza, la desesperaci\u00f3n y las circunstancias extremas pueden llevar a personas comunes a tomar decisiones devastadoras.<\/p>\n<p><img loading=\"lazy\" alt=\"Los amigos de Miguel lo ayudan a rescatar a Felipe. (Foto: Netflix)\" class=\"c-image\" decoding=\"async\" src=\"https:\/\/www.europesays.com\/es\/wp-content\/uploads\/2026\/07\/VCIZGQYNOFFMLJOHC724ONXOIU.jpeg\" width=\"400\" height=\"276\"\/>Los amigos de Miguel lo ayudan a rescatar a Felipe. (Foto: Netflix) Elenco de \u2018No tengo miedo\u2019: \u00bfQui\u00e9n es qui\u00e9n en la nueva serie de Netflix?<\/p>\n<p class=\"c-paragraph\">El reparto de la nueva <a href=\"https:\/\/www.elfinanciero.com.mx\/entretenimiento\/2025\/02\/15\/los-crimenes-de-are-cual-es-la-historia-real-que-inspiro-la-serie-de-netflix\/\" target=\"_blank\" rel=\"nofollow noopener\" title=\"https:\/\/www.elfinanciero.com.mx\/entretenimiento\/2025\/02\/15\/los-crimenes-de-are-cual-es-la-historia-real-que-inspiro-la-serie-de-netflix\/\">serie de crimen en Netflix<\/a> es el siguiente: <\/p>\n<ul>\n<li>Luis Alberti es Pino: El actor de <b>Rosario Tijeras<\/b> interpreta al pap\u00e1 de Miguel.<\/li>\n<li>F\u00e1tima Molina es Teresa: Mam\u00e1 de Miguel y esposa de Pino. <\/li>\n<li>Aldo Emiliano Navarro es Miguel, este es uno de sus primeros papeles.<\/li>\n<li>Yago Andreu es Felipe, el joven actor ya tuvo una aparici\u00f3n en <a href=\"https:\/\/www.elfinanciero.com.mx\/entretenimiento\/2024\/08\/22\/accidente-estreno-capitulos-trama-reparto-lugar-de-grabacion-y-mas-de-la-nueva-serie-de-netflix\/\" target=\"_blank\" rel=\"nofollow noopener\" title=\"https:\/\/www.elfinanciero.com.mx\/entretenimiento\/2024\/08\/22\/accidente-estreno-capitulos-trama-reparto-lugar-de-grabacion-y-mas-de-la-nueva-serie-de-netflix\/\">la serie Accidente<\/a><\/li>\n<li>Humberto Busto, quien aparece en la <a href=\"https:\/\/www.elfinanciero.com.mx\/entretenimiento\/2023\/01\/07\/peliculas-series-y-documentales-sobre-joaquin-el-chapo-guzman\/\" target=\"_blank\" rel=\"nofollow noopener\" title=\"https:\/\/www.elfinanciero.com.mx\/entretenimiento\/2023\/01\/07\/peliculas-series-y-documentales-sobre-joaquin-el-chapo-guzman\/\">serie El Chapo<\/a>, es Rodrigo, patr\u00f3n de Pino y uno de los que est\u00e1 detr\u00e1s del secuestro de Felipe. <\/li>\n<\/ul>\n<p class=\"c-paragraph\">Adem\u00e1s, aparece <b>Fernando Bonilla<\/b>, de la <a href=\"https:\/\/www.elfinanciero.com.mx\/entretenimiento\/2026\/03\/24\/quien-es-quien-en-la-serie-la-oficina-y-las-diferencias-con-the-office\/\" target=\"_blank\" rel=\"nofollow noopener\" title=\"https:\/\/www.elfinanciero.com.mx\/entretenimiento\/2026\/03\/24\/quien-es-quien-en-la-serie-la-oficina-y-las-diferencias-con-the-office\/\">serie La Oficina<\/a>, como uno m\u00e1s del grupo que est\u00e1 padeciendo la crisis desencadenada por la plaga. <\/p>\n<p>Cap\u00edtulos de \u2018No tengo miedo\u2019: \u00bfD\u00f3nde ver la nueva serie?<\/p>\n<p class=\"c-paragraph\">No tengo miego est\u00e1 disponible en la plataforma de Netflix, la cual requiere de una sucripci\u00f3n con costo para acceder al contenido. <\/p>\n<p class=\"c-paragraph\">La serie consta de 6 cap\u00edtulos con una duraci\u00f3n promedio de alrededor de 45 minutos, por tanto, es la elecci\u00f3n perfecta para un marat\u00f3n de fin de semana. <\/p>\n","protected":false},"excerpt":{"rendered":"No tengo miedo es una de las nuevas series de Netflix que ha llamado la atenci\u00f3n por su&hellip;\n","protected":false},"author":2,"featured_media":655323,"comment_status":"","ping_status":"","sticky":false,"template":"","format":"standard","meta":{"footnotes":""},"categories":[171],"tags":[119995,119994,119991,119987,146,147,25,24,119988,119989,119477,119992,119484,119983,119984,119986,119985,21357,119993,119990,119982,23,214],"class_list":["post-655322","post","type-post","status-publish","format-standard","has-post-thumbnail","category-tv","tag-donde-puedo-ver-la-pelicula-no-tengo-miedo","tag-que-pasa-en-la-serie-no-tengo-miedo","tag-de-que-es-la-serie-no-tengo-miedo","tag-de-que-trata-la-serie-no-tengo-miedo","tag-entertainment","tag-entretenimiento","tag-es","tag-espana","tag-final-explicado-de-la-serie-no-tengo-miedo","tag-final-explicado-de-la-serie-no-tengo-miedo-de-netflix","tag-no-tengo-miedo","tag-no-tengo-miedo-final-explicado","tag-no-tengo-miedo-netflix","tag-no-tengo-miedo-serie-de-netflix","tag-nueva-serie-de-netflix","tag-que-serie-nueva-esta-en-netflix","tag-que-ver-en-netflix","tag-rdc","tag-reparto-de-la-serie-no-tengo-miedo","tag-serie-en-tendencia-de-netflix","tag-serie-no-tengo-miedo","tag-spain","tag-tv"],"share_on_mastodon":{"url":"","error":"Validation failed: Text character limit of 500 exceeded"},"_links":{"self":[{"href":"https:\/\/www.europesays.com\/es\/wp-json\/wp\/v2\/posts\/655322","targetHints":{"allow":["GET"]}}],"collection":[{"href":"https:\/\/www.europesays.com\/es\/wp-json\/wp\/v2\/posts"}],"about":[{"href":"https:\/\/www.europesays.com\/es\/wp-json\/wp\/v2\/types\/post"}],"author":[{"embeddable":true,"href":"https:\/\/www.europesays.com\/es\/wp-json\/wp\/v2\/users\/2"}],"replies":[{"embeddable":true,"href":"https:\/\/www.europesays.com\/es\/wp-json\/wp\/v2\/comments?post=655322"}],"version-history":[{"count":0,"href":"https:\/\/www.europesays.com\/es\/wp-json\/wp\/v2\/posts\/655322\/revisions"}],"wp:featuredmedia":[{"embeddable":true,"href":"https:\/\/www.europesays.com\/es\/wp-json\/wp\/v2\/media\/655323"}],"wp:attachment":[{"href":"https:\/\/www.europesays.com\/es\/wp-json\/wp\/v2\/media?parent=655322"}],"wp:term":[{"taxonomy":"category","embeddable":true,"href":"https:\/\/www.europesays.com\/es\/wp-json\/wp\/v2\/categories?post=655322"},{"taxonomy":"post_tag","embeddable":true,"href":"https:\/\/www.europesays.com\/es\/wp-json\/wp\/v2\/tags?post=655322"}],"curies":[{"name":"wp","href":"https:\/\/api.w.org\/{rel}","templated":true}]}}