{"id":655564,"date":"2026-07-13T07:10:16","date_gmt":"2026-07-13T07:10:16","guid":{"rendered":"https:\/\/www.europesays.com\/es\/655564\/"},"modified":"2026-07-13T07:10:16","modified_gmt":"2026-07-13T07:10:16","slug":"roban-la-figura-de-curro-la-iconica-mascota-de-la-expo-92-instalada-en-la-cartuja","status":"publish","type":"post","link":"https:\/\/www.europesays.com\/es\/655564\/","title":{"rendered":"Roban la figura de Curro, la ic\u00f3nica mascota de la Expo 92, instalada en La Cartuja"},"content":{"rendered":"<p class=\"c-paragraph\">El <b>Ayuntamiento de Sevilla<\/b> ha denunciado el robo de la figura de <b>Curro<\/b>, la ic\u00f3nica mascota de la Exposici\u00f3n Universal de 1992, instalada en la Isla de la Cartuja dentro de la reurbanizaci\u00f3n integral del entorno de la Puerta de la Barqueta, uno de los hist\u00f3ricos accesos al recinto de la Expo 92.<\/p>\n<p class=\"c-paragraph\">El robo de dicha estatua, <b>instalada hace poco m\u00e1s de un mes<\/b>, ser\u00e1 denunciado e investigado, seg\u00fan ha se\u00f1alado el Consistorio a trav\u00e9s de redes sociales.<\/p>\n<p class=\"c-paragraph\">El alcalde de Sevilla,<b> Jos\u00e9 Luis Sanz<\/b>, ha tachado de \u00abintolerable\u00bb este nuevo acto vand\u00e1lico que se produce tras el destrozo de uno de los pin\u00e1culos de los restaurados bancos del Paseo de las Delicias.<\/p>\n<p class=\"c-paragraph\">\u00abCondeno p\u00fablicamente estos <b>hechos injustificables <\/b>y que no tienen cabida alguna en una ciudad que es modelo de convivencia\u00bb, ha precisado.<\/p>\n<p class=\"c-paragraph\">A petici\u00f3n de la Delegaci\u00f3n de Turismo y de la Asociaci\u00f3n Legado Expo, la escultura de este personaje, convertido en un s\u00edmbolo para una generaci\u00f3n entera de andaluces, <b>fue instalada en uno de los nuevos bancos <\/b>de este entorno para rendir homenaje a una de las mascotas m\u00e1s queridas de la historia reciente.<\/p>\n<p class=\"c-paragraph\">La intervenci\u00f3n en la Puerta de la Barqueta rescat\u00f3 tambi\u00e9n las <b>dos fuentes ornamentales construidas para la Expo 92,<\/b> que llevaban a\u00f1os en desuso, tras completarse toda la obra civil necesaria para que vuelvan a funcionar.<\/p>\n<p class=\"c-paragraph\">El Puente de la Barqueta, uno de los grandes s\u00edmbolos del legado de la Expo 92 en Sevilla, fue <b>construido entre 1989 y 1992<\/b> para permitir el acceso al recinto de la Exposici\u00f3n Universal.<\/p>\n","protected":false},"excerpt":{"rendered":"El Ayuntamiento de Sevilla ha denunciado el robo de la figura de Curro, la ic\u00f3nica mascota de la&hellip;\n","protected":false},"author":2,"featured_media":655565,"comment_status":"","ping_status":"","sticky":false,"template":"","format":"standard","meta":{"footnotes":""},"categories":[173],"tags":[229,233,231,230,778,232,234,146,147,25,24,20670,9817,43033,7422,23],"class_list":["post-655564","post","type-post","status-publish","format-standard","has-post-thumbnail","category-arte-y-diseno","tag-arte","tag-arte-y-diseno","tag-arts","tag-arts-and-design","tag-curro","tag-design","tag-diseno","tag-entertainment","tag-entretenimiento","tag-es","tag-espana","tag-figura","tag-iconica","tag-mascota","tag-roban","tag-spain"],"share_on_mastodon":{"url":"https:\/\/pubeurope.com\/@es\/116911421920877956","error":""},"_links":{"self":[{"href":"https:\/\/www.europesays.com\/es\/wp-json\/wp\/v2\/posts\/655564","targetHints":{"allow":["GET"]}}],"collection":[{"href":"https:\/\/www.europesays.com\/es\/wp-json\/wp\/v2\/posts"}],"about":[{"href":"https:\/\/www.europesays.com\/es\/wp-json\/wp\/v2\/types\/post"}],"author":[{"embeddable":true,"href":"https:\/\/www.europesays.com\/es\/wp-json\/wp\/v2\/users\/2"}],"replies":[{"embeddable":true,"href":"https:\/\/www.europesays.com\/es\/wp-json\/wp\/v2\/comments?post=655564"}],"version-history":[{"count":0,"href":"https:\/\/www.europesays.com\/es\/wp-json\/wp\/v2\/posts\/655564\/revisions"}],"wp:featuredmedia":[{"embeddable":true,"href":"https:\/\/www.europesays.com\/es\/wp-json\/wp\/v2\/media\/655565"}],"wp:attachment":[{"href":"https:\/\/www.europesays.com\/es\/wp-json\/wp\/v2\/media?parent=655564"}],"wp:term":[{"taxonomy":"category","embeddable":true,"href":"https:\/\/www.europesays.com\/es\/wp-json\/wp\/v2\/categories?post=655564"},{"taxonomy":"post_tag","embeddable":true,"href":"https:\/\/www.europesays.com\/es\/wp-json\/wp\/v2\/tags?post=655564"}],"curies":[{"name":"wp","href":"https:\/\/api.w.org\/{rel}","templated":true}]}}