{"id":655568,"date":"2026-07-13T07:14:13","date_gmt":"2026-07-13T07:14:13","guid":{"rendered":"https:\/\/www.europesays.com\/es\/655568\/"},"modified":"2026-07-13T07:14:13","modified_gmt":"2026-07-13T07:14:13","slug":"muere-sam-neill-actor-de-jurassic-park-a-los-78-anos","status":"publish","type":"post","link":"https:\/\/www.europesays.com\/es\/655568\/","title":{"rendered":"Muere Sam Neill, actor de &#8216;Jurassic Park&#8217;, a los 78 a\u00f1os"},"content":{"rendered":"<p class=\"article-text\">\n        El actor neozeland\u00e9s Sam Neill, conocido entre otros muchos por su papel en Jurassic Park, ha muerto este lunes en S\u00eddney, Australia, seg\u00fan ha informado su familia en un comunicado. El int\u00e9rprete ten\u00eda 78 a\u00f1os y durante a\u00f1os estuvo con tratamiento por un <a href=\"https:\/\/www.eldiario.es\/vertele\/noticias\/sam-neill-cancer-sangre-libro-memorias_1_10046850.html\" data-mrf-recirculation=\"links-noticia\" class=\"link\" rel=\"nofollow noopener\" target=\"_blank\">c\u00e1ncer<\/a> del que inform\u00f3 en abril que estaba libre.\n    <\/p>\n<p>    <a href=\"https:\/\/www.eldiario.es\/cultura\/cine\/no-hayas-leido-harlan-coben-seguro-has-visto-serie-basada-novelas_1_13370788.html\" data-mrf-recirculation=\"saber-mas\" data-dl-event=\"saber-mas\" rel=\"nofollow noopener\" target=\"_blank\"><\/p>\n<p class=\"know-more__title\">Puede que no hayas le\u00eddo nada de Harlan Coben, pero seguro que has visto alguna serie basada en sus novelas<\/p>\n<p>            <img decoding=\"async\" class=\"lazy\" loading=\"lazy\" data-src=\"https:\/\/static.eldiario.es\/clip\/b3e71843-862d-4fa0-b997-8fb987c63990_16-9-aspect-ratio_default_0_x1074y373.jpg\" src=\"data:image\/svg+xml,%3Csvg xmlns=\" http:=\"\" viewbox=\"0 0 880 495\" alt=\"Puede que no hayas le\u00eddo nada de Harlan Coben, pero seguro que has visto alguna serie basada en sus novelas\"\/><\/p>\n<p>                        <\/a><\/p>\n<p class=\"article-text\">\n        \u201cLa p\u00e9rdida fue repentina e inesperada, pero con el consuelo de que Sam se mantuvo libre de c\u00e1ncer\u201d, asegura el escrito de la familia, que pide respeto y privacidad ante esa \u201cp\u00e9rdida inconmensurable\u201d.\n    <\/p>\n<p class=\"article-text\">\n        El actor tuvo una larga trayectoria tanto en cine como en televisi\u00f3n. Adem\u00e1s de la saga Jurassic Park, particip\u00f3 en producciones como Peaky Blinders, El Piano, por la que fue reconocida con la Palma de Oro en el Festival de Cannes, o Merl\u00edn, que le sirvi\u00f3 de nominaciones a los Emmy y los Globos de Oro.\n    <\/p>\n<blockquote class=\"instagram-media\" data-instgrm-version=\"14\" data-instgrm-permalink=\"https:\/\/www.instagram.com\/p\/DauK0SrT6uJ\/\" data-instgrm-captioned=\"\"\/>\n<p class=\"article-text\">\n        Nigel John Dermot &#8216;Sam&#8217; Neil naci\u00f3 en Omagh, dentro del condado de Tyrone, en Irlanda del Norte, donde su padre neozeland\u00e9s estaba destinado en ese momento, sirviendo en la Guardia Irlandesa. Su familia fue propietaria de la mayor distribuidora de licores de Nueva Zelanda, pa\u00eds al que el posterior actor regres\u00f3 en 1964. All\u00ed estudi\u00f3 literatura inglesa en la Universidad de Canterbury, donde tuvo su primer contacto con la interpretaci\u00f3n. Posteriormente se traslad\u00f3 a Wellington, donde finaliz\u00f3 sus estudios y se gradu\u00f3 como en Artes y Literatura Inglesa.\n    <\/p>\n<p class=\"article-text\">\n        Su nombre art\u00edstico, Sam, surgi\u00f3 desde el colegio ya que, dado que en su clase hab\u00eda otro ni\u00f1o que se llamaba Nigel, decidieron que para evitar errores \u00e9l fuera conocido como Sam. Tras trabajar en la compa\u00f1\u00eda de cine de Nueva Zelanda ya como actor y director, fue seleccionado para protagonizar Sleeping Dogs. Despu\u00e9s trabaj\u00f3 con Judy Davis en My Brilliant Career y Omen III: The Final Conflict en 1981, secuela de La profec\u00eda.\n    <\/p>\n<p class=\"article-text\">\n        Neil contaba con triple nacionalidad, brit\u00e1nica e irlandesa. En Reino Unido comenz\u00f3 a destacar en d\u00e9cada de los ochenta, especialmente gracias a su papel principal en la miniserie Reilly, Ace of Spies. Durante su carrera le llegar\u00edan otros grandes t\u00edtulos como (1989),  (1990),  (1993),  (1994),  (1999) y  (2000).\n    <\/p>\n<p>    <a href=\"https:\/\/www.eldiario.es\/cultura\/musica\/muere-bonnie-tyler-voz-rasgada-eclipso-mundo_1_13206416.html\" data-mrf-recirculation=\"saber-mas-abajo\" data-dl-event=\"saber-mas-abajo\" rel=\"nofollow noopener\" target=\"_blank\"><\/p>\n<p class=\"know-more__title\">Muere Bonnie Tyler, la voz rasgada que eclips\u00f3 al mundo\n<\/p>\n<p>            <img decoding=\"async\" class=\"lazy\" loading=\"lazy\" data-src=\"https:\/\/static.eldiario.es\/clip\/5b93d287-c222-434e-a306-41e0ee0a435d_16-9-aspect-ratio_default_0_x683y593.jpg\" src=\"data:image\/svg+xml,%3Csvg xmlns=\" http:=\"\" viewbox=\"0 0 880 495\" alt=\"Muere Bonnie Tyler, la voz rasgada que eclips\u00f3 al mundo\"\/><\/p>\n<p>                        <\/a><\/p>\n<p class=\"article-text\">\n        Eso s\u00ed, uno de sus personajes m\u00e1s reconocidos fue el del doctor Alan Grant de Jurassic Park, en 1993, a las \u00f3rdenes de Steven Spielberg. Por su implicaci\u00f3n en la saga terminar\u00eda rechazando participar en otra de las m\u00e1s populares de la historia del cine, El Se\u00f1or de los Anillos. Peter Jackson le ofreci\u00f3 encarnar a Elrond, pero el int\u00e9rprete rechaz\u00f3 la oferta porque ya hab\u00eda firmado estar en Jurassic Park III (2001).\n    <\/p>\n<p>                                        <script async src=\"\/\/www.instagram.com\/embed.js\"><\/script><\/p>\n","protected":false},"excerpt":{"rendered":"El actor neozeland\u00e9s Sam Neill, conocido entre otros muchos por su papel en Jurassic Park, ha muerto este&hellip;\n","protected":false},"author":2,"featured_media":655569,"comment_status":"","ping_status":"","sticky":false,"template":"","format":"standard","meta":{"footnotes":""},"categories":[169],"tags":[45588,1339,988,177,146,147,25,24,176,68056,175,8938,83308,12569,27294,23],"class_list":["post-655568","post","type-post","status-publish","format-standard","has-post-thumbnail","category-cine","tag-45588","tag-actor","tag-anos","tag-cine","tag-entertainment","tag-entretenimiento","tag-es","tag-espana","tag-film","tag-jurassic","tag-movies","tag-muere","tag-neill","tag-park","tag-sam","tag-spain"],"share_on_mastodon":{"url":"https:\/\/pubeurope.com\/@es\/116911437689050084","error":""},"_links":{"self":[{"href":"https:\/\/www.europesays.com\/es\/wp-json\/wp\/v2\/posts\/655568","targetHints":{"allow":["GET"]}}],"collection":[{"href":"https:\/\/www.europesays.com\/es\/wp-json\/wp\/v2\/posts"}],"about":[{"href":"https:\/\/www.europesays.com\/es\/wp-json\/wp\/v2\/types\/post"}],"author":[{"embeddable":true,"href":"https:\/\/www.europesays.com\/es\/wp-json\/wp\/v2\/users\/2"}],"replies":[{"embeddable":true,"href":"https:\/\/www.europesays.com\/es\/wp-json\/wp\/v2\/comments?post=655568"}],"version-history":[{"count":0,"href":"https:\/\/www.europesays.com\/es\/wp-json\/wp\/v2\/posts\/655568\/revisions"}],"wp:featuredmedia":[{"embeddable":true,"href":"https:\/\/www.europesays.com\/es\/wp-json\/wp\/v2\/media\/655569"}],"wp:attachment":[{"href":"https:\/\/www.europesays.com\/es\/wp-json\/wp\/v2\/media?parent=655568"}],"wp:term":[{"taxonomy":"category","embeddable":true,"href":"https:\/\/www.europesays.com\/es\/wp-json\/wp\/v2\/categories?post=655568"},{"taxonomy":"post_tag","embeddable":true,"href":"https:\/\/www.europesays.com\/es\/wp-json\/wp\/v2\/tags?post=655568"}],"curies":[{"name":"wp","href":"https:\/\/api.w.org\/{rel}","templated":true}]}}