{"id":655651,"date":"2026-07-13T08:21:12","date_gmt":"2026-07-13T08:21:12","guid":{"rendered":"https:\/\/www.europesays.com\/es\/655651\/"},"modified":"2026-07-13T08:21:12","modified_gmt":"2026-07-13T08:21:12","slug":"chris-ramos-el-gran-deseado-de-jesus-martinez-el-real-oviedo-ultima-su-fichaje-la-voz-de-asturias","status":"publish","type":"post","link":"https:\/\/www.europesays.com\/es\/655651\/","title":{"rendered":"Chris Ramos, el gran deseado de Jes\u00fas Mart\u00ednez: el Real Oviedo ultima su fichaje &#8211; La Voz de Asturias"},"content":{"rendered":"<ol>\n<li><a href=\"https:\/\/news.google.com\/rss\/articles\/CBMi7gFBVV95cUxQcnJEVWZNZ1ZJc2JRR3hocVdIR0d4Q0dhdmNxUW1NRHExMFRjZy1seXJ2ZlRBeG5Rd245TTl0bVoxbGtNNDkxaFJSMDdGXzZLZ0tkaHo1Z0dxeUxqODMweFlobHZyakFNckkxTWtrMDgxZGlnOGRkVG1kYVc2VTJ6SW5NdlhrYTlwSHFhaTR0akVJeEFJT3B5eG1JTXhPU25Ma25ybkNsQzhkU1l6eks2X1V0aDlCZ1hkd3ZFa2JYUUY1azhnRElGaFFOVnB4WkdVMWJEdmxCUkxFVERJeHZHTFdFOWh1V0pYdWo2WTFR0gGKAkFVX3lxTE9EVVF1UjRiMXlXa0ZiNm5ZbVdjVktOcVpxSjBWS0Z0UmxKTmNzYzRSWk14bE9UWTlCSUc3WVJLZS04M1oyOWZ2ckFOSW9abHBpVUFab1A1endvRkZiQ2pKUTBvUEo1bUZLb2dTeWx6QWloS1BvcDFKQnpFV2NFTkdOQ1dnYzdqd2ZuSlk3bEFkZXM4dWtNSVlwbGJra2ViUURCS3NpR1l5VUtOUzU0cVdwcHhmNVh4WUxIMXB1S1RpWjZEamhrYkkxTnFBUURSWHFvR2pYNy04RTBtUWZwYkZ1YkgydWlIMGVTdEZSc3RqVEZjZHM0UmNWSi1wMFlhMGhJaTl0akVrOTlB?oc=5\" target=\"_blank\" rel=\"nofollow noopener\">Chris Ramos, el gran deseado de Jes\u00fas Mart\u00ednez: el Real Oviedo ultima su fichaje<\/a>&nbsp;&nbsp;La Voz de Asturias<\/li>\n<li><a href=\"https:\/\/news.google.com\/rss\/articles\/CBMimwFBVV95cUxOWjFJYkFRTFBLYUtVbzRpRi1sS1NsdjJOdG9CWWZyNUVSbVhXamlueDg2aS0yWVI2Qk0zdlowYk9GZnhDM1VOdWZuNHpTWDU4d2F2SHZkSG1DNmpLOUt6X1pZOFFoR0NrcEJtUjhVdGR4NkFZcm1HUEQ4a3pCSHBWX0dRZTd1T2FSMTJUMDJNWDQ3SVU2UWdIUUxQZ9IBoAFBVV95cUxQUTBaSGJpbnZrSlBjUXNDcHd5MXUxSl9Tal9HNDhrb0tVNEE4aUpGWkxFdEZHNUdXekxqSjBUUENkN3BucEszbXJsb1VXWUVGWVVmbVphMzdQY3pjOElvM2pCZVZLTDUwaDB4N1NzenFyOVcyLWZlNTJUMWpuOFNHZ2RqeE5FNkNrcHdKSG96VUNZOHZrSUFzV1R1bFRtWk45?oc=5\" target=\"_blank\" rel=\"nofollow noopener\">La preciosa historia de Chris Ramos, el objetivo del Real Oviedo: el nieto que se convirti\u00f3 en hermano<\/a>&nbsp;&nbsp;LNE<\/li>\n<li><a href=\"https:\/\/news.google.com\/rss\/articles\/CBMioAFBVV95cUxQQ2hqMGNBRXp6NUtUVlhQTUdGVTZGT1hLUnlrMHc1Q0ZJbHEyWGhXU01qcEQwTG5Ba0VfRHRVUDJadXd4WlQ2LWdMZGpfaTU4dHB2b0RrOFE5WVM4cl93THdNcm5ScjdjZFpRS2RqWVpEc3RBRi1hVWVSc0VYT0t6QmppV0Z0R2RMSGE4SndkalE3VnVmaU8yZVB1OFJ2eVJn0gG0AUFVX3lxTE04TXlUZ1M3cUg3ZXZJYmFJREJkNXdPSkVtVUJybVNkdXRYVFM2SVlhQWdYcWsySzhjaEFsQTNDRUgxN3RaOEhsM3A4N3RkQUFWOVNDV09MWk50aUZGN2RUblZjSWhHdlYwNDQyR09LWk9sMXp2WFBWUWlhVTZHZnQ3NnhUMW9lUG9sWm41UHVFYll2ZGxNMlB2S1ZKdTFfQktTUGNkaDBvaFZSRVZ2ZEpMX2x1Tg?oc=5\" target=\"_blank\" rel=\"nofollow noopener\">El Real Oviedo negocia la cesi\u00f3n del delantero Chris Ramos<\/a>&nbsp;&nbsp;Diario AS<\/li>\n<li><a href=\"https:\/\/news.google.com\/rss\/articles\/CBMipAFBVV95cUxOV1NTSDQ3SzZrbTBqYnZRQVFhU1dZZTJLd3FYRGI4YUlCTkNJNXZTUWo3ODdOaHJCNjVKTU95WDlkODNqUVdwZVMtQWlxNHBuMXlNNk4zVy04YVVEeDBQbGJUa0J4Q2JhaHlVc1hEaG16RTNYV1JzZ2xTT2NKMGJLMUVhc1dwd0sxcDlQQ09mZldaa2dwZnRkMTlNYkU1MkdOck91S9IBqgFBVV95cUxOVDNMU1o0ZDQ5UG9vTXZBN2plWlVvM1VjWFh1bUE1SU96aFI4TV8wMTBkQVpZb2k1YTMwS0tDR3NHdFl1LXdYY3RLRWE1NU4wbzVaOHdQN0NmNDJwQWdWRkt4cXJNSnp6NS04bkt0RWlacURkVWhENFNKdjBENXQ5ckhqWlVwV3VUOHBjNExkWXRDcUZEdDR5UjJQTXNvUjJRYUZUcE9HRkxuUQ?oc=5\" target=\"_blank\" rel=\"nofollow noopener\">Chris Ramos, cerca de firmar por un rival del C\u00e1diz CF en Segunda<\/a>&nbsp;&nbsp;Diario de C\u00e1diz<\/li>\n<li><a href=\"https:\/\/news.google.com\/rss\/articles\/CBMi1wFBVV95cUxOUFJKLU5abF82OUhRa2ViNUxRcTVZYmpWYzRqZXZEQzJPM1I0N2RLRWl0cUkyUlM1VmVJZW9zU1NjZ3RvWFNUQkNfZ3ItN2hJQ3ZxTy1lLU1GVVlVdl94TEFJRG5aUkEtR3ptVVl0X3NJZlRSLVo5eVpMMy1OT2ZDb3dEVk9jeVZmX3QwdEdmYkp3Y0c1V2Fpck9EZUEyNkp6M1E3ZnR5ZGNyOXZBQTdOZG9uOXhkZ0V1V3VRWkNwSTBocFZqRHJnSkFTbnlXeFc5dVE1V295TQ?oc=5\" target=\"_blank\" rel=\"nofollow noopener\">El Oviedo sopesa el fichaje de un viejo deseo de Jes\u00fas Mart\u00ednez: operaci\u00f3n avanzada y f\u00f3rmula elegida<\/a>&nbsp;&nbsp;El Desmarque<\/li>\n<\/ol>\n","protected":false},"excerpt":{"rendered":"Chris Ramos, el gran deseado de Jes\u00fas Mart\u00ednez: el Real Oviedo ultima su fichaje&nbsp;&nbsp;La Voz de Asturias La&hellip;\n","protected":false},"author":2,"featured_media":655652,"comment_status":"","ping_status":"","sticky":false,"template":"","format":"standard","meta":{"footnotes":""},"categories":[268],"tags":[3216,2193,168,25,24,280,282,22425,3302,281,23,167],"class_list":["post-655651","post","type-post","status-publish","format-standard","has-post-thumbnail","category-futbol","tag-brasil","tag-cadiz","tag-deportes","tag-es","tag-espana","tag-football","tag-futbol","tag-lugo-ciudad","tag-real-oviedo","tag-soccer","tag-spain","tag-sports"],"share_on_mastodon":{"url":"https:\/\/pubeurope.com\/@es\/116911701455885221","error":""},"_links":{"self":[{"href":"https:\/\/www.europesays.com\/es\/wp-json\/wp\/v2\/posts\/655651","targetHints":{"allow":["GET"]}}],"collection":[{"href":"https:\/\/www.europesays.com\/es\/wp-json\/wp\/v2\/posts"}],"about":[{"href":"https:\/\/www.europesays.com\/es\/wp-json\/wp\/v2\/types\/post"}],"author":[{"embeddable":true,"href":"https:\/\/www.europesays.com\/es\/wp-json\/wp\/v2\/users\/2"}],"replies":[{"embeddable":true,"href":"https:\/\/www.europesays.com\/es\/wp-json\/wp\/v2\/comments?post=655651"}],"version-history":[{"count":0,"href":"https:\/\/www.europesays.com\/es\/wp-json\/wp\/v2\/posts\/655651\/revisions"}],"wp:featuredmedia":[{"embeddable":true,"href":"https:\/\/www.europesays.com\/es\/wp-json\/wp\/v2\/media\/655652"}],"wp:attachment":[{"href":"https:\/\/www.europesays.com\/es\/wp-json\/wp\/v2\/media?parent=655651"}],"wp:term":[{"taxonomy":"category","embeddable":true,"href":"https:\/\/www.europesays.com\/es\/wp-json\/wp\/v2\/categories?post=655651"},{"taxonomy":"post_tag","embeddable":true,"href":"https:\/\/www.europesays.com\/es\/wp-json\/wp\/v2\/tags?post=655651"}],"curies":[{"name":"wp","href":"https:\/\/api.w.org\/{rel}","templated":true}]}}