{"id":655918,"date":"2026-07-13T12:01:11","date_gmt":"2026-07-13T12:01:11","guid":{"rendered":"https:\/\/www.europesays.com\/es\/655918\/"},"modified":"2026-07-13T12:01:11","modified_gmt":"2026-07-13T12:01:11","slug":"la-rioja-implanta-224-bombas-automaticas-de-insulina-que-alertan-a-los-medicos-en-tiempo-real","status":"publish","type":"post","link":"https:\/\/www.europesays.com\/es\/655918\/","title":{"rendered":"La Rioja implanta 224 bombas autom\u00e1ticas de insulina que alertan a los m\u00e9dicos en tiempo real"},"content":{"rendered":"<p class=\"article-text\">\n        Alrededor de 1.200 personas est\u00e1n diagnosticadas con diabetes &#8216;Tipo 1&#8217; en La Rioja. Aunque pueda resultar minoritaria, la realidad de las personas con esta enfermedad es \u201ccomplicada\u201d debido a las grandes alteraciones constantes de glucosa que sufren. Por ello, y con el fin de mejorar la vida de estos pacientes, el SERIS ha adquirido 224 dispositivos especiales que son capaces de dispensar insulina y, a su vez, integrar los datos en la historia cl\u00ednica.\n    <\/p>\n<p class=\"article-text\">\n        Un avance de gran importancia que permite un nuevo modelo de manejo de la diabetes &#8216;Tipo 1&#8217;. Financiado con Fondos Europeos -por valor de 2,2 millones de euros- estos dispositivos se han incorporado en la vida de 185 personas adultas y 39 j\u00f3venes menores de 14 a\u00f1os en nuestra comunidad aut\u00f3noma.\n    <\/p>\n<p class=\"article-text\">\n        Aunque de momento responde a un proyecto piloto, gracias a las mejoras obtenidas en el control de estas personas, se prev\u00e9 que se extienda tambi\u00e9n a otro tipo de enfermedades.\n    <\/p>\n<p class=\"article-text\">\n        As\u00ed lo han dado a conocer este lunes la jefa del Servicio de Endocrinolog\u00eda y Nutrici\u00f3n del SERIS, Mar\u00eda \u00c1ngeles Mart\u00ednez de Salinas, junto a la coordinadora de Responsabilidad Social Corporativa del SERIS, Elena Llorente, y el director de Sistemas y Tecnolog\u00eda e Innovaci\u00f3n para la Salud del Servicio Riojano de Salud, Jos\u00e9 P\u00e9rez Alonso.\n    <\/p>\n<p>    <strong>\u201cUna verdadera revoluci\u00f3n\u201d<\/strong><\/p>\n<p class=\"article-text\">\n        En un encuentro con los medios de comunicaci\u00f3n, Mart\u00ednez de Salinas ha puesto en valor la importancia de la tecnolog\u00eda para mejorar la vida de los pacientes con diabetes. Una tecnolog\u00eda, indica, que ha supuesto una verdadera revoluci\u00f3n en su d\u00eda a d\u00eda. Como ha indicado, la diabetes \u201cafecta al paciente 24 horas. Cuando come, cuando hace actividad f\u00edsica, cuando duerme&#8230; porque todo le produce grandes oscilaciones de su nivel de glucosa\u201d.\n    <\/p>\n<p class=\"article-text\">\n        Por ello, desde el SERIS \u201cintentamos mejorar el seguimiento de estos pacientes, hacerlo m\u00e1s seguro y m\u00e1s personalizado\u201d ayud\u00e1ndonos de la tecnolog\u00eda. Una de esas mejoras ha sido la incorporaci\u00f3n de estos sistemas integrados automatizados de insulina, unos dispositivos que -de forma continua- dispensan insulina seg\u00fan necesite el paciente que, adem\u00e1s, est\u00e1 enlazado a un monitor continuo de insulina para informar, minuto a minuto, de las cifras de glucosa.\n    <\/p>\n<p class=\"article-text\">\n        \u201cEsto es un gran avance, sobre todo para la seguridad del paciente, porque disminuye las hipoglucemias, una de las complicaciones agudas de estos pacientes\u201d ya que \u201csi evitamos el exceso de az\u00facar y las altas cifras de glucosa, tambi\u00e9n podemos prevenir las complicaciones que puedan tener en un futuro\u201d.\n    <\/p>\n<p class=\"article-text\">\n        Pero, adem\u00e1s, \u201cno se queda solo en el dispositivo\u201d sino que tambi\u00e9n permite monitorizar estos datos e incorporarlos en la historia cl\u00ednica del paciente para compartirlo, casi a tiempo real, con los profesionales m\u00e9dicos\u201c. Precisamente en esta l\u00ednea se ha referido Elena Llorente al destacar que estos datos \u201dfacilitan a los cl\u00ednicos el seguimiento de sus pacientes\u201c. Adem\u00e1s de estos dispositivos, los Fondos Europeos han permitido tambi\u00e9n crear una nueva APP de Rioja Salud y una carpeta de salud \u201dque ayuda tanto al paciente como al profesional\u201c.\n    <\/p>\n<p class=\"article-text\">\n        \u201cEl hecho de llevarlo a la historia cl\u00ednica permite que podamos utilizar las herramientas de ayuda a la toma de decisiones. Por un lado son capaces de detectar alertas e identificar pacientes en riesgo y, por otro, desencadenar acciones como, por ejemplo, pedir una anal\u00edtica para chequear al paciente, agendar una interconsulta o videollamada para poder actuar cuanto antes con los pacientes que est\u00e1n en riesgo\u201d.\n    <\/p>\n<p class=\"article-text\">\n        Finalmente, Jos\u00e9 P\u00e9rez Alonso ha destacado que gracias a estos dispositivos los pacientes y los profesionales pueden acceder a su evoluci\u00f3n \u201cde forma m\u00e1s \u00e1gil, m\u00e1s r\u00e1pida y en el momento que sea necesario por lo que permite tambi\u00e9n priorizar la atenci\u00f3n a los pacientes m\u00e1s perjudicados\u201d. Un gran avance, insiste, para manejar de \u201cuna manera mucho m\u00e1s efectiva\u201d la diabetes.\n    <\/p>\n<p class=\"article-text\">\n        &#8216;Espacios para la salud&#8217; es una iniciativa organizada por la Asociaci\u00f3n de la Prensa de La Rioja y Fundaci\u00f3n Rioja Salud, en el marco de la alianza riojana por la salud.\n    <\/p>\n<p>    <strong>Diabetes<\/strong><\/p>\n<p class=\"article-text\">\n        La diabetes es una de las enfermedades cr\u00f3nicas de mayor impacto sanitario y social, y su abordaje ha experimentado una profunda transformaci\u00f3n en los \u00faltimos a\u00f1os. Los nuevos tratamientos, la monitorizaci\u00f3n continua de glucosa, los sistemas automatizados de infusi\u00f3n de insulina y la incorporaci\u00f3n de herramientas tecnol\u00f3gicas est\u00e1n permitiendo avanzar hacia un seguimiento m\u00e1s personalizado, seguro y centrado en cada paciente.\n    <\/p>\n<p>    <a href=\"https:\/\/www.eldiario.es\/la-rioja\/campana-sensibilizar-diabetes-logrono-1-2-personas-mundo-padece-no_1_12755411.html\" data-mrf-recirculation=\"saber-mas-abajo\" data-dl-event=\"saber-mas-abajo\" rel=\"nofollow noopener\" target=\"_blank\"><\/p>\n<p class=\"know-more__title\">Una campa\u00f1a para sensibilizar sobre la diabetes en Logro\u00f1o: \u201c1 de cada 2 personas en el mundo la padece y no lo sabe\u201d\n<\/p>\n<p>            <img decoding=\"async\" class=\"lazy\" loading=\"lazy\" data-src=\"https:\/\/static.eldiario.es\/clip\/14913d2a-220a-474e-81af-3e63f923789c_16-9-aspect-ratio_default_0.jpg\" src=\"data:image\/svg+xml,%3Csvg xmlns=\" http:=\"\" viewbox=\"0 0 880 495\" alt=\"Una campa\u00f1a para sensibilizar sobre la diabetes en Logro\u00f1o: \u201c1 de cada 2 personas en el mundo la padece y no lo sabe&quot;\"\/><\/p>\n<p>                        <\/a><\/p>\n<p class=\"article-text\">\n        Adem\u00e1s, la integraci\u00f3n de estos datos en la historia cl\u00ednica electr\u00f3nica abre una nueva etapa en la atenci\u00f3n a la diabetes, al facilitar una visi\u00f3n m\u00e1s completa de la evoluci\u00f3n de cada persona y permitir priorizar de forma m\u00e1s proactiva a aquellos pacientes con peor control gluc\u00e9mico.\n    <\/p>\n","protected":false},"excerpt":{"rendered":"Alrededor de 1.200 personas est\u00e1n diagnosticadas con diabetes &#8216;Tipo 1&#8217; en La Rioja. Aunque pueda resultar minoritaria, la&hellip;\n","protected":false},"author":2,"featured_media":655919,"comment_status":"","ping_status":"","sticky":false,"template":"","format":"standard","meta":{"footnotes":""},"categories":[92],"tags":[120077,14985,120078,39080,25,24,165,21845,9948,6016,798,13556,166,23,159],"class_list":["post-655918","post","type-post","status-publish","format-standard","has-post-thumbnail","category-salud","tag-120077","tag-alertan","tag-automaticas","tag-bombas","tag-es","tag-espana","tag-health","tag-implanta","tag-insulina","tag-medicos","tag-real","tag-rioja","tag-salud","tag-spain","tag-tiempo"],"share_on_mastodon":{"url":"https:\/\/pubeurope.com\/@es\/116912566141372046","error":""},"_links":{"self":[{"href":"https:\/\/www.europesays.com\/es\/wp-json\/wp\/v2\/posts\/655918","targetHints":{"allow":["GET"]}}],"collection":[{"href":"https:\/\/www.europesays.com\/es\/wp-json\/wp\/v2\/posts"}],"about":[{"href":"https:\/\/www.europesays.com\/es\/wp-json\/wp\/v2\/types\/post"}],"author":[{"embeddable":true,"href":"https:\/\/www.europesays.com\/es\/wp-json\/wp\/v2\/users\/2"}],"replies":[{"embeddable":true,"href":"https:\/\/www.europesays.com\/es\/wp-json\/wp\/v2\/comments?post=655918"}],"version-history":[{"count":0,"href":"https:\/\/www.europesays.com\/es\/wp-json\/wp\/v2\/posts\/655918\/revisions"}],"wp:featuredmedia":[{"embeddable":true,"href":"https:\/\/www.europesays.com\/es\/wp-json\/wp\/v2\/media\/655919"}],"wp:attachment":[{"href":"https:\/\/www.europesays.com\/es\/wp-json\/wp\/v2\/media?parent=655918"}],"wp:term":[{"taxonomy":"category","embeddable":true,"href":"https:\/\/www.europesays.com\/es\/wp-json\/wp\/v2\/categories?post=655918"},{"taxonomy":"post_tag","embeddable":true,"href":"https:\/\/www.europesays.com\/es\/wp-json\/wp\/v2\/tags?post=655918"}],"curies":[{"name":"wp","href":"https:\/\/api.w.org\/{rel}","templated":true}]}}