{"id":656054,"date":"2026-07-13T13:37:16","date_gmt":"2026-07-13T13:37:16","guid":{"rendered":"https:\/\/www.europesays.com\/es\/656054\/"},"modified":"2026-07-13T13:37:16","modified_gmt":"2026-07-13T13:37:16","slug":"la-esposa-de-michael-schumacher-rompe-su-silencio-lo-echo-de-menos-cada-dia-igual-que-nuestros-hijos-la-familia-y-su-padre-pero-sigue-aqui-y-eso-nos-da-fuerzas","status":"publish","type":"post","link":"https:\/\/www.europesays.com\/es\/656054\/","title":{"rendered":"La esposa de Michael Schumacher rompe su silencio: \u201cLo echo de menos cada d\u00eda. Igual que nuestros hijos, la familia y su padre. Pero sigue aqu\u00ed, y eso nos da fuerzas\u201d"},"content":{"rendered":"<p>Corinna y Michael se conocieron a principios de los 90, cuando ella manten\u00eda una relaci\u00f3n con el piloto Heinz-Harald Frentzen. Tras conseguir su primer podio en la F\u00f3rmula 1, en el Gran Premio de <a href=\"https:\/\/www.revistavanityfair.es\/tags\/mexico\" isautogenerated=\"true\" rel=\"nofollow noopener\" target=\"_blank\">M\u00e9xico<\/a> de 1992, Michael present\u00f3 oficialmente a Corinna como su pareja.\u00a0Tres a\u00f1os despu\u00e9s se casaron. Primero, en una ceremonia civil celebrada en Kerpen, la ciudad natal del campe\u00f3n; y despu\u00e9s, en una religiosa en el monte Petersberg.\u00a0La pareja tiene dos hijos: Gina Maria lleg\u00f3 al mundo el 20 de febrero de 1997, y Mick, el 22 de marzo de 1999. Gina Maria es hoy una experta amazona, madre de una ni\u00f1a de un a\u00f1o. <a href=\"https:\/\/www.revistavanityfair.es\/sociedad\/celebrities\/articulos\/conocemos-a-mick-el-hijo-del-piloto-michael-schumacher-que-sigue-sus-pasos-en-la-formula-1\/47871\" rel=\"nofollow noopener\" target=\"_blank\">Mick<\/a>, por su parte, ha continuado con la tradici\u00f3n familiar y compite en la IndyCar.<\/p>\n<p><img decoding=\"async\" alt=\"Michael y Corinna Schumacher el d\u00eda de su boda\" loading=\"lazy\" class=\"ResponsiveImageContainer-dkeESL cQPiWi responsive-image__image\"   src=\"https:\/\/www.europesays.com\/es\/wp-content\/uploads\/2026\/07\/GettyImages-536018136.jpg\"\/><\/p>\n<p>Michael y Corinna Schumacher, el d\u00eda de su boda<\/p>\n<p>Charles Caratini\/Getty Images<\/p>\n<p>En el nuevo documental, Corinna comparte muchos recuerdos que dibujan un retrato \u00edntimo de su marido. Revela, por ejemplo, que el campe\u00f3n asisti\u00f3 al nacimiento de sus hijos, y que fue \u201cla mayor emoci\u00f3n de su vida\u201d. Tambi\u00e9n recuerda el lado m\u00e1s alegre y divertido de Michael: \u201cEn las fiestas era el primero en llegar y el \u00faltimo en marcharse. Nos re\u00edamos much\u00edsimo. No se le daba bien cantar, pero siempre cantaba My Way porque se sab\u00eda la letra de memoria\u201d. Antes del accidente, el piloto tambi\u00e9n hab\u00eda hablado p\u00fablicamente de su relaci\u00f3n con Corinna, un pilar fundamental en su vida: \u201cCorinna es dulce y fuerte al mismo tiempo. Me apoya, pero tambi\u00e9n sabe darme mi espacio. Le estoy agradecido porque ha organizado su vida tambi\u00e9n en funci\u00f3n de la m\u00eda\u201d. Seg\u00fan explica ella, eso no ha cambiado. Tras el accidente, Corinna se ha mantenido a su lado: \u201cSeguimos juntos. Vivimos juntos en casa. Hacemos todo lo posible para que mejore y se encuentre bien\u201d.<\/p>\n<p>No se sabe exactamente c\u00f3mo se encuentra Michael hoy en d\u00eda. Seg\u00fan la \u00faltima informaci\u00f3n difundida sobre su situaci\u00f3n, publicada en 2023 por el diario alem\u00e1n Bild, el expiloto recibe atenci\u00f3n las 24 horas del d\u00eda en su residencia de Ginebra, en la que un equipo de especialistas formado por unas 15 personas \u2014entre m\u00e9dicos y fisioterapeutas\u2014 se ocupan de sus cuidados. M\u00e1s recientemente, el Daily Mail ha publicado que Michael ya no est\u00e1 postrado en cama y que, aunque no puede caminar, es capaz de sentarse en una silla de ruedas. Su esposa no ha facilitado nuevos detalles sobre su estado de salud. Porque, como explic\u00f3 hace tiempo, \u00abpara m\u00ed es muy importante que pueda seguir disfrutando, en la medida de lo posible, de su vida privada. Michael siempre nos protegi\u00f3 a nosotros y ahora somos nosotros quienes le protegemos a \u00e9l\u00bb.<\/p>\n<p>Art\u00edculo publicado en Vanity Fair Italia. Accede al original <strong><a href=\"https:\/\/www.vanityfair.it\/article\/corinna-schumacher-moglie-michael-come-sta-oggi-incidente-famiglia\" rel=\"nofollow noopener\" target=\"_blank\">aqu\u00ed<\/a>.<\/strong><\/p>\n","protected":false},"excerpt":{"rendered":"Corinna y Michael se conocieron a principios de los 90, cuando ella manten\u00eda una relaci\u00f3n con el piloto&hellip;\n","protected":false},"author":2,"featured_media":656055,"comment_status":"","ping_status":"","sticky":false,"template":"","format":"standard","meta":{"footnotes":""},"categories":[42],"tags":[17,18,168,13,14,271,11,61,62,63,64,19,20,9,10,15,16,12,13077,21,22,65,66,67],"class_list":["post-656054","post","type-post","status-publish","format-standard","has-post-thumbnail","category-internacional","tag-breaking-news","tag-breakingnews","tag-deportes","tag-featured-news","tag-featurednews","tag-formula-1","tag-headlines","tag-internacional","tag-international","tag-international-news","tag-internationalnews","tag-latest-news","tag-latestnews","tag-news","tag-noticias","tag-noticias-destacadas","tag-noticiasdestacadas","tag-titulares","tag-tragedia","tag-ultimas-noticias","tag-ultimasnoticias","tag-world","tag-world-news","tag-worldnews"],"share_on_mastodon":{"url":"","error":""},"_links":{"self":[{"href":"https:\/\/www.europesays.com\/es\/wp-json\/wp\/v2\/posts\/656054","targetHints":{"allow":["GET"]}}],"collection":[{"href":"https:\/\/www.europesays.com\/es\/wp-json\/wp\/v2\/posts"}],"about":[{"href":"https:\/\/www.europesays.com\/es\/wp-json\/wp\/v2\/types\/post"}],"author":[{"embeddable":true,"href":"https:\/\/www.europesays.com\/es\/wp-json\/wp\/v2\/users\/2"}],"replies":[{"embeddable":true,"href":"https:\/\/www.europesays.com\/es\/wp-json\/wp\/v2\/comments?post=656054"}],"version-history":[{"count":0,"href":"https:\/\/www.europesays.com\/es\/wp-json\/wp\/v2\/posts\/656054\/revisions"}],"wp:featuredmedia":[{"embeddable":true,"href":"https:\/\/www.europesays.com\/es\/wp-json\/wp\/v2\/media\/656055"}],"wp:attachment":[{"href":"https:\/\/www.europesays.com\/es\/wp-json\/wp\/v2\/media?parent=656054"}],"wp:term":[{"taxonomy":"category","embeddable":true,"href":"https:\/\/www.europesays.com\/es\/wp-json\/wp\/v2\/categories?post=656054"},{"taxonomy":"post_tag","embeddable":true,"href":"https:\/\/www.europesays.com\/es\/wp-json\/wp\/v2\/tags?post=656054"}],"curies":[{"name":"wp","href":"https:\/\/api.w.org\/{rel}","templated":true}]}}