{"id":656180,"date":"2026-07-13T15:07:14","date_gmt":"2026-07-13T15:07:14","guid":{"rendered":"https:\/\/www.europesays.com\/es\/656180\/"},"modified":"2026-07-13T15:07:14","modified_gmt":"2026-07-13T15:07:14","slug":"se-cumple-un-ano-de-la-grave-cogida-a-rafaelillo-en-pamplona-que-le-ha-mantenido-alejado-de-los-ruedos","status":"publish","type":"post","link":"https:\/\/www.europesays.com\/es\/656180\/","title":{"rendered":"Se cumple un a\u00f1o de la grave cogida a Rafaelillo en Pamplona que le ha mantenido alejado de los ruedos"},"content":{"rendered":"<p>\n        El <strong>12 de julio de 2025<\/strong> fue una de esas tardes que dejan cicatrices en la carrera de los toreros y huella en la Feria del Toro. Hace ahora un a\u00f1o, Rafael Rubio Luj\u00e1n, <strong>Rafaelillo<\/strong>, sufri\u00f3 en la plaza de toros de <a href=\"https:\/\/www.noticiasdenavarra.com\/tags\/pamplona\/\" title=\"Pamplona\" target=\"_blank\" class=\"link copy\" rel=\"nofollow noopener\">Pamplona<\/a> <strong>una de las cogidas m\u00e1s graves de su carrera<\/strong>, un percance que le oblig\u00f3 a permanecer ingresado varios d\u00edas en estado grave y que le ha mantenido durante doce meses alejado de los ruedos. <strong>Una pesadilla que el diestro murciano no ha podido enterrar todav\u00eda,<\/strong> ya que, seg\u00fan ha detallado &#8216;<a href=\"https:\/\/www.mundotoro.com\/noticia\/rafaelillo-un-ano-alejado-de-los-ruedos-tras-la-grave-cogida-de-pamplona\/1957689\" title=\"Mundotoro&#039;,\" rel=\"nofollow noopener\" target=\"_blank\" class=\"link copy\">Mundotoro&#8217;, <strong>el torero va a tener que volver a pasar por quir\u00f3fano en los pr\u00f3ximos d\u00edas<\/strong>.<\/a>\n<\/p>\n<p class=\"article-body__text \">\n        La corrida transcurr\u00eda con la intensidad habitual de <a href=\"https:\/\/www.noticiasdenavarra.com\/tags\/san-fermin\/\" title=\"San Ferm\u00edn\" target=\"_blank\" class=\"link copy\" rel=\"nofollow noopener\">San Ferm\u00edn<\/a> cuando el diestro murciano fue prendido de manera dram\u00e1tica por el primero de su lote. <strong>El toro le propin\u00f3 una violenta voltereta y una cornada que oblig\u00f3 a su traslado inmediato al Hospital Universitario de Navarra<\/strong>. La gravedad de las lesiones hizo que fuera ingresado en la Unidad de Cuidados Intensivos, donde permaneci\u00f3 sedado y con ventilaci\u00f3n mec\u00e1nica durante las primeras horas.\n<\/p>\n<p class=\"article-body__text \">\n        Los primeros partes m\u00e9dicos confirmaron la dimensi\u00f3n del percance. Rafaelillo presentaba un <strong>neumot\u00f3rax traum\u00e1tico<\/strong>, varias fracturas costales y una grave lesi\u00f3n pulmonar derivada de la cornada. <strong>Su evoluci\u00f3n oblig\u00f3 a mantener una vigilancia constante por parte del equipo sanitario<\/strong>, que fue actualizando diariamente su estado mientras el torero segu\u00eda ingresado en la UCI.\n<\/p>\n<p class=\"article-body__text \">\n        Con el paso de los d\u00edas llegaron las primeras noticias esperanzadoras. Tras una evoluci\u00f3n favorable,<strong> los m\u00e9dicos retiraron la sedaci\u00f3n y la ventilaci\u00f3n asistida<\/strong>, aunque el pron\u00f3stico continu\u00f3 siendo grave. Posteriormente abandon\u00f3 la UCI y pas\u00f3 a planta, donde inici\u00f3 una recuperaci\u00f3n progresiva antes de recibir el alta hospitalaria una semana despu\u00e9s del percance. La salida del Hospital Universitario de Navarra <strong>puso fin a la fase m\u00e1s cr\u00edtica de un accidente que conmocion\u00f3 al mundo del toro durante los<\/strong> <a href=\"https:\/\/www.noticiasdenavarra.com\/tags\/sanfermines-2025\/\" title=\"Sanfermines de 2025.\" target=\"_blank\" class=\"link copy\" rel=\"nofollow noopener\">Sanfermines de 2025.<\/a>\n<\/p>\n<p class=\"article-body__text \">\n        Sin embargo, el alta no signific\u00f3 el final del camino. Comenz\u00f3 entonces una larga recuperaci\u00f3n f\u00edsica marcada por la rehabilitaci\u00f3n y la imposibilidad de volver a vestirse de luces. La cornada sufrida en Pamplona <strong>oblig\u00f3 a Rafaelillo a detener por completo una temporada que hab\u00eda comenzado con ilusi\u00f3n<\/strong> y le ha mantenido durante un a\u00f1o entero fuera de los carteles. Doce meses despu\u00e9s, la cogida de Pamplona sigue siendo el \u00faltimo pase\u00edllo del veterano matador murciano. Seg\u00fan ha recordado el citado medio, <strong>el torero contin\u00faa sin reaparecer tras aquel grav\u00edsimo percance sufrido en la Feria del Toro<\/strong>, una ausencia que refleja la dureza de unas lesiones que trascendieron el impacto inmediato del accidente y condicionaron por completo su carrera durante el \u00faltimo a\u00f1o.<\/p>\n","protected":false},"excerpt":{"rendered":"El 12 de julio de 2025 fue una de esas tardes que dejan cicatrices en la carrera de&hellip;\n","protected":false},"author":2,"featured_media":656181,"comment_status":"","ping_status":"","sticky":false,"template":"","format":"standard","meta":{"footnotes":""},"categories":[91],"tags":[1611,11859,7677,146,147,25,24,12050,120105,23],"class_list":["post-656180","post","type-post","status-publish","format-standard","has-post-thumbnail","category-entretenimiento","tag-ano","tag-cogida","tag-cumple","tag-entertainment","tag-entretenimiento","tag-es","tag-espana","tag-grave","tag-rafaelillo","tag-spain"],"share_on_mastodon":{"url":"https:\/\/pubeurope.com\/@es\/116913297838439097","error":""},"_links":{"self":[{"href":"https:\/\/www.europesays.com\/es\/wp-json\/wp\/v2\/posts\/656180","targetHints":{"allow":["GET"]}}],"collection":[{"href":"https:\/\/www.europesays.com\/es\/wp-json\/wp\/v2\/posts"}],"about":[{"href":"https:\/\/www.europesays.com\/es\/wp-json\/wp\/v2\/types\/post"}],"author":[{"embeddable":true,"href":"https:\/\/www.europesays.com\/es\/wp-json\/wp\/v2\/users\/2"}],"replies":[{"embeddable":true,"href":"https:\/\/www.europesays.com\/es\/wp-json\/wp\/v2\/comments?post=656180"}],"version-history":[{"count":0,"href":"https:\/\/www.europesays.com\/es\/wp-json\/wp\/v2\/posts\/656180\/revisions"}],"wp:featuredmedia":[{"embeddable":true,"href":"https:\/\/www.europesays.com\/es\/wp-json\/wp\/v2\/media\/656181"}],"wp:attachment":[{"href":"https:\/\/www.europesays.com\/es\/wp-json\/wp\/v2\/media?parent=656180"}],"wp:term":[{"taxonomy":"category","embeddable":true,"href":"https:\/\/www.europesays.com\/es\/wp-json\/wp\/v2\/categories?post=656180"},{"taxonomy":"post_tag","embeddable":true,"href":"https:\/\/www.europesays.com\/es\/wp-json\/wp\/v2\/tags?post=656180"}],"curies":[{"name":"wp","href":"https:\/\/api.w.org\/{rel}","templated":true}]}}