{"id":656448,"date":"2026-07-13T18:29:19","date_gmt":"2026-07-13T18:29:19","guid":{"rendered":"https:\/\/www.europesays.com\/es\/656448\/"},"modified":"2026-07-13T18:29:19","modified_gmt":"2026-07-13T18:29:19","slug":"betis-y-sevilla-entre-los-equipos-que-han-preguntado-por-cesar-palacios-canterano-del-real-madrid","status":"publish","type":"post","link":"https:\/\/www.europesays.com\/es\/656448\/","title":{"rendered":"Betis y Sevilla, entre los equipos que han preguntado por C\u00e9sar Palacios, canterano del Real Madrid"},"content":{"rendered":"<p class=\"ft-text\"><strong>C\u00e9sar Palacios <\/strong>comienza a mover el mercado. Seg\u00fan ha podido saber <strong>El Correo de Andaluc\u00eda<\/strong>, <a class=\"ft-link ft-link--decoration\" href=\"https:\/\/www.elcorreoweb.es\/tags\/real-betis\/\" target=\"_blank\" rel=\"nofollow noopener\"><strong>Real Betis Balompi\u00e9<\/strong><\/a><strong> y <\/strong><a class=\"ft-link ft-link--decoration\" href=\"https:\/\/www.elcorreoweb.es\/tags\/sevilla-fc\/\" target=\"_blank\" rel=\"nofollow noopener\">Sevilla F\u00fatbol Club<\/a>, adem\u00e1s de <strong>alg\u00fan equipo m\u00e1s de LaLiga han preguntado por la situaci\u00f3n del centrocampista canterano del Real Madrid<\/strong>, aunque ninguno de los clubes ha trasladado por ahora una propuesta formal.<\/p>\n<p class=\"ft-text\">El proyecto verdiblanco es el que m\u00e1s atrae al jugador entre las opciones sevillanas, pero <strong>la elevada competencia en la medular genera dudas<\/strong>. Pese a que el equipo de Manuel Pellegrini disputar\u00e1 tres competiciones y puede registrar salidas, Palacios entiende que tendr\u00eda por delante a futbolistas como \u00c1lvaro Fidalgo, Isco, Marc Roca o Giovani Lo Celso, adem\u00e1s de <a class=\"ft-link ft-link--decoration\" href=\"https:\/\/www.elcorreoweb.es\/betis\/2026\/07\/10\/dani-ceballos-betis-quiero-sentirme-importante-132334692.html\" target=\"_blank\" rel=\"nofollow noopener\">la posible llegada de Dani Ceballos<\/a>. Su prioridad es encontrar un destino que le garantice continuidad.<\/p>\n<p class=\"ft-text\"><strong>El Sevilla tampoco termina de seducirle en este momento<\/strong>. La reciente <a class=\"ft-link ft-link--decoration\" href=\"https:\/\/www.elcorreoweb.es\/sevilla-fc\/2026\/06\/10\/jon-guridi-fichaje-sevilla-agente-libre-131238697.html\" target=\"_blank\" rel=\"nofollow noopener\">incorporaci\u00f3n de Jon Guridi<\/a>, que lleg\u00f3 con el benepl\u00e1cito de Luis Garc\u00eda Plaza, refuerza una zona en la que el canterano madridista teme no disponer de los minutos que necesita.<\/p>\n<p class=\"ft-text\"><strong>Otros clubes del campeonato<\/strong>, por su parte, <strong>han realizado llamadas<\/strong> para conocer las condiciones de una posible operaci\u00f3n, sin que el contacto haya avanzado.<\/p>\n<p><img decoding=\"async\" src=\"https:\/\/www.europesays.com\/es\/wp-content\/uploads\/2026\/07\/b5d2befe-d03e-4ef1-90d0-25a5cd09be4c_alta-libre-aspect-ratio_default_0_x1000y445.jpg\" width=\"1200\" height=\"802\" alt=\"C\u00e9sar Palacios dispara a puerta durante el partido de la jornada 27 de LaLiga que Celta de Vigo y Real Madrid disputan este viernes en el estadio de Bala\u00eddos\" class=\"ft-helper-img-rd\" loading=\"lazy\" fetchpriority=\"auto\"\/><\/p>\n<p class=\"ft-helper-fontColor-quaternary ft-helper-fontSize-body-S ft-helper-spacer-t-xxs\">C\u00e9sar Palacios dispara a puerta durante el partido de la jornada 27 de LaLiga que Celta de Vigo y Real Madrid disputan este viernes en el estadio de Bala\u00eddos  \/ Lavandeira \/ EFE<\/p>\n<p>Osasuna y Fulham, los que aprietan con firmeza por Palacios<\/p>\n<p class=\"ft-text\"><strong>Club Atl\u00e9tico Osasuna es actualmente el club mejor colocado<\/strong> para hacerse con sus servicios dentro de LaLiga. Palacios mantiene v\u00ednculos familiares cerca de Pamplona y<strong> valora especialmente el protagonismo que le ofrece el conjunto rojillo<\/strong>, donde tendr\u00eda los minutos deseados, habiendo ratificado en el Real Madrid que su deseo es jugar en El Sadar como apuntan los compa\u00f1eros de Diario de Noticias de Navarra. Eso s\u00ed, <strong>C\u00e9sar Palacios siempre respetar\u00e1 la decisi\u00f3n de la entidad de Concha Espina<\/strong>.<\/p>\n<p class=\"ft-text\"><strong>La otra propuesta concreta procede del Fulham<\/strong>, cuyo nuevo entrenador, \u00c1lvaro Arbeloa, conoce perfectamente al futbolista despu\u00e9s de dirigirlo en la cantera y en el primer equipo del Real Madrid. <strong>Arbeloa tambi\u00e9n se ha interesado por Manuel \u00c1ngel y V\u00edctor Valdepe\u00f1as<\/strong>. <\/p>\n<p class=\"ft-text\">Palacios y Manuel \u00c1ngel forman parte de los doce canteranos citados para arrancar la pretemporada con Jos\u00e9 Mourinho, junto a Fran Gonz\u00e1lez, Javi Navarro, David Jim\u00e9nez, Jes\u00fas Fortea, Joan Mart\u00ednez, Mario Rivas, Diego Aguado, Jorge Cestero, Thiago Pitarch y Daniel Y\u00e1\u00f1ez. Valdepe\u00f1as, sin embargo, no aparece en esa primera relaci\u00f3n.<\/p>\n<p>C\u00e9sar Palacios, en espera y a las \u00f3rdenes de Mourinho mientras regresan los mundialistas<\/p>\n<p class=\"ft-text\">Palacios afrontar\u00e1 las pr\u00f3ximas semanas a las \u00f3rdenes de Mourinho, favorecido por la ausencia temporal de numerosos mundialistas, pero todo apunta a que acabar\u00e1 abandonando el club. Le queda un a\u00f1o de contrato, no contempla renovar y pretende decidir su futuro de la mano del Real Madrid.<\/p>\n<p class=\"ft-text\">La entidad blanca estudia una operaci\u00f3n similar a las realizadas con V\u00edctor Mu\u00f1oz y Osasuna y Nico Paz y <strong>Como 1907<\/strong>: vender el 50% de sus derechos y conservar la mitad de una futura plusval\u00eda. De hecho, <strong>el conjunto italiano fue de los primeros en interesarse antes de decantarse por continuar con el mediapunta argentino<\/strong>. <\/p>\n<p class=\"ft-text\"><strong>Club Atl\u00e9tico Osasuna y Fulham, con el inter\u00e9s de Arbeloa, parten con ventaja<\/strong>, mientras Betis y Sevilla permanecen atentos.<\/p>\n","protected":false},"excerpt":{"rendered":"C\u00e9sar Palacios comienza a mover el mercado. Seg\u00fan ha podido saber El Correo de Andaluc\u00eda, Real Betis Balompi\u00e9&hellip;\n","protected":false},"author":2,"featured_media":656449,"comment_status":"","ping_status":"","sticky":false,"template":"","format":"standard","meta":{"footnotes":""},"categories":[268],"tags":[291,8901,13883,10919,168,25,24,280,29785,282,205,1964,2619,798,10286,3048,1171,12764,281,23,167,120158],"class_list":["post-656448","post","type-post","status-publish","format-standard","has-post-thumbnail","category-futbol","tag-betis","tag-ca-osasuna","tag-canterano","tag-cesar","tag-deportes","tag-es","tag-espana","tag-football","tag-fulham","tag-futbol","tag-madrid","tag-mercado-de-fichajes","tag-palacios","tag-real","tag-real-betis","tag-real-madrid","tag-sevilla","tag-sevilla-fc","tag-soccer","tag-spain","tag-sports","tag-tantean"],"share_on_mastodon":{"url":"https:\/\/pubeurope.com\/@es\/116914092791936626","error":""},"_links":{"self":[{"href":"https:\/\/www.europesays.com\/es\/wp-json\/wp\/v2\/posts\/656448","targetHints":{"allow":["GET"]}}],"collection":[{"href":"https:\/\/www.europesays.com\/es\/wp-json\/wp\/v2\/posts"}],"about":[{"href":"https:\/\/www.europesays.com\/es\/wp-json\/wp\/v2\/types\/post"}],"author":[{"embeddable":true,"href":"https:\/\/www.europesays.com\/es\/wp-json\/wp\/v2\/users\/2"}],"replies":[{"embeddable":true,"href":"https:\/\/www.europesays.com\/es\/wp-json\/wp\/v2\/comments?post=656448"}],"version-history":[{"count":0,"href":"https:\/\/www.europesays.com\/es\/wp-json\/wp\/v2\/posts\/656448\/revisions"}],"wp:featuredmedia":[{"embeddable":true,"href":"https:\/\/www.europesays.com\/es\/wp-json\/wp\/v2\/media\/656449"}],"wp:attachment":[{"href":"https:\/\/www.europesays.com\/es\/wp-json\/wp\/v2\/media?parent=656448"}],"wp:term":[{"taxonomy":"category","embeddable":true,"href":"https:\/\/www.europesays.com\/es\/wp-json\/wp\/v2\/categories?post=656448"},{"taxonomy":"post_tag","embeddable":true,"href":"https:\/\/www.europesays.com\/es\/wp-json\/wp\/v2\/tags?post=656448"}],"curies":[{"name":"wp","href":"https:\/\/api.w.org\/{rel}","templated":true}]}}