{"id":656596,"date":"2026-07-13T20:22:25","date_gmt":"2026-07-13T20:22:25","guid":{"rendered":"https:\/\/www.europesays.com\/es\/656596\/"},"modified":"2026-07-13T20:22:25","modified_gmt":"2026-07-13T20:22:25","slug":"pogacar-alcanza-este-martes-a-indurain-en-dias-de-amarillo-en-el-tour","status":"publish","type":"post","link":"https:\/\/www.europesays.com\/es\/656596\/","title":{"rendered":"Pogacar alcanza este martes a Indur\u00e1in en d\u00edas de amarillo en el Tour"},"content":{"rendered":"<p class=\"ft-text ft-helper-closenews\"><strong>Tadej Pogacar<\/strong> igualar\u00e1 este martes con 60 veces el n\u00famero de d\u00edas vistiendo el jersey amarillo del Tour que tiene <strong>Miguel Indur\u00e1in<\/strong>, un r\u00e9cord que lo situar\u00e1 en el podio de la ronda francesa lo que refuerza ya su estatus de gran estrella de este deporte.<\/p>\n<p class=\"ft-text\">El fen\u00f3meno esloveno se coloc\u00f3 por primera vez el jersey amarillo el s\u00e1bado 19 de septiembre de 2020 en la hist\u00f3rica cronoescalada a La Planche des Belles Filles donde contra pron\u00f3stico bati\u00f3 a su compatriota <strong>Primoz Roglic<\/strong> y le arrebat\u00f3 la primera posici\u00f3n en la clasificaci\u00f3n general del Tour. Quedaba s\u00f3lo un d\u00eda para llegar a Par\u00eds. Volvi\u00f3 a vestir de amarillo en <strong>2021<\/strong>, cuando logr\u00f3 la segunda victoria en los Campos El\u00edseos. En <strong>2022<\/strong> se coloc\u00f3 la prenda durante cinco d\u00edas en su derrota ante <strong>Jonas Vingegaard<\/strong>, mientras que en 2023 no la luci\u00f3 ni un d\u00eda ya que domin\u00f3 la prueba totalmente su oponente dan\u00e9s desde que alcanz\u00f3 el liderato del Tour en la sexta plaza, tal como est\u00e1 haciendo este a\u00f1o la estrella eslovena.<\/p>\n<p class=\"ft-text\">El Tour descansa este lunes en el <strong>Macizo Central<\/strong> a la espera este martes de la gran etapa en esta cordillera francesa, que coincidir\u00e1 con la <strong>Fiesta Nacional Francesa<\/strong>, en el d\u00eda que tradicionalmente m\u00e1s espectadores acuden a la ruta de la prueba. Este a\u00f1o, curiosamente, la actividad deportiva en Francia se refuerza, aparte del Tour, con el duelo entre franceses y espa\u00f1oles en las semifinales de la <strong>Copa del Mundo de f\u00fatbol<\/strong>.<\/p>\n<p><img decoding=\"async\" src=\"https:\/\/www.europesays.com\/es\/wp-content\/uploads\/2026\/07\/866425f4-5405-4770-9dbc-8c00e52e0cd7_alta-libre-aspect-ratio_default_0_x500y222.jpg\" width=\"1200\" height=\"800\" alt=\"Pogacar con Del Toro, el domingo, en la meta del Tour.\" class=\"ft-helper-img-rd\" loading=\"lazy\" fetchpriority=\"auto\"\/><\/p>\n<p class=\"ft-helper-fontColor-quaternary ft-helper-fontSize-body-S ft-helper-spacer-t-xxs\">Pogacar con Del Toro, el domingo, en la meta del Tour.  \/ ASO \/ TOMAS MAHEUX<\/p>\n<p class=\"ft-text\"><strong>Pogacar <\/strong>partir\u00e1 sabiendo que el domingo alcanz\u00f3 con 59 d\u00edas la cifra que tiene <strong>Chris Froome<\/strong>, que este a\u00f1o ha regresado al Tour, aunque lo ha hecho como miembro destacado del equipo de relaciones p\u00fablicas de Skoda, la marca automovil\u00edstica que patrocina la prueba. El ya excorredor brit\u00e1nico aprovech\u00f3 la salida de <strong>Barcelona<\/strong> para anunciar oficialmente a los 41 a\u00f1os la retirada profesional, aunque de hecho esta temporada no hab\u00eda encontrado equipo.<\/p>\n<p class=\"ft-text\">Si no hay ning\u00fan contratiempo, el mi\u00e9rcoles, en una etapa de trazado llano que acaba en la ciudad de <strong>Nevers<\/strong>, en la Borgo\u00f1a, superar\u00e1 a <strong>Indur\u00e1in<\/strong> y lo desplazar\u00e1 del podio amarillo del Tour donde figura en una primera posici\u00f3n de dif\u00edcil alcance <strong>Eddy Merckx<\/strong> con 111 veces. En segundo lugar se sit\u00faa <strong>Bernard Hinault<\/strong> que visti\u00f3 de amarillo 79 ocasiones.<\/p>\n<p>Cerca de Hinault<\/p>\n<p class=\"ft-text\">Si <strong>Pogacar<\/strong> gana el Tour y mantiene el amarillo todos los d\u00edas el domingo 26 de julio pasear\u00e1 la prenda por los Campos El\u00edseos por 71 vez. Por lo tanto, el a\u00f1o que viene estar\u00e1 en disposici\u00f3n de igualar y superar a <strong>Hinault<\/strong>. Para arrebatar el oro como amarillo a <strong>Merckx<\/strong> deber\u00eda lucir el jersey pr\u00e1cticamente dos Tours enteros.<\/p>\n<p><img decoding=\"async\" src=\"https:\/\/www.europesays.com\/es\/wp-content\/uploads\/2026\/07\/e1b59279-00cc-48dd-b59a-0e4d31badeb4_alta-libre-aspect-ratio_default_0_x500y222.jpg\" width=\"1200\" height=\"800\" alt=\"Pogacar y los compa\u00f1eros de su equipo, el s\u00e1bado, camino de Bergerac.\" class=\"ft-helper-img-rd\" loading=\"lazy\" fetchpriority=\"auto\"\/><\/p>\n<p class=\"ft-helper-fontColor-quaternary ft-helper-fontSize-body-S ft-helper-spacer-t-xxs\">Pogacar y los compa\u00f1eros de su equipo, el s\u00e1bado, camino de Bergerac.  \/ ASO \/ CHARLY L\u00d3PEZ<\/p>\n<p class=\"ft-text\">Sin embargo, hay que tener en cuenta una consideraci\u00f3n. <strong>Merckx<\/strong>, realmente, estuvo 96 d\u00edas y no 111 con el jersey amarillo, porque en aquella \u00e9poca se disputaban etapas de doble sector en un mismo d\u00eda lo que increment\u00f3 la cifra del \u2018Can\u00edbal\u2019 con la camiseta puesta. Actualmente, los segundos sectores est\u00e1n prohibidos oficialmente.<\/p>\n<p class=\"ft-text\">Esta segunda semana de competici\u00f3n empieza el martes con la principal etapa en el <strong>Macizo Central<\/strong>. Mi\u00e9rcoles y jueves habr\u00e1 dos etapas de trazado llano en la <strong>Borgo\u00f1a<\/strong>, para adentrarse viernes y s\u00e1bado en los Vosgos -el primero de los dos d\u00edas se asciende el famoso <strong>Bal\u00f3n de Alsacia<\/strong>-. El domingo se cierra la segunda parte del Tour con la disputa de una etapa s\u00faper de monta\u00f1a con la ascensi\u00f3n final al <strong>Plateau de Solaison<\/strong>, que se presenta en la prueba despu\u00e9s de superarse este a\u00f1o en el Tour Auvernia-R\u00f3dano-Alpes, la nueva denominaci\u00f3n del Dauphin\u00e9, donde gan\u00f3 el mexicano <strong>Isaac del Toro<\/strong> por delante de <strong>Juan Ayuso<\/strong>. \u00a0<\/p>\n<p data-close=\"closedContent\" class=\"subscribeHideForDisplay\">Suscr\u00edbete para seguir leyendo<\/p>\n","protected":false},"excerpt":{"rendered":"Tadej Pogacar igualar\u00e1 este martes con 60 veces el n\u00famero de d\u00edas vistiendo el jersey amarillo del Tour&hellip;\n","protected":false},"author":2,"featured_media":656597,"comment_status":"","ping_status":"","sticky":false,"template":"","format":"standard","meta":{"footnotes":""},"categories":[273],"tags":[6438,11539,4924,313,312,168,960,25,24,317,4099,2945,7797,2549,549,23,167,463,316,117193],"class_list":["post-656596","post","type-post","status-publish","format-standard","has-post-thumbnail","category-ciclismo","tag-6438","tag-alcanza","tag-amarillo","tag-ciclismo","tag-cycling","tag-deportes","tag-dias","tag-es","tag-espana","tag-francia","tag-indurain","tag-jonas-vingegaard","tag-martes","tag-miguel-indurain","tag-pogacar","tag-spain","tag-sports","tag-tadej-pogacar","tag-tour","tag-tour-de-francia-2026"],"share_on_mastodon":{"url":"https:\/\/pubeurope.com\/@es\/116914537171645862","error":""},"_links":{"self":[{"href":"https:\/\/www.europesays.com\/es\/wp-json\/wp\/v2\/posts\/656596","targetHints":{"allow":["GET"]}}],"collection":[{"href":"https:\/\/www.europesays.com\/es\/wp-json\/wp\/v2\/posts"}],"about":[{"href":"https:\/\/www.europesays.com\/es\/wp-json\/wp\/v2\/types\/post"}],"author":[{"embeddable":true,"href":"https:\/\/www.europesays.com\/es\/wp-json\/wp\/v2\/users\/2"}],"replies":[{"embeddable":true,"href":"https:\/\/www.europesays.com\/es\/wp-json\/wp\/v2\/comments?post=656596"}],"version-history":[{"count":0,"href":"https:\/\/www.europesays.com\/es\/wp-json\/wp\/v2\/posts\/656596\/revisions"}],"wp:featuredmedia":[{"embeddable":true,"href":"https:\/\/www.europesays.com\/es\/wp-json\/wp\/v2\/media\/656597"}],"wp:attachment":[{"href":"https:\/\/www.europesays.com\/es\/wp-json\/wp\/v2\/media?parent=656596"}],"wp:term":[{"taxonomy":"category","embeddable":true,"href":"https:\/\/www.europesays.com\/es\/wp-json\/wp\/v2\/categories?post=656596"},{"taxonomy":"post_tag","embeddable":true,"href":"https:\/\/www.europesays.com\/es\/wp-json\/wp\/v2\/tags?post=656596"}],"curies":[{"name":"wp","href":"https:\/\/api.w.org\/{rel}","templated":true}]}}