{"id":656610,"date":"2026-07-13T20:34:22","date_gmt":"2026-07-13T20:34:22","guid":{"rendered":"https:\/\/www.europesays.com\/es\/656610\/"},"modified":"2026-07-13T20:34:22","modified_gmt":"2026-07-13T20:34:22","slug":"dimite-unai-iparragirre-uno-de-los-principales-directivos-de-mediaset-en-plena-crisis-de-audiencia-de-telecinco","status":"publish","type":"post","link":"https:\/\/www.europesays.com\/es\/656610\/","title":{"rendered":"Dimite Unai Iparragirre, uno de los principales directivos de Mediaset, en plena crisis de audiencia de Telecinco"},"content":{"rendered":"<p class=\"ft-text\">El organigrama de Mediaset se reorganizar\u00e1 de manera forzosa a partir de la pr\u00f3xima temporada tras la salida de Unai Iparragirre, hasta ahora director de antena de la compa\u00f1\u00eda, que ha dejado\u00a0su cargo de manera voluntaria, ocho meses despu\u00e9s de asumirlo.<\/p>\n<p class=\"ft-text\">Procedente de la direcci\u00f3n general de EITB, el directivo aportaba un largo curr\u00edculo en el sector y llegaba al grupo privado para trazar una nueva estrategia de programaci\u00f3n que m permitiera levantar sus bajos datos de audiencia, en ca\u00edda sostenida y ya muy lejos de La 1 y Antena 3.\u00a0\u00a0<\/p>\n<p class=\"ft-text\">No obstante, durante\u00a0este periodo en el que Iparragirre ha sido director de antena de Mediaset, cargo en el que sucedi\u00f3 a Javier L\u00f3pez Cuenllas,\u00a0se ha logrado\u00a0un hito positivo: Cuatro ha remontado y ya supera de manera habitual a laSexta, que desde hace un a\u00f1o atraviesa una situaci\u00f3n de ca\u00edda libre.\u00a0<\/p>\n<p class=\"ft-text\">La noticia de la salida voluntaria de Ibai Iparragirre,\u00a0adelantada por El Confi TV y verificada por YOTELE, se produce en un momento muy convulso para\u00a0Telecinco, en el que los datos de audiencia contin\u00faan bajando mes tras mes. En el \u00faltimo mes, se ha puesto en marcha una bater\u00eda de estrenos en la franja de tarde, con &#8216;De lunes a viernes&#8217; como gran estandarte, para intentar recuperar la esencia de una\u00a0televisi\u00f3n desenfadada y entretenida que durante d\u00e9cadas\u00a0estuvo presente en el ADN de Telecinco.\u00a0<\/p>\n<p class=\"ft-text\">Por el momento, los datos no est\u00e1n siendo positivos.\u00a0Aunque\u00a0el contexto del Mundial de f\u00fatbol distorsiona el consumo, ni &#8216;Amor.. o lo que surja&#8217; con Carlos Lozano (que ya ha ca\u00eddo algunos d\u00edas por debajo del 6%), ni &#8216;El verano se mueve&#8217; con Ion Aramendi (en torno al 7% de share) parecen dar muestras de haber provocado inter\u00e9s en los espectadores. Solo el magac\u00edn del coraz\u00f3n producido por Mandarina parece tener algo de futuro, sin haber obtenido de momento cifras brillantes (alrededor del 8% de media en su primera semana).\u00a0<\/p>\n<p class=\"ft-text\">Se desconocen los motivos que han llevado a Unai Iparragirre\u00a0a abandonar su puesto como Director de antena Mediaset ni si ha tomado esta decisi\u00f3n porque ya tiene un nuevo destino profesional.\u00a0<\/p>\n","protected":false},"excerpt":{"rendered":"El organigrama de Mediaset se reorganizar\u00e1 de manera forzosa a partir de la pr\u00f3xima temporada tras la salida&hellip;\n","protected":false},"author":2,"featured_media":656611,"comment_status":"","ping_status":"","sticky":false,"template":"","format":"standard","meta":{"footnotes":""},"categories":[91],"tags":[4294,4170,954,2334,40315,146,147,25,24,120174,955,5670,23,692,15267],"class_list":["post-656610","post","type-post","status-publish","format-standard","has-post-thumbnail","category-entretenimiento","tag-audiencia","tag-crisis","tag-cuatro","tag-dimite","tag-directivo","tag-entertainment","tag-entretenimiento","tag-es","tag-espana","tag-iparraguirre","tag-mediaset","tag-plena","tag-spain","tag-telecinco","tag-unai"],"share_on_mastodon":{"url":"https:\/\/pubeurope.com\/@es\/116914583613655094","error":""},"_links":{"self":[{"href":"https:\/\/www.europesays.com\/es\/wp-json\/wp\/v2\/posts\/656610","targetHints":{"allow":["GET"]}}],"collection":[{"href":"https:\/\/www.europesays.com\/es\/wp-json\/wp\/v2\/posts"}],"about":[{"href":"https:\/\/www.europesays.com\/es\/wp-json\/wp\/v2\/types\/post"}],"author":[{"embeddable":true,"href":"https:\/\/www.europesays.com\/es\/wp-json\/wp\/v2\/users\/2"}],"replies":[{"embeddable":true,"href":"https:\/\/www.europesays.com\/es\/wp-json\/wp\/v2\/comments?post=656610"}],"version-history":[{"count":0,"href":"https:\/\/www.europesays.com\/es\/wp-json\/wp\/v2\/posts\/656610\/revisions"}],"wp:featuredmedia":[{"embeddable":true,"href":"https:\/\/www.europesays.com\/es\/wp-json\/wp\/v2\/media\/656611"}],"wp:attachment":[{"href":"https:\/\/www.europesays.com\/es\/wp-json\/wp\/v2\/media?parent=656610"}],"wp:term":[{"taxonomy":"category","embeddable":true,"href":"https:\/\/www.europesays.com\/es\/wp-json\/wp\/v2\/categories?post=656610"},{"taxonomy":"post_tag","embeddable":true,"href":"https:\/\/www.europesays.com\/es\/wp-json\/wp\/v2\/tags?post=656610"}],"curies":[{"name":"wp","href":"https:\/\/api.w.org\/{rel}","templated":true}]}}