{"id":65662,"date":"2025-08-22T22:42:09","date_gmt":"2025-08-22T22:42:09","guid":{"rendered":"https:\/\/www.europesays.com\/es\/65662\/"},"modified":"2025-08-22T22:42:09","modified_gmt":"2025-08-22T22:42:09","slug":"primeras-palabras-de-kameron-taylor-como-taronja","status":"publish","type":"post","link":"https:\/\/www.europesays.com\/es\/65662\/","title":{"rendered":"Primeras palabras de Kameron Taylor como taronja"},"content":{"rendered":"<p class=\"ft-text\">El alero Kameron Taylor fue uno de los primeros jugadores en llegar a nuestra ciudad y someterse a la revisi\u00f3n m\u00e9dica que completaba su fichaje para las dos pr\u00f3ximas temporadas. En su paso por el centro m\u00e9dico Quir\u00f3nsalud Mercado de Col\u00f3n nos dej\u00f3 sus primeras valoraciones como jugador taronja.<\/p>\n<p class=\"ft-text\">Llegar a Valencia Basket le dar\u00e1 a Taylor la posibilidad de volver a competir en la Euroliga y por primera vez compaginarla con la Liga Endesa. Una situaci\u00f3n que motiva al nuevo jugador taronja:\u00a0<strong>\u201cEstoy acostumbrado a asumir grandes retos. Ahora llego para trabajar con otro gran entrenador, con Pedro Mart\u00ednez. Creo que tenemos un gran equipo. La organizaci\u00f3n ha hecho un gran trabajo confeccionando la plantilla, as\u00ed que estoy entusiasmado por el desaf\u00edo y por la temporada\u201d<\/strong>.<\/p>\n<p class=\"ft-text\">Kameron comenzar\u00e1 la que ser\u00e1 su cuarta temporada en la acb, recalcando que\u00a0<strong>\u201che jugado para varios entrenadores espa\u00f1oles. Estoy familiarizado con el estilo espa\u00f1ol. He aprendido diferentes ense\u00f1anzas de cada entrenador con el que jugu\u00e9, as\u00ed que creo que estoy bastante preparado para ayudar a este equipo\u201d<\/strong>.<\/p>\n<p class=\"ft-text\">Preguntado por la que espera que sea su contribuci\u00f3n al equipo, el nuevo alero taronja considera que\u00a0<strong>\u201cprincipalmente aportar energ\u00eda. Sumar al equipo a un jugador que pueda hacer un poco de todo. Pero sobre todo, un jugador que est\u00e9 listo para darlo todo por el equipo y ayudarnos a ponernos en el camino de poder luchar por los t\u00edtulos\u201d<\/strong>.<\/p>\n<p class=\"ft-text\">Taylor se mostr\u00f3 convencido de que\u00a0<strong>\u201cme ser\u00e1 f\u00e1cil encajar. No conozco todav\u00eda demasiado a los chicos, pero por lo que me han dicho, s\u00e9 que es un muy buen grupo. Despu\u00e9s de lo que hicieron el a\u00f1o pasado, creo que ser\u00e1 bastante f\u00e1cil construir sobre eso y aprovechar en el futuro lo que lograron la temporada pasada\u201d<\/strong>.<\/p>\n","protected":false},"excerpt":{"rendered":"El alero Kameron Taylor fue uno de los primeros jugadores en llegar a nuestra ciudad y someterse a&hellip;\n","protected":false},"author":2,"featured_media":65663,"comment_status":"","ping_status":"","sticky":false,"template":"","format":"standard","meta":{"footnotes":""},"categories":[269],"tags":[299,298,168,2917,25,24,833,26684,2918,1298,12326,1640,23,167,8134,9274,2916],"class_list":{"0":"post-65662","1":"post","2":"type-post","3":"status-publish","4":"format-standard","5":"has-post-thumbnail","7":"category-baloncesto","8":"tag-baloncesto","9":"tag-basketball","10":"tag-deportes","11":"tag-endesa","12":"tag-es","13":"tag-espana","14":"tag-euroliga","15":"tag-kameron","16":"tag-la-liga","17":"tag-palabras","18":"tag-pedro-martinez","19":"tag-primeras","20":"tag-spain","21":"tag-sports","22":"tag-taronja","23":"tag-taylor","24":"tag-valencia-basket"},"share_on_mastodon":{"url":"","error":""},"_links":{"self":[{"href":"https:\/\/www.europesays.com\/es\/wp-json\/wp\/v2\/posts\/65662","targetHints":{"allow":["GET"]}}],"collection":[{"href":"https:\/\/www.europesays.com\/es\/wp-json\/wp\/v2\/posts"}],"about":[{"href":"https:\/\/www.europesays.com\/es\/wp-json\/wp\/v2\/types\/post"}],"author":[{"embeddable":true,"href":"https:\/\/www.europesays.com\/es\/wp-json\/wp\/v2\/users\/2"}],"replies":[{"embeddable":true,"href":"https:\/\/www.europesays.com\/es\/wp-json\/wp\/v2\/comments?post=65662"}],"version-history":[{"count":0,"href":"https:\/\/www.europesays.com\/es\/wp-json\/wp\/v2\/posts\/65662\/revisions"}],"wp:featuredmedia":[{"embeddable":true,"href":"https:\/\/www.europesays.com\/es\/wp-json\/wp\/v2\/media\/65663"}],"wp:attachment":[{"href":"https:\/\/www.europesays.com\/es\/wp-json\/wp\/v2\/media?parent=65662"}],"wp:term":[{"taxonomy":"category","embeddable":true,"href":"https:\/\/www.europesays.com\/es\/wp-json\/wp\/v2\/categories?post=65662"},{"taxonomy":"post_tag","embeddable":true,"href":"https:\/\/www.europesays.com\/es\/wp-json\/wp\/v2\/tags?post=65662"}],"curies":[{"name":"wp","href":"https:\/\/api.w.org\/{rel}","templated":true}]}}