{"id":656663,"date":"2026-07-13T21:15:27","date_gmt":"2026-07-13T21:15:27","guid":{"rendered":"https:\/\/www.europesays.com\/es\/656663\/"},"modified":"2026-07-13T21:15:27","modified_gmt":"2026-07-13T21:15:27","slug":"el-grand-prix-y-su-palmares-en-rtve-dos-comunidades-lideran-el-ranking-y-seis-regiones-aun-no-conocen-la-victoria","status":"publish","type":"post","link":"https:\/\/www.europesays.com\/es\/656663\/","title":{"rendered":"El &#8216;Grand Prix&#8217; y su palmar\u00e9s en RTVE: dos comunidades lideran el ranking y seis regiones a\u00fan no conocen la victoria"},"content":{"rendered":"<p class=\"article-text\">\n        Diecisiete municipios de toda Espa\u00f1a han conseguido proclamarse campeones de <a href=\"https:\/\/www.eldiario.es\/vertele\/temas\/grand-prix\/\" data-mrf-recirculation=\"links-noticia\" class=\"link\" rel=\"nofollow noopener\" target=\"_blank\">El Grand Prix<\/a> del verano desde que <strong>RTVE <\/strong>estren\u00f3 el formato en 1995. A lo largo de sus distintas etapas en televisi\u00f3n, el concurso ha ido ampliando una relaci\u00f3n de vencedores en la que <strong>Castilla y Le\u00f3n y la Comunidad de Madrid<\/strong> destacan como las comunidades aut\u00f3nomas con mayor n\u00famero de t\u00edtulos, al sumar tres localidades campeonas cada una. Adem\u00e1s, hay varias regiones que a\u00fan no conocen la victoria.\n    <\/p>\n<p>    <a href=\"https:\/\/www.eldiario.es\/vertele\/series\/agata-lola-vuelta-series-atresmedia-sello-hierro-potente-duo-femenino-eva-martin-mireia-oriol-atresplayer_1_13370941.html\" data-mrf-recirculation=\"saber-mas\" data-dl-event=\"saber-mas\" rel=\"nofollow noopener\" target=\"_blank\"><\/p>\n<p class=\"know-more__title\">&#8216;\u00c1gata y Lola&#8217;, la vuelta de las series &#8216;de siempre&#8217; a Atresmedia con el sello de &#8216;Hierro&#8217; y un potente d\u00fao femenino<\/p>\n<p>            <img decoding=\"async\" class=\"lazy\" loading=\"lazy\" data-src=\"https:\/\/static.eldiario.es\/clip\/268aec6b-9903-4303-aa13-54f76274077d_16-9-aspect-ratio_default_0.jpg\" src=\"data:image\/svg+xml,%3Csvg xmlns=\" http:=\"\" viewbox=\"0 0 880 495\" alt=\"'\u00c1gata y Lola', la vuelta de las series 'de siempre' a Atresmedia con el sello de 'Hierro' y un potente d\u00fao femenino\"\/><\/p>\n<p>                        <\/a><\/p>\n<p>    De &#8216;Cuando calienta el sol&#8217; al Grand Prix que todos conocen<\/p>\n<p class=\"article-text\">\n        Aunque hoy resulte dif\u00edcil desligarlo del nombre Grand Prix, el concurso comenz\u00f3 su andadura en 1995 bajo el t\u00edtulo de Cuando calienta el sol, un formato creado por <a href=\"https:\/\/www.eldiario.es\/vertele\/temas\/rtve\/\" data-mrf-recirculation=\"links-noticia\" class=\"link\" rel=\"nofollow noopener\" target=\"_blank\">RTVE<\/a> tras el final de Juegos sin fronteras. <strong>Aquella primera edici\u00f3n ten\u00eda una mec\u00e1nica diferente a la actual<\/strong>: en cada programa compet\u00edan cuatro localidades de menos de 5.000 habitantes y el vencedor de cada entrega avanzaba hacia las semifinales y la gran final. <strong>Fue un a\u00f1o despu\u00e9s, en 1996, cuando el espacio adopt\u00f3 definitivamente el nombre de <\/strong><strong>Grand Prix<\/strong> y pas\u00f3 al sistema de enfrentamientos entre dos pueblos por programa que acabar\u00eda convirti\u00e9ndose en su principal se\u00f1a de identidad.\n    <\/p>\n<p class=\"article-text\">\n        Tras once veranos consecutivos en <a href=\"https:\/\/www.eldiario.es\/vertele\/temas\/la-1\/\" data-mrf-recirculation=\"links-noticia\" class=\"link\" rel=\"nofollow noopener\" target=\"_blank\">La 1<\/a>, el concurso dej\u00f3 de emitirse en TVE en 2005. Posteriormente vivi\u00f3 una segunda etapa en las televisiones auton\u00f3micas integradas en FORTA entre 2007 y 2009 y, despu\u00e9s de catorce a\u00f1os de ausencia, regres\u00f3 a la cadena p\u00fablica en <strong>2023 recuperando a <\/strong><a href=\"https:\/\/www.eldiario.es\/vertele\/temas\/ramon-garcia\/\" data-mrf-recirculation=\"links-noticia\" class=\"link\" rel=\"nofollow noopener\" target=\"_blank\">Ram\u00f3n Garc\u00eda<\/a> como presentador.\n    <\/p>\n<p>    Castilla y Le\u00f3n y Madrid encabezan la clasificaci\u00f3n<\/p>\n<p class=\"article-text\">\n        Si se ordenan los campeones por comunidades aut\u00f3nomas, Castilla y Le\u00f3n y la Comunidad de Madrid aparecen en lo m\u00e1s alto de la clasificaci\u00f3n con <strong>tres pueblos campeones cada una<\/strong>. En el caso castellanoleon\u00e9s, los t\u00edtulos corresponden a <strong>Guijuelo, Carri\u00f3n de los Condes y Renedo de Esgueva<\/strong>, mientras que Madrid figura con<strong> Nuevo Bazt\u00e1n, Gri\u00f1\u00f3n y Los Molinos<\/strong>.\n    <\/p>\n<p class=\"article-text\">\n        Por detr\u00e1s se sit\u00faan <strong>Navarra y Andaluc\u00eda<\/strong>, con dos victorias gracias a <strong>Murchante <\/strong>y <strong>Falces <\/strong>y a <strong>Alfacar <\/strong>y <strong>Olivera<\/strong>. El resto de campeonatos se reparte entre <strong>Asturias, Cantabria, Castilla-La Mancha, Catalu\u00f1a, Comunitat Valenciana, Regi\u00f3n de Murcia<\/strong> y <strong>Canarias<\/strong>, todas ellas con un \u00fanico municipio vencedor.\n    <\/p>\n<p class=\"article-text\">\n        De esta manera, <strong>Arag\u00f3n, Extremadura, Galicia, Islas Baleres, La Rioja, Pa\u00eds Vasco<\/strong>, adem\u00e1s de las ciudades aut\u00f3nomas de <strong>Ceuta <\/strong>y <strong>Melilla <\/strong>-que a\u00fan no han participado de forma independiente-, nunca se han alzado con el triunfo.\n    <\/p>\n<blockquote class=\"twitter-tweet\" data-lang=\"es\"><p><a href=\"https:\/\/twitter.com\/X\/status\/2074186860193034621?ref_src=twsrc%5Etfw\" rel=\"nofollow noopener\" target=\"_blank\"><\/p><\/blockquote>\n<p>    Los 17 pueblos que han ganado &#8216;El Grand Prix&#8217;<\/p>\n<p class=\"article-text\">\n        A lo largo de sus distintas etapas, estos son los municipios que han conseguido proclamarse campeones del concurso:\n    <\/p>\n<ul>\n<li>Cudillero (Asturias, 1995)<\/li>\n<li>Guijuelo (Castilla y Le\u00f3n, 1996)<\/li>\n<li>Murchante (Navarra, 1997)<\/li>\n<li>Tordera (Catalu\u00f1a, 1998)<\/li>\n<li>El Bonillo (Castilla-La Mancha, 1999)<\/li>\n<li>Suances (Cantabria, 2000)<\/li>\n<li>Nuevo Bazt\u00e1n (Madrid, 2001)<\/li>\n<li>Gri\u00f1\u00f3n (Madrid, 2002)<\/li>\n<li>Los Molinos (Madrid, 2003)<\/li>\n<li>Falces (Navarra, 2004)<\/li>\n<li>Carri\u00f3n de los Condes (Castilla y Le\u00f3n, 2005)<\/li>\n<li>Ricote (Murcia, 2007)<\/li>\n<li>Ador (Comunidad Valenciana, 2008)<\/li>\n<li>Renedo de Esgueva (Castilla y Le\u00f3n, 2009)<\/li>\n<li>Alfacar (Andaluc\u00eda, 2023)<\/li>\n<li>Olvera (Andaluc\u00eda, 2024)<\/li>\n<li>San Sebasti\u00e1n de La Gomera (Canarias, 2025)<\/li>\n<\/ul>\n<p>    Un palmar\u00e9s que contin\u00faa ampli\u00e1ndose<\/p>\n<p class=\"article-text\">\n        Desde su estreno en 1995, el concurso ha superado las 200 emisiones y ha contado con la participaci\u00f3n de centenares de localidades espa\u00f1olas, aunque \u00fanicamente 17 han logrado conquistar el t\u00edtulo. La edici\u00f3n de 2026 incorporar\u00e1 un nuevo aspirante a ese palmar\u00e9s, que por el momento sigue liderado por Castilla y Le\u00f3n y la Comunidad de Madrid con tres campeones cada una.\n    <\/p>\n<p>    Las localidades de este 2026<\/p>\n<p class=\"article-text\">\n        La nueva edici\u00f3n de El Grand Prix se emite este 13 de julio, y las localidades que se enfrentar\u00e1n son <strong>Cantalejo (Segovia) y Poliny\u00e0 (Barcelona)<\/strong>, el primer duelo de una competici\u00f3n que recupera la estructura que ha acompa\u00f1ado al programa desde su regreso a RTVE. Las participantes de edici\u00f3n son:\n    <\/p>\n<ul>\n<li><strong>Cantalejo (Segovia)<\/strong><\/li>\n<li><strong>Poliny\u00e0 (Barcelona)<\/strong><\/li>\n<li><strong>Zumarraga (Pa\u00eds Vasco)<\/strong><\/li>\n<li><strong>Balanegra (Andaluc\u00eda)<\/strong><\/li>\n<li><strong>San Juan de la Rambla (Canarias)<\/strong><\/li>\n<li><strong>Quintanar del Rey (Castilla-La Mancha)<\/strong><\/li>\n<li><strong>Altura (Comunidad Valenciana)<\/strong><\/li>\n<li><strong>Pradej\u00f3n (La Rioja)<\/strong><\/li>\n<li><strong>Serranillos del Valle (Comunidad de Madrid)<\/strong><\/li>\n<li><strong>Pravia (Asturias)<\/strong><\/li>\n<li><strong>Blanca (Regi\u00f3n de Murcia)<\/strong><\/li>\n<li><strong>Muros (Galicia)<\/strong><\/li>\n<\/ul>\n<p class=\"article-text\">\n        El regreso del concurso vendr\u00e1 acompa\u00f1ado de varias novedades en su mec\u00e1nica y en su equipo de presentadores. <strong>Gorka Rodr\u00edguez <\/strong>debutar\u00e1 como nuevo copresentador junto a Ram\u00f3n Garc\u00eda y <a href=\"https:\/\/www.eldiario.es\/vertele\/temas\/lalachus\/\" data-mrf-recirculation=\"links-noticia\" class=\"link\" rel=\"nofollow noopener\" target=\"_blank\">Lalachus<\/a>, en una edici\u00f3n en la que tambi\u00e9n repetir\u00e1n Wilbur y la popular Vaquilla.\n    <\/p>\n<p>    <a href=\"https:\/\/www.eldiario.es\/vertele\/noticias\/marta-gomez-montero-abandona-llorando-plato-malas-lenguas-noche-sentirse-humillada-cintora-prefiero-comer-mierda_1_13374579.html\" data-mrf-recirculation=\"saber-mas-abajo\" data-dl-event=\"saber-mas-abajo\" rel=\"nofollow noopener\" target=\"_blank\"><\/p>\n<p class=\"know-more__title\">Marta G\u00f3mez Montero abandona llorando el plat\u00f3 de &#8216;Malas Lenguas Noche&#8217; tras sentirse \u201chumillada\u201d: \u201cCintora, prefiero comer mierda\u201d\n<\/p>\n<p>            <img decoding=\"async\" class=\"lazy\" loading=\"lazy\" data-src=\"https:\/\/static.eldiario.es\/clip\/18fa6688-bff9-47d8-9350-2fca0e08cea5_16-9-aspect-ratio_default_0.jpg\" src=\"data:image\/svg+xml,%3Csvg xmlns=\" http:=\"\" viewbox=\"0 0 880 495\" alt=\"Marta G\u00f3mez Montero abandona llorando el plat\u00f3 de 'Malas Lenguas Noche' tras sentirse &quot;humillada&quot;: &quot;Cintora, prefiero comer mierda&quot;\"\/><\/p>\n<p>                        <\/a><\/p>\n<p class=\"article-text\">\n        Adem\u00e1s, la competici\u00f3n incorporar\u00e1 una nueva din\u00e1mica previa a los duelos entre localidades. Bajo el nombre de <strong>Grand Prix comienza<\/strong>, capitanes y padrinos se enfrentar\u00e1n antes de cada programa para decidir qui\u00e9n obtiene la <strong>Carta de Oro<\/strong>, una ventaja que podr\u00e1 marcar el desarrollo de las pruebas posteriores.\n    <\/p>\n<p>                                        <script async src=\"https:\/\/platform.twitter.com\/widgets.js\" charset=\"utf-8\"><\/script><\/p>\n","protected":false},"excerpt":{"rendered":"Diecisiete municipios de toda Espa\u00f1a han conseguido proclamarse campeones de El Grand Prix del verano desde que RTVE&hellip;\n","protected":false},"author":2,"featured_media":610540,"comment_status":"","ping_status":"","sticky":false,"template":"","format":"standard","meta":{"footnotes":""},"categories":[171],"tags":[10178,4107,59394,120180,146,147,25,24,6611,7398,1903,4108,205,41737,7403,8419,32772,518,23,214,1261,118621],"class_list":["post-656663","post","type-post","status-publish","format-standard","has-post-thumbnail","category-tv","tag-10178","tag-castilla","tag-dominan","tag-dos-comunidades","tag-entertainment","tag-entretenimiento","tag-es","tag-espana","tag-ganadores","tag-grand","tag-historico","tag-leon","tag-madrid","tag-palmares","tag-prix","tag-pueblos","tag-regiones","tag-rtve","tag-spain","tag-tv","tag-victoria","tag-vt"],"share_on_mastodon":{"url":"https:\/\/pubeurope.com\/@es\/116914744730389338","error":""},"_links":{"self":[{"href":"https:\/\/www.europesays.com\/es\/wp-json\/wp\/v2\/posts\/656663","targetHints":{"allow":["GET"]}}],"collection":[{"href":"https:\/\/www.europesays.com\/es\/wp-json\/wp\/v2\/posts"}],"about":[{"href":"https:\/\/www.europesays.com\/es\/wp-json\/wp\/v2\/types\/post"}],"author":[{"embeddable":true,"href":"https:\/\/www.europesays.com\/es\/wp-json\/wp\/v2\/users\/2"}],"replies":[{"embeddable":true,"href":"https:\/\/www.europesays.com\/es\/wp-json\/wp\/v2\/comments?post=656663"}],"version-history":[{"count":0,"href":"https:\/\/www.europesays.com\/es\/wp-json\/wp\/v2\/posts\/656663\/revisions"}],"wp:featuredmedia":[{"embeddable":true,"href":"https:\/\/www.europesays.com\/es\/wp-json\/wp\/v2\/media\/610540"}],"wp:attachment":[{"href":"https:\/\/www.europesays.com\/es\/wp-json\/wp\/v2\/media?parent=656663"}],"wp:term":[{"taxonomy":"category","embeddable":true,"href":"https:\/\/www.europesays.com\/es\/wp-json\/wp\/v2\/categories?post=656663"},{"taxonomy":"post_tag","embeddable":true,"href":"https:\/\/www.europesays.com\/es\/wp-json\/wp\/v2\/tags?post=656663"}],"curies":[{"name":"wp","href":"https:\/\/api.w.org\/{rel}","templated":true}]}}