{"id":656690,"date":"2026-07-13T21:35:16","date_gmt":"2026-07-13T21:35:16","guid":{"rendered":"https:\/\/www.europesays.com\/es\/656690\/"},"modified":"2026-07-13T21:35:16","modified_gmt":"2026-07-13T21:35:16","slug":"cari-lapique-muestra-las-imagenes-de-sus-vacaciones-familiares-en-alicante-y-presume-de-sus-nietos","status":"publish","type":"post","link":"https:\/\/www.europesays.com\/es\/656690\/","title":{"rendered":"Cari Lapique muestra las im\u00e1genes de sus vacaciones familiares en Alicante y presume de sus nietos"},"content":{"rendered":"<p id=\"e7rdMrWx_q\" data-wc=\"77\">Cari Lapique est\u00e1 disfrutando del verano de la mejor forma posible: en familia. Este fin de semana, la empresaria ha abierto el \u00e1lbum de fotos y v\u00eddeos de sus<strong>\u00a0vacaciones en Alicante junto a su hija, Carla Goyanes, su yerno, Jorge Bengur\u00eda, y sus nietos,<\/strong> los tres hijos del matrimonio: Carlos, quien sopl\u00f3 14 velas hace apenas unos d\u00edas, Santi, el mediano, de once a\u00f1os, y el benjam\u00edn de la familia, Beltr\u00e1n, que cumpli\u00f3 7 en mayo.\u00a0<\/p>\n<p> <img src=\"https:\/\/www.europesays.com\/es\/wp-content\/uploads\/2026\/07\/3394d6b3ece2-cari2.jpg\"   width=\"1024\" height=\"605\" loading=\"lazy\" decoding=\"async\" alt=\"La familia ha disfrutado de unas divertidas vacaciones en Alicante y Altea\" fetchpriority=\"auto\" class=\"image ho-image\"\/>\u00a9 cariilapiqueLa familia ha disfrutado de unas divertidas vacaciones en Alicante y Altea<br \/>\nPiscina, f\u00fatbol y restaurantes<\/p>\n<p id=\"eguDKiZxjo\" data-wc=\"81\">Cari ha escrito un mensaje que demuestra lo bien que lo est\u00e1 pasando con ellos: \u00abEn Alicante\/Altea disfrutando de los Bengur\u00eda, de su torneo, del hotel Asia Gardens y de la gastronom\u00eda local\u00bb, ha comentado. Las fotos y v\u00eddeos revelan los planes que est\u00e1n haciendo los seis juntos, probando riqu\u00edsimos platos en restaurantes, relaj\u00e1ndose en chiringuitos de playa, nadando en la piscina o presenciando el partido que disput\u00f3 el mayor de los nietos. \u00abCarlos y su equipo ganaron\u00bb, ha revelado Cari.\u00a0<\/p>\n<p> <img src=\"https:\/\/www.europesays.com\/es\/wp-content\/uploads\/2026\/07\/029dfff5b58a-bebe.jpg\"   width=\"768\" height=\"1024\" loading=\"lazy\" decoding=\"async\" alt=\"Cari Lapique con Carlos cuando era un beb\u00e9\" fetchpriority=\"auto\" class=\"image ho-image\"\/>\u00a9 cariilapiqueCari Lapique con Carlos cuando era un beb\u00e9<br \/>\nUna abuela orgullosa que presume de nietos siempre que puede<\/p>\n<p id=\"e6sqU_VmxN\" data-wc=\"133\">Recientemente Carlos, el hijo mayor de Carla Goyanes y Jorge Bengur\u00eda, sopl\u00f3 las velas de su 14 cumplea\u00f1os. Con motivo de esta fecha se\u00f1alada, la empresaria mostr\u00f3 unas cuantas fotos in\u00e9ditas de su nieto, dedic\u00e1ndole, adem\u00e1s, un emocionante mensaje: \u00ab\u00a1Felicidades Carlitos! Mi nieto gringo\u2026 \u00a1C\u00f3mo pasa el tiempo! Te quiero y estoy muy orgullosa de ti. Un besazo\u00bb, escribi\u00f3. Tambi\u00e9n <a class=\"hm-link ho-link\" href=\"https:\/\/www.hola.com\/actualidad\/20260709911861\/carla-goyanes-video-cumpleanos-14-carlos\/\" data-mrf-recirculation=\"article-body-link\" rel=\"nofollow noopener\" target=\"_blank\">Carla Goyanes le dedic\u00f3 unas preciosas palabras de felcitaci\u00f3n<\/a>, demostrando lo orgullosa que est\u00e1 de \u00e9l: \u00abMe hace muy feliz verte crecer y, sobre todo, ver la persona en la que te est\u00e1s convirtiendo. Ilusi\u00f3n por cumplir tus sue\u00f1os, responsable con los estudios y con las cosas de casa, cari\u00f1oso, educado y con esa facilidad que tienes para hablar con cualquiera, tenga la edad que tenga, con una naturalidad que siempre me sorprende\u00bb.<\/p>\n<p>Te recomendamosSeguir leyendo<\/p>\n","protected":false},"excerpt":{"rendered":"Cari Lapique est\u00e1 disfrutando del verano de la mejor forma posible: en familia. Este fin de semana, la&hellip;\n","protected":false},"author":2,"featured_media":656691,"comment_status":"","ping_status":"","sticky":false,"template":"","format":"standard","meta":{"footnotes":""},"categories":[174],"tags":[517,5277,255,146,147,25,24,256,23],"class_list":["post-656690","post","type-post","status-publish","format-standard","has-post-thumbnail","category-famosos","tag-actualidad","tag-cari-lapique","tag-celebrities","tag-entertainment","tag-entretenimiento","tag-es","tag-espana","tag-famosos","tag-spain"],"share_on_mastodon":{"url":"https:\/\/pubeurope.com\/@es\/116914824053036491","error":""},"_links":{"self":[{"href":"https:\/\/www.europesays.com\/es\/wp-json\/wp\/v2\/posts\/656690","targetHints":{"allow":["GET"]}}],"collection":[{"href":"https:\/\/www.europesays.com\/es\/wp-json\/wp\/v2\/posts"}],"about":[{"href":"https:\/\/www.europesays.com\/es\/wp-json\/wp\/v2\/types\/post"}],"author":[{"embeddable":true,"href":"https:\/\/www.europesays.com\/es\/wp-json\/wp\/v2\/users\/2"}],"replies":[{"embeddable":true,"href":"https:\/\/www.europesays.com\/es\/wp-json\/wp\/v2\/comments?post=656690"}],"version-history":[{"count":0,"href":"https:\/\/www.europesays.com\/es\/wp-json\/wp\/v2\/posts\/656690\/revisions"}],"wp:featuredmedia":[{"embeddable":true,"href":"https:\/\/www.europesays.com\/es\/wp-json\/wp\/v2\/media\/656691"}],"wp:attachment":[{"href":"https:\/\/www.europesays.com\/es\/wp-json\/wp\/v2\/media?parent=656690"}],"wp:term":[{"taxonomy":"category","embeddable":true,"href":"https:\/\/www.europesays.com\/es\/wp-json\/wp\/v2\/categories?post=656690"},{"taxonomy":"post_tag","embeddable":true,"href":"https:\/\/www.europesays.com\/es\/wp-json\/wp\/v2\/tags?post=656690"}],"curies":[{"name":"wp","href":"https:\/\/api.w.org\/{rel}","templated":true}]}}