{"id":656750,"date":"2026-07-13T22:27:24","date_gmt":"2026-07-13T22:27:24","guid":{"rendered":"https:\/\/www.europesays.com\/es\/656750\/"},"modified":"2026-07-13T22:27:24","modified_gmt":"2026-07-13T22:27:24","slug":"marc-marquez-va-a-por-el-titulo-que-viene-el-coco","status":"publish","type":"post","link":"https:\/\/www.europesays.com\/es\/656750\/","title":{"rendered":"Marc M\u00e1rquez va a por el t\u00edtulo: \u00a1 Que viene el Coco !"},"content":{"rendered":"<p class=\"ft-text\">Por si alguien lo dudaba, <strong>Marc M\u00e1rquez, el &#8216;coco&#8217; de MotoGP, ya est\u00e1 aqu\u00ed.<\/strong> Tercero en el Mundial a 18 puntos del l\u00edder, <strong>Jorge Martin, el nueve veces campe\u00f3n del mundo ha protagonizado una<\/strong> <strong>remontada impresionante,<\/strong> teniendo en cuenta que a finales de mayo, tras el Gran Premio de Italia, lleg\u00f3 a estar a 102 puntos. <strong>\u201cEsto no ha acabado\u201d<\/strong>, avisa.<\/p>\n<p class=\"ft-text\">En invierno, Marc vivi\u00f3 otro de sus particulares calvarios con las lesiones. Tras coronarse en Jap\u00f3n 2025, una ca\u00edda en Indonesia, al ser embestido por <strong>Marco Bezzecchi<\/strong>, le oblig\u00f3 a poner fin anticipadamente a la temporada.<strong> En pista, el trabajo ya estaba hecho, pero lo que vino despu\u00e9s fue dram\u00e1tico.<\/strong> La fractura en el hombro derecho no mejor\u00f3 con el tratamiento conservador y necesit\u00f3 pasar por quir\u00f3fano. <strong>Desde la pretemporada empez\u00f3 a notar que algo segu\u00eda mal.<\/strong><\/p>\n<p class=\"ft-text\">\u201c<strong>No te haces a la idea de lo estresante que fue la primera parte de la temporada<\/strong><strong>. Me ca\u00eda sin avisos\u201d<\/strong>, recordaba <a class=\"ft-link ft-link--decoration\" href=\"https:\/\/www.sport.es\/es\/noticias\/motor\/moto-gp\/marquez-vacaciones-demostrando-rey-motogp-132381691\" rel=\"nofollow noopener\" target=\"_blank\">el domingo tras su aplastante victoria en su \u2018jard\u00edn\u2019 de Sachsenring.<\/a> Las primeras carreras sembraron las dudas. \u201cNo puedo pilotar como quiero\u201d, reconoc\u00eda Marc.<\/p>\n<p class=\"ft-text\"><strong>En Le Mans sali\u00f3 despedido de su Ducati y al aterrizar violentamente en asfalto se rompi\u00f3 el quinto metarsiano del pie derecho<\/strong>. Sorprendi\u00f3 entonces al informar que aprovechar\u00eda esa nueva operaci\u00f3n para <strong>retirar un tornillo de su maltrecho hombro. \u201cYa estaba programado\u201d,<\/strong> anunci\u00f3. Y es que pocos d\u00edas antes los doctores Samuel Antu\u00f1a e Ignacio Roger de O\u00f1a, sus m\u00e9dicos de confianza, hab\u00edan averiguado a qu\u00e9 se deb\u00edan sus problemas. En el accidente de Indonesia se desplaz\u00f3 un tornillo de una cirug\u00eda previa de 2019 y comprim\u00eda el nervio radial.<\/p>\n<p><img decoding=\"async\" src=\"https:\/\/www.europesays.com\/es\/wp-content\/uploads\/2026\/07\/ad80fb52-e975-4c3e-8ee3-ac094065d052_alta-libre-aspect-ratio_default_0_x600y225.jpg\" width=\"1200\" height=\"675\" alt=\"Marc M\u00e1rquez, lanzado a por su d\u00e9cima corona\" class=\"ft-helper-img-rd\" loading=\"lazy\" fetchpriority=\"auto\"\/><\/p>\n<p class=\"ft-helper-fontColor-quaternary ft-helper-fontSize-body-S ft-helper-spacer-t-xxs\">Marc M\u00e1rquez, lanzado a por su d\u00e9cima corona  \/ Ducati Corse<\/p>\n<p>La mayor remontada de la historia<\/p>\n<p class=\"ft-text\"><strong>Reapareci\u00f3 en Mugello <\/strong>tras aquella doble operaci\u00f3n y termin\u00f3 s\u00e9ptimo <strong>a m\u00e1s de 10 segundos del ganador Bezzecchi,<\/strong> que se dispar\u00f3 al frente del campeonato con <strong>173 puntos, por los 71 de Marc<\/strong> en la general. En los cuatro siguientes grandes premios, <a class=\"ft-link ft-link--decoration\" href=\"https:\/\/www.sport.es\/es\/noticias\/motor\/moto-gp\/marco-bezzecchi-trasladado-hospital-nuevas-132356856\" rel=\"nofollow noopener\" target=\"_blank\">coincidiendo con el c\u00famulo de desgracias del italiano <\/a>y <strong>el &#8216;sorpasso&#8217; de su compa\u00f1ero Jorge Mart\u00edn, nuevo l\u00edder, M\u00e1rquez ha sumado 119 puntos<\/strong> de 148 posibles para meterse de lleno en la pelea por el t\u00edtulo, cuando quedan<strong> once pruebas por delante y 407 puntos en juego.<\/strong><\/p>\n<p class=\"ft-text\">\u201cEstamos en pleno juego, en la lucha total por el t\u00edtulo, pero la remontada a\u00fan no se ha acabado.\u00a0Voy 18 por detr\u00e1s. <strong>Tenemos que seguir trabajando con la misma intensidad porque quedan 11 carreras<\/strong> y ya se ha visto la cantidad de cosas, de sorpresas, que han pasado estas 11 primeras\u201d, avisa Marc. <\/p>\n<p class=\"ft-text\">Por eso, el par\u00f3n estival se antoja crucial: \u201cN<strong>o estar\u00e9 descansando porque en este brazo derecho, aunque gane y parezca que est\u00e9 bien, todav\u00eda hay puntos muy d\u00e9biles y debo mejorar. <\/strong>Si doy un paso adelante durante el verano y despierto m\u00fasculos que est\u00e1n dormidos, podr\u00e9 luchar por el Mundial\u201d, considera. \u201c\u00bfMis vacaciones? Amor, felicidad y descanso mental&#8230; Ah, y seguir trabajando f\u00edsicamente, porque hasta ahora no puedo entrenar a tope todos los d\u00edas; intentar\u00e9 volver a mi nivel\u201d.<\/p>\n<p class=\"ft-text\"><strong>El segundo tramo de la temporada 2026 de MotoGP, que bajar\u00e1 el tel\u00f3n en el Circuit Ricardo Tormo de Cheste (Valencia) el 22 de noviembre promete ser \u00e9pico<\/strong>. Si M\u00e1rquez se sale con la suya, como parece, puede culminar una \u2018cabalgada\u2019 \u00e9pica, l<strong>a mayor remontada en la historia del campeonato<\/strong>. <\/p>\n<p class=\"ft-text\">Hasta la fecha ese honor lo ostenta su todav\u00eda compa\u00f1ero<strong> Pecco Bagnaia, que en 2022, le arrebat\u00f3 el t\u00edtulo a Fabio Quartararo tras superar una desventaja de 91 puntos.<\/strong> Cabe destacar que aquel fue el \u00faltimo curso sin carreras al sprint, por lo que entonces se repart\u00edan solo 25 puntos cada fin de semana en vez de los 37 que se reparten actualmente.<\/p>\n<p class=\"ft-text\">El prop\u00f3sito de <strong>Marc M\u00e1rquez tendr\u00eda doble recompensa, <\/strong>ya que estad\u00edsticas al margen, le dar\u00eda <strong>su d\u00e9cima corona<\/strong>, rompiendo el empate a nueve con su eterno rival <strong>Valentino Rossi<\/strong>. A estas alturas es prematuro hablar de ello y como dice \u00e9l, en once grandes premios todo es posible. Pero el &#8216;Coco&#8217; del Mundial nos tiene acostumbrados a las grandes gestas.<\/p>\n","protected":false},"excerpt":{"rendered":"Por si alguien lo dudaba, Marc M\u00e1rquez, el &#8216;coco&#8217; de MotoGP, ya est\u00e1 aqu\u00ed. Tercero en el Mundial&hellip;\n","protected":false},"author":2,"featured_media":656751,"comment_status":"","ping_status":"","sticky":false,"template":"","format":"standard","meta":{"footnotes":""},"categories":[93],"tags":[24434,168,25,24,6489,14482,12143,1070,333,23,167,16591],"class_list":["post-656750","post","type-post","status-publish","format-standard","has-post-thumbnail","category-deportes","tag-coco","tag-deportes","tag-es","tag-espana","tag-marc","tag-marquez","tag-motogp","tag-mundial","tag-remontada","tag-spain","tag-sports","tag-viene"],"share_on_mastodon":{"url":"https:\/\/pubeurope.com\/@es\/116915028649549660","error":""},"_links":{"self":[{"href":"https:\/\/www.europesays.com\/es\/wp-json\/wp\/v2\/posts\/656750","targetHints":{"allow":["GET"]}}],"collection":[{"href":"https:\/\/www.europesays.com\/es\/wp-json\/wp\/v2\/posts"}],"about":[{"href":"https:\/\/www.europesays.com\/es\/wp-json\/wp\/v2\/types\/post"}],"author":[{"embeddable":true,"href":"https:\/\/www.europesays.com\/es\/wp-json\/wp\/v2\/users\/2"}],"replies":[{"embeddable":true,"href":"https:\/\/www.europesays.com\/es\/wp-json\/wp\/v2\/comments?post=656750"}],"version-history":[{"count":0,"href":"https:\/\/www.europesays.com\/es\/wp-json\/wp\/v2\/posts\/656750\/revisions"}],"wp:featuredmedia":[{"embeddable":true,"href":"https:\/\/www.europesays.com\/es\/wp-json\/wp\/v2\/media\/656751"}],"wp:attachment":[{"href":"https:\/\/www.europesays.com\/es\/wp-json\/wp\/v2\/media?parent=656750"}],"wp:term":[{"taxonomy":"category","embeddable":true,"href":"https:\/\/www.europesays.com\/es\/wp-json\/wp\/v2\/categories?post=656750"},{"taxonomy":"post_tag","embeddable":true,"href":"https:\/\/www.europesays.com\/es\/wp-json\/wp\/v2\/tags?post=656750"}],"curies":[{"name":"wp","href":"https:\/\/api.w.org\/{rel}","templated":true}]}}