{"id":656901,"date":"2026-07-14T00:29:25","date_gmt":"2026-07-14T00:29:25","guid":{"rendered":"https:\/\/www.europesays.com\/es\/656901\/"},"modified":"2026-07-14T00:29:25","modified_gmt":"2026-07-14T00:29:25","slug":"alertan-de-la-presencia-de-un-caiman-pequeno-en-el-rio-vinalopo-alicante-esto-es-lo-que-no-debes-hacer-si-te-lo-encuentras","status":"publish","type":"post","link":"https:\/\/www.europesays.com\/es\/656901\/","title":{"rendered":"Alertan de la presencia de \u00abun caim\u00e1n peque\u00f1o\u00bb en el r\u00edo Vinalop\u00f3 (Alicante): esto es lo que no debes hacer si te lo encuentras"},"content":{"rendered":"<p class=\"c-paragraph\">La <b>Polic\u00eda Local de Sax<\/b> ha comunicado la posible presencia de \u00ab<b>un caim\u00e1n de peque\u00f1o tama\u00f1o\u00bb<\/b> en la ladera del <b>r\u00edo Vinalop\u00f3<\/b> y ha puesto en marcha el <b>protocolo de b\u00fasqueda y captura<\/b> para que los servicios especializados verifiquen el aviso y act\u00faen en la zona.<\/p>\n<p class=\"c-paragraph\">A trav\u00e9s de redes sociales, el cuerpo municipal ha afirmado que, si se observa al animal, hay que <b>mantener la calma<\/b> y no intentar acercarse, ni capturarlo ni ahuyentarlo. Tambi\u00e9n pide que haya distancia de seguridad, contactar de inmediato con <b>la Polic\u00eda Local de Sax o con el 112<\/b>, indicando la ubicaci\u00f3n exacta y, si es posible, sin perder de vista al animal desde una posici\u00f3n segura.<\/p>\n<p class=\"c-paragraph\">Igualmente, como medida de precauci\u00f3n, ha recomendado <b>evitar<\/b>, \u00aben la medida de lo posible\u00bb, <b>pasear con animales de compa\u00f1\u00eda<\/b> por la ladera del r\u00edo \u00abhasta que finalicen las labores de b\u00fasqueda y se confirme la retirada del ejemplar\u00bb, algo de lo que, de momento, no hay constancia.<\/p>\n<p class=\"c-paragraph\">\u00abLa colaboraci\u00f3n ciudadana es fundamental para garantizar la seguridad de todos y facilitar una r\u00e1pida intervenci\u00f3n\u00bb, ha concluido la Polic\u00eda Local de Sax respecto a este caso.<\/p>\n","protected":false},"excerpt":{"rendered":"La Polic\u00eda Local de Sax ha comunicado la posible presencia de \u00abun caim\u00e1n de peque\u00f1o tama\u00f1o\u00bb en la&hellip;\n","protected":false},"author":2,"featured_media":656902,"comment_status":"","ping_status":"","sticky":false,"template":"","format":"standard","meta":{"footnotes":""},"categories":[5],"tags":[14985,17,18,25,24,13,14,11,19,20,9,10,15,16,2050,2682,23,257,12,21,22,16743],"class_list":["post-656901","post","type-post","status-publish","format-standard","has-post-thumbnail","category-titulares","tag-alertan","tag-breaking-news","tag-breakingnews","tag-es","tag-espana","tag-featured-news","tag-featurednews","tag-headlines","tag-latest-news","tag-latestnews","tag-news","tag-noticias","tag-noticias-destacadas","tag-noticiasdestacadas","tag-pequeno","tag-presencia","tag-spain","tag-sucesos","tag-titulares","tag-ultimas-noticias","tag-ultimasnoticias","tag-un"],"share_on_mastodon":{"url":"https:\/\/pubeurope.com\/@es\/116915507187791373","error":""},"_links":{"self":[{"href":"https:\/\/www.europesays.com\/es\/wp-json\/wp\/v2\/posts\/656901","targetHints":{"allow":["GET"]}}],"collection":[{"href":"https:\/\/www.europesays.com\/es\/wp-json\/wp\/v2\/posts"}],"about":[{"href":"https:\/\/www.europesays.com\/es\/wp-json\/wp\/v2\/types\/post"}],"author":[{"embeddable":true,"href":"https:\/\/www.europesays.com\/es\/wp-json\/wp\/v2\/users\/2"}],"replies":[{"embeddable":true,"href":"https:\/\/www.europesays.com\/es\/wp-json\/wp\/v2\/comments?post=656901"}],"version-history":[{"count":0,"href":"https:\/\/www.europesays.com\/es\/wp-json\/wp\/v2\/posts\/656901\/revisions"}],"wp:featuredmedia":[{"embeddable":true,"href":"https:\/\/www.europesays.com\/es\/wp-json\/wp\/v2\/media\/656902"}],"wp:attachment":[{"href":"https:\/\/www.europesays.com\/es\/wp-json\/wp\/v2\/media?parent=656901"}],"wp:term":[{"taxonomy":"category","embeddable":true,"href":"https:\/\/www.europesays.com\/es\/wp-json\/wp\/v2\/categories?post=656901"},{"taxonomy":"post_tag","embeddable":true,"href":"https:\/\/www.europesays.com\/es\/wp-json\/wp\/v2\/tags?post=656901"}],"curies":[{"name":"wp","href":"https:\/\/api.w.org\/{rel}","templated":true}]}}