{"id":656919,"date":"2026-07-14T00:46:30","date_gmt":"2026-07-14T00:46:30","guid":{"rendered":"https:\/\/www.europesays.com\/es\/656919\/"},"modified":"2026-07-14T00:46:30","modified_gmt":"2026-07-14T00:46:30","slug":"expertos-analizan-la-relacion-entre-salud-mental-y-enfermedades-de-la-piel","status":"publish","type":"post","link":"https:\/\/www.europesays.com\/es\/656919\/","title":{"rendered":"Expertos analizan la relaci\u00f3n entre salud mental y enfermedades de la piel"},"content":{"rendered":"<p><img decoding=\"async\" class=\"v-ath__i\" loading=\"lazy\" src=\"https:\/\/www.europesays.com\/es\/wp-content\/uploads\/2026\/07\/autor-5497-foto-3.jpeg\" alt=\"Agencia Europa Press\"\/><\/p>\n<p>13\/07\/2026 a las 13:15h.<\/p>\n<p class=\"v-d-p\" style=\"\">Coincidiendo con la celebraci\u00f3n del D\u00eda Mundial de la Salud de la Piel, LEO Pharma y la Asociaci\u00f3n Nacional de Informadores de la Salud han  &#8230; celebrado el IV Ciclo de Jornadas sobre Novedades en Dermatolog\u00eda. Un encuentro multidisciplinar donde dermat\u00f3logos, profesionales de la salud mental y asociaciones de pacientes han abordado la estrecha relaci\u00f3n entre las enfermedades de la piel y la salud mental. La cronicidad, la visibilidad de las lesiones y la gravedad de ciertas patolog\u00edas, como el eccema cr\u00f3nico de manos o la dermatitis at\u00f3pica, pueden generar un importante desgaste psicol\u00f3gico y una carga psicosocial importante. Desde la perspectiva cl\u00ednica, se ha destacado la necesidad de ser cercano con el paciente y tratar de romper estigmas. El impacto en la calidad de vida y el rol que juegan las asociaciones de pacientes tambi\u00e9n han tenido un papel central en la jornada. La carga emocional es especialmente destacable en la poblaci\u00f3n joven, en la que la madurez emocional a\u00fan est\u00e1 en desarrollo. Entender la dermatolog\u00eda desde una perspectiva integral e ir m\u00e1s all\u00e1 del control de los s\u00edntomas f\u00edsicos, es primordial para garantizar el bienestar de los pacientes, seg\u00fan los expertos.<\/p>\n","protected":false},"excerpt":{"rendered":"13\/07\/2026 a las 13:15h. Coincidiendo con la celebraci\u00f3n del D\u00eda Mundial de la Salud de la Piel, LEO&hellip;\n","protected":false},"author":2,"featured_media":656920,"comment_status":"","ping_status":"","sticky":false,"template":"","format":"standard","meta":{"footnotes":""},"categories":[92],"tags":[61462,1293,160,25,24,1621,165,4214,10003,120215,166,23],"class_list":["post-656919","post","type-post","status-publish","format-standard","has-post-thumbnail","category-salud","tag-analizan","tag-enfermedades","tag-entre","tag-es","tag-espana","tag-expertos","tag-health","tag-mental","tag-piel","tag-relacin","tag-salud","tag-spain"],"share_on_mastodon":{"url":"https:\/\/pubeurope.com\/@es\/116915575227947776","error":""},"_links":{"self":[{"href":"https:\/\/www.europesays.com\/es\/wp-json\/wp\/v2\/posts\/656919","targetHints":{"allow":["GET"]}}],"collection":[{"href":"https:\/\/www.europesays.com\/es\/wp-json\/wp\/v2\/posts"}],"about":[{"href":"https:\/\/www.europesays.com\/es\/wp-json\/wp\/v2\/types\/post"}],"author":[{"embeddable":true,"href":"https:\/\/www.europesays.com\/es\/wp-json\/wp\/v2\/users\/2"}],"replies":[{"embeddable":true,"href":"https:\/\/www.europesays.com\/es\/wp-json\/wp\/v2\/comments?post=656919"}],"version-history":[{"count":0,"href":"https:\/\/www.europesays.com\/es\/wp-json\/wp\/v2\/posts\/656919\/revisions"}],"wp:featuredmedia":[{"embeddable":true,"href":"https:\/\/www.europesays.com\/es\/wp-json\/wp\/v2\/media\/656920"}],"wp:attachment":[{"href":"https:\/\/www.europesays.com\/es\/wp-json\/wp\/v2\/media?parent=656919"}],"wp:term":[{"taxonomy":"category","embeddable":true,"href":"https:\/\/www.europesays.com\/es\/wp-json\/wp\/v2\/categories?post=656919"},{"taxonomy":"post_tag","embeddable":true,"href":"https:\/\/www.europesays.com\/es\/wp-json\/wp\/v2\/tags?post=656919"}],"curies":[{"name":"wp","href":"https:\/\/api.w.org\/{rel}","templated":true}]}}