{"id":657043,"date":"2026-07-14T02:43:13","date_gmt":"2026-07-14T02:43:13","guid":{"rendered":"https:\/\/www.europesays.com\/es\/657043\/"},"modified":"2026-07-14T02:43:13","modified_gmt":"2026-07-14T02:43:13","slug":"trabajadores-de-centro-de-tratamiento-del-ebola-en-congo-se-declaran-en-huelga-por-deuda-salarial-2","status":"publish","type":"post","link":"https:\/\/www.europesays.com\/es\/657043\/","title":{"rendered":"Trabajadores de centro de tratamiento del \u00e9bola en Congo se declaran en huelga por deuda salarial"},"content":{"rendered":"\n<p>RWAMPARA, Rep\u00fablica Democr\u00e1tica del Congo\u00a0\u2014\u00a0Decenas de personas que trabajan en el principal centro de tratamiento del \u00e9bola en el noreste de la Rep\u00fablica Democr\u00e1tica del Congo se declararon en huelga el lunes por el impago de salarios y bonificaciones.<\/p>\n<p>La Rep\u00fablica Democr\u00e1tica del Congo ha estado combatiendo desde mayo una nueva oleada de casos del virus, y los Centros para el Control y la Prevenci\u00f3n de Enfermedades de \u00c1frica informaron la semana pasada que el brote de \u00e9bola actual ya es el de mayor crecimiento registrado en el continente.<\/p>\n<p>El personal en huelga del Hospital General de Rwampara, en la provincia de Ituri, incluye epidemi\u00f3logos, investigadores de casos, conductores y sepultureros, quienes aseguran que las autoridades congole\u00f1as no les han pagado.<\/p>\n<p>El hospital fue cerrado por el personal que protestaba y que bloque\u00f3 la carretera que conduce al centro m\u00e9dico.<\/p>\n<p>Algunos trabajadores sanitarios del centro y otros que laboran en el lugar comenzaron la huelga la semana pasada, al acusar a las autoridades de no pagarles sus sueldos desde que el brote comenz\u00f3.<\/p>\n<p>\u201cNo sabemos c\u00f3mo es posible no haber cobrado durante dos meses. No queremos abandonar el trabajo\u201d, dijo Bahati Claude, trabajador sanitario en la zona de salud de Rwampara, a The Associated Press.<\/p>\n<p>Las autoridades congole\u00f1as declararon un nuevo brote de \u00e9bola el 15 de mayo, despu\u00e9s que la enfermedad se hubiera estado transmitiendo durante semanas sin detecci\u00f3n oficial, seg\u00fan la Organizaci\u00f3n Mundial de la Salud (OMS). El brote m\u00e1s reciente est\u00e1 causado por el raro virus Bundibugyo, que no tiene una vacuna ni un tratamiento aprobados.<\/p>\n<p>Durante una visita a Ituri la semana pasada, el ministro de Salud congole\u00f1o, Roger Kamba, afirm\u00f3 que el gobierno est\u00e1 verificando una lista de quienes trabajan para controlar el brote, ya que se han a\u00f1adido algunos nombres no relacionados a la n\u00f3mina.<\/p>\n<p>\u201cDebemos asegurarnos de que estos pagos lleguen a las personas correctas\u201d, subray\u00f3 Kamba. \u201cHemos afrontado algunos desaf\u00edos, en particular cambios en las listas, que han derivado en quejas de personas que dicen que no se les est\u00e1 pagando aunque est\u00e1n trabajando. Tenemos los medios para resolver esto\u201d.<\/p>\n<p>Hasta ahora hay 1.926 casos confirmados en el pa\u00eds, incluidos 702 fallecimientos, seg\u00fan las autoridades congole\u00f1as.<\/p>\n<p>Por su parte, el director general de la OMS, Tedros Adhanom Ghebreyesus, public\u00f3 el lunes en X que un segundo ciudadano estadounidense, un trabajador humanitario en el este del Congo que hab\u00eda contra\u00eddo \u00e9bola, fue trasladado a Alemania. El primer estadounidense que dio positivo al virus fue un m\u00e9dico que trabajaba en el Congo durante las primeras semanas del brote.<\/p>\n","protected":false},"excerpt":{"rendered":"RWAMPARA, Rep\u00fablica Democr\u00e1tica del Congo\u00a0\u2014\u00a0Decenas de personas que trabajan en el principal centro de tratamiento del \u00e9bola en&hellip;\n","protected":false},"author":2,"featured_media":657044,"comment_status":"","ping_status":"","sticky":false,"template":"","format":"standard","meta":{"footnotes":""},"categories":[92],"tags":[5806,11335,6985,245,9758,120230,34141,25,24,165,13181,5101,3638,29544,166,773,23,11791,1064],"class_list":["post-657043","post","type-post","status-publish","format-standard","has-post-thumbnail","category-salud","tag-autoridad","tag-brote","tag-caso","tag-centro","tag-congo","tag-congolena","tag-ebola","tag-es","tag-espana","tag-health","tag-huelga","tag-pasado","tag-persona","tag-salarial","tag-salud","tag-semana","tag-spain","tag-trabajador","tag-tratamiento"],"share_on_mastodon":{"url":"https:\/\/pubeurope.com\/@es\/116916034564708181","error":""},"_links":{"self":[{"href":"https:\/\/www.europesays.com\/es\/wp-json\/wp\/v2\/posts\/657043","targetHints":{"allow":["GET"]}}],"collection":[{"href":"https:\/\/www.europesays.com\/es\/wp-json\/wp\/v2\/posts"}],"about":[{"href":"https:\/\/www.europesays.com\/es\/wp-json\/wp\/v2\/types\/post"}],"author":[{"embeddable":true,"href":"https:\/\/www.europesays.com\/es\/wp-json\/wp\/v2\/users\/2"}],"replies":[{"embeddable":true,"href":"https:\/\/www.europesays.com\/es\/wp-json\/wp\/v2\/comments?post=657043"}],"version-history":[{"count":0,"href":"https:\/\/www.europesays.com\/es\/wp-json\/wp\/v2\/posts\/657043\/revisions"}],"wp:featuredmedia":[{"embeddable":true,"href":"https:\/\/www.europesays.com\/es\/wp-json\/wp\/v2\/media\/657044"}],"wp:attachment":[{"href":"https:\/\/www.europesays.com\/es\/wp-json\/wp\/v2\/media?parent=657043"}],"wp:term":[{"taxonomy":"category","embeddable":true,"href":"https:\/\/www.europesays.com\/es\/wp-json\/wp\/v2\/categories?post=657043"},{"taxonomy":"post_tag","embeddable":true,"href":"https:\/\/www.europesays.com\/es\/wp-json\/wp\/v2\/tags?post=657043"}],"curies":[{"name":"wp","href":"https:\/\/api.w.org\/{rel}","templated":true}]}}