{"id":657075,"date":"2026-07-14T03:11:21","date_gmt":"2026-07-14T03:11:21","guid":{"rendered":"https:\/\/www.europesays.com\/es\/657075\/"},"modified":"2026-07-14T03:11:21","modified_gmt":"2026-07-14T03:11:21","slug":"vox-arranca-con-su-programa-xenofobo-contra-los-menores-migrantes-en-castilla-y-leon-y-ya-ha-pedido-26-pruebas-de-verificacion-de-edad","status":"publish","type":"post","link":"https:\/\/www.europesays.com\/es\/657075\/","title":{"rendered":"Vox arranca con su programa xen\u00f3fobo contra los menores migrantes en Castilla y Le\u00f3n y ya ha pedido 26 pruebas de verificaci\u00f3n de edad"},"content":{"rendered":"<p class=\"article-text\">\n        El vicepresidente primero de la Junta y consejero de Desregulaci\u00f3n, Familia y Ayudas Sociales, Carlos Poll\u00e1n (Vox), ha presentado este lunes el programa de su consejer\u00eda y ha arrancado con la pol\u00edtica xen\u00f3foba de Vox contra los migrantes, su intenci\u00f3n es repatriar y retornar a los menores no acompa\u00f1ados, por lo que se dar\u00e1 \u201cprioridad\u201d en la cooperaci\u00f3n internacional a aquellos pa\u00edses que colaboren con Castilla y Le\u00f3n.\n    <\/p>\n<p class=\"article-text\">\n        Poll\u00e1n ha revelado adem\u00e1s que la Junta ya ha \u201cabierto\u201d 26 procedimientos de verificaci\u00f3n de edad y ha defendido extender este tr\u00e1mite a todos los menores extranjeros tutelados, en la Comunidad, 190, para evitar \u201cfraudes y colapso de los servicios\u201d. As\u00ed, el gobierno auton\u00f3mico, que no tiene competencias en extranjer\u00eda y por lo tanto no puede decidir esa verificaci\u00f3n, se ha dirigido a la Fiscal\u00eda para que lo haga. La tentativa, sin embargo, puede que no pase de ah\u00ed. Ya hay un precedente en Zaragoza, con gobierno PP-Vox, y donde el fiscal de menores se ha negado a verificar la edad de los menores a petici\u00f3n del gobierno aragon\u00e9s, seg\u00fan advierten fuentes de la Fiscal\u00eda. \u201cEs el fiscal de menores el que determina la edad y el que puede ordenar hacer pruebas, no un gobierno auton\u00f3mico\u201d, insisten. \u201cUna vez determinada la minor\u00eda y  s\u00f3lo si aparecen nuevas pruebas concluyentes  como documentaci\u00f3n, por ejemplo, se puede revisar el primer decreto que determin\u00f3 la minor\u00eda\u201d, explican.\n    <\/p>\n<p>    Poll\u00e1n sobre los menores: \u201cNo entiendo cu\u00e1l es el problema de que sepamos la edad de esa gente\u201d<\/p>\n<p class=\"article-text\">\n        Muchos de los menores que llegan a Espa\u00f1a vienen con la edad determinada por documentaci\u00f3n, pero en el caso de que no lo est\u00e9 y siempre que existan dudas, ya que en algunos casos la minor\u00eda de edad es evidente f\u00edsicamente, se hace la prueba pero \u201csolo si es el \u00fanico medio posible\u201d. En Castilla y Le\u00f3n hasta hace poco, se hac\u00edan pocas verificaciones, ahora han subido algo por el reparto que se hace para evitar que otras CCAA asuman la mayor\u00eda de la migraci\u00f3n, pero el fiscal de menores act\u00faa \u201csiempre en inter\u00e9s del menor\u201d y \u201cse trata de inmiscuirse lo m\u00ednimo posible en su privacidad\u201d.\n    <\/p>\n<p class=\"article-text\">\n        Aunque la oposici\u00f3n ha afeado a Poll\u00e1n su intenci\u00f3n de que se verifique a todos los menores, no ha rebajado el discurso. \u201cNo entiendo cu\u00e1l es el problema de que sepamos la edad de esa gente\u201d, ha llegado a decir. \u201cTienen entre 14 y 17 a\u00f1os, no son ni\u00f1os y ni\u00f1as sino adolescentes\u201d, ha insistido mientras se refer\u00eda a los menores como \u201cmenas\u201d y \u201cesa gente\u201d. Adem\u00e1s ha intentado disfrazar con cifras la necesidad de hacer las pruebas de edad porque \u201cen Arag\u00f3n casi el 80% de las pruebas que se han hecho han determiado que no eran menores\u201d. Carlos Poll\u00e1n ha olvidado precisar que esas pruebas no se han hecho a todos los menores sino a aquellos sobre los que hab\u00eda una duda razonable.\n    <\/p>\n<p class=\"article-text\">\n        En cualquier caso, ha avanzado que la Junta de Castilla y Le\u00f3n \u201crechazar\u00e1 de forma expresa la pol\u00edtica de inmigraci\u00f3n del Gobierno de S\u00e1nchez y se opondr\u00e1 por todos los medios legales, pol\u00edticos y jur\u00eddicos a cualquier mecanismo de reparto de inmigrantes ilegales, tanto mayores como menores de edad\u201d. As\u00ed, ha afirmado que no participar\u00e1 \u201cen ning\u00fan caso en reformas normativas ni acuerdos presupuestarios destinados a facilitar, financiar o consolidar su entrada, acogida o permanencia en Castilla y Le\u00f3n\u201d.\n    <\/p>\n<p class=\"article-text\">\n        \u201cA menos de un mes de la formaci\u00f3n del nuevo Ejecutivo, ya estamos cumpliendo con la palabra dada de oponernos frontalmente a la pol\u00edtica de inmigraci\u00f3n del Gobierno de S\u00e1nchez\u201d, ha presumido. Ha recordado que el pasado 1 de julio el Gobierno central convoc\u00f3 una reuni\u00f3n de la Comisi\u00f3n Sectorial de Infancia y Adolescencia y que \u00e9l \u201ccomo vicepresidente primero y consejero de Desregulaci\u00f3n, Familia y Ayudas Sociales\u201d se neg\u00f3 a asistir. Lo mismo hicieron sus hom\u00f3logos en  Extremadura y Arag\u00f3n. \u201cFue nuestra manera de denunciar la nueva imposici\u00f3n de S\u00e1nchez en materia de reparto de menores extranjeros no acompa\u00f1ados\u201d, ha comentado. Entre los asuntos incluidos en el orden del d\u00eda de la reuni\u00f3n, figuraba la propuesta de distribuci\u00f3n territorial de 35 millones de euros para la atenci\u00f3n de menores extranjeros no acompa\u00f1ados durante 2026.\n    <\/p>\n<p class=\"article-text\">\n        No queda ah\u00ed. La Junta de Castilla y Le\u00f3n va a recurrir el Real Decreto 556\/2026 de 30 de junio por el que se aprueba la capacidad ordinaria del sistema de protecci\u00f3n y tutela de personas menores de edad extranjeras no acompa\u00f1adas y que asigna a Castilla y Le\u00f3n una capacidad de 833 menores. \u201cUna vez m\u00e1s, S\u00e1nchez act\u00faa de forma unilateral, sin el acuerdo un\u00e1nime de todas las comunidades, sin respetar las competencias que corresponden a cada una en materia de protecci\u00f3n de menores y disfrazando de humanitarismo lo que no es m\u00e1s que puro c\u00e1lculo pol\u00edtico\u201d, ha dicho. Para Poll\u00e1n, el incremento que se ha asignado a Castilla y Le\u00f3n \u201ccarece de una justificaci\u00f3n objetiva\u201d porque la poblaci\u00f3n ha crecido un 0,72 % entre agosto de 2025 y mayo de 2026, pero el n\u00famero de menores asignados aumenta un 6,38 %, pasando de 783 a 833. Para Poll\u00e1n existe desproporci\u00f3n en los criterios aplicados.\n    <\/p>\n<p class=\"article-text\">\n        Respecto al pacto de gobierno que firmaron PP y Vox en Castilla y Le\u00f3n el pasado 3 de junio, ha insistido en que se trabajar\u00e1 \u201cpor devolver a los menores no acompa\u00f1ados a sus pa\u00edses de origen\u201d. La f\u00f3rmula pasa por promover acuerdos con los pa\u00edses de origen, que faciliten y agilicen las repatriaciones y retornos efectivos de los menores con sus padres. Seg\u00fan el consejero, les ampara el art\u00edculo  35.2 de la Ley Org\u00e1nica 4\/2000, de 11 de enero, sobre derechos y libertades de los extranjeros en Espa\u00f1a y su integraci\u00f3n social.\n    <\/p>\n<p>    Suprimir subvenciones a oeneg\u00e9s y no aumentar plazas de acogida<\/p>\n<p class=\"article-text\">\n        Tambi\u00e9n pasa ese objetivo de retornar a menores por suprimir \u201ctodas las subvenciones, ayudas, convenios y conciertos con oeneg\u00e9s u otras entidades que participen directa o indirectamente en la promoci\u00f3n, facilitaci\u00f3n o sostenimiento de la inmigraci\u00f3n ilegal, o que act\u00faen como cooperadores necesarios de las mafias de tr\u00e1fico de personas\u201d. Seg\u00fan \u00e9l, subvencionar oeneg\u00e9s es \u201cfomentar el efecto llamada\u201d. Y para controlar las subvenciones, Poll\u00e1n ha anunciado una \u201cauditor\u00eda anual de todos los gastos vinculados a inmigraci\u00f3n ilegal\u201d para \u201creducirlos al m\u00ednimo imprescindible para el cumplimiento del marco legal vigente\u201d.\n    <\/p>\n<p>    <a href=\"https:\/\/www.eldiario.es\/aragon\/politica\/pruebas-forenses-ninas-nueve-anos-vox-inflama-aragon-lucha-menores-migrantes-placet-pp_1_13272515.html\" data-mrf-recirculation=\"saber-mas-abajo\" data-dl-event=\"saber-mas-abajo\" rel=\"nofollow noopener\" target=\"_blank\"><\/p>\n<p class=\"know-more__title\">Pruebas forenses a ni\u00f1as de nueve a\u00f1os: Vox inflama en Arag\u00f3n su lucha contra los menores migrantes con el pl\u00e1cet del PP<\/p>\n<p>            <img decoding=\"async\" class=\"lazy\" loading=\"lazy\" data-src=\"https:\/\/static.eldiario.es\/clip\/7636abb6-d81b-43e4-907e-83a470c4a7e2_16-9-aspect-ratio_default_0_x965y594.jpg\" src=\"data:image\/svg+xml,%3Csvg xmlns=\" http:=\"\" viewbox=\"0 0 880 495\" alt=\"Pruebas forenses a ni\u00f1as de nueve a\u00f1os: Vox inflama en Arag\u00f3n su lucha contra los menores migrantes con el pl\u00e1cet del PP\"\/><\/p>\n<p>                        <\/a><\/p>\n<p class=\"article-text\">\n        Durante la legislatura, ha avanzado, la Junta no habilitar\u00e1 nuevos centros de acogida de \u201cinmigrantes ilegales\u201d ni se ampliar\u00e1n plazas en los existentes. \u201cReforzaremos los protocolos de intervenci\u00f3n y disciplina en los centros de menores, as\u00ed como de la seguridad de los trabajadores\u201d, ha manifestado en un evidente intento de criminalizar a los menores extranjeros. \u201cExigiremos al Gobierno de Espa\u00f1a la adaptaci\u00f3n, de forma inmediata, del nuevo Reglamento Europeo de Retornos aprobado por el Parlamento Europeo en marzo de este a\u00f1o, orientado a endurecer la pol\u00edtica migratoria\u201d, ha a\u00f1adido.\n    <\/p>\n","protected":false},"excerpt":{"rendered":"El vicepresidente primero de la Junta y consejero de Desregulaci\u00f3n, Familia y Ayudas Sociales, Carlos Poll\u00e1n (Vox), ha&hellip;\n","protected":false},"author":2,"featured_media":657076,"comment_status":"","ping_status":"","sticky":false,"template":"","format":"standard","meta":{"footnotes":""},"categories":[8],"tags":[13238,5881,17,18,4107,1387,25,24,13,14,11,19,20,4108,1567,890,9,10,15,16,12204,2145,677,23,12,21,22,28930,624,10865],"class_list":["post-657075","post","type-post","status-publish","format-standard","has-post-thumbnail","category-espana","tag-13238","tag-arranca","tag-breaking-news","tag-breakingnews","tag-castilla","tag-edad","tag-es","tag-espana","tag-featured-news","tag-featurednews","tag-headlines","tag-latest-news","tag-latestnews","tag-leon","tag-menores","tag-migrantes","tag-news","tag-noticias","tag-noticias-destacadas","tag-noticiasdestacadas","tag-pedido","tag-programa","tag-pruebas","tag-spain","tag-titulares","tag-ultimas-noticias","tag-ultimasnoticias","tag-verificacion","tag-vox","tag-xenofobo"],"share_on_mastodon":{"url":"https:\/\/pubeurope.com\/@es\/116916144423697251","error":""},"_links":{"self":[{"href":"https:\/\/www.europesays.com\/es\/wp-json\/wp\/v2\/posts\/657075","targetHints":{"allow":["GET"]}}],"collection":[{"href":"https:\/\/www.europesays.com\/es\/wp-json\/wp\/v2\/posts"}],"about":[{"href":"https:\/\/www.europesays.com\/es\/wp-json\/wp\/v2\/types\/post"}],"author":[{"embeddable":true,"href":"https:\/\/www.europesays.com\/es\/wp-json\/wp\/v2\/users\/2"}],"replies":[{"embeddable":true,"href":"https:\/\/www.europesays.com\/es\/wp-json\/wp\/v2\/comments?post=657075"}],"version-history":[{"count":0,"href":"https:\/\/www.europesays.com\/es\/wp-json\/wp\/v2\/posts\/657075\/revisions"}],"wp:featuredmedia":[{"embeddable":true,"href":"https:\/\/www.europesays.com\/es\/wp-json\/wp\/v2\/media\/657076"}],"wp:attachment":[{"href":"https:\/\/www.europesays.com\/es\/wp-json\/wp\/v2\/media?parent=657075"}],"wp:term":[{"taxonomy":"category","embeddable":true,"href":"https:\/\/www.europesays.com\/es\/wp-json\/wp\/v2\/categories?post=657075"},{"taxonomy":"post_tag","embeddable":true,"href":"https:\/\/www.europesays.com\/es\/wp-json\/wp\/v2\/tags?post=657075"}],"curies":[{"name":"wp","href":"https:\/\/api.w.org\/{rel}","templated":true}]}}